{"id":26376,"date":"2020-06-04T14:09:33","date_gmt":"2020-06-04T19:09:33","guid":{"rendered":"https:\/\/www.edugestores.pe\/?p=26376"},"modified":"2020-06-08T08:50:18","modified_gmt":"2020-06-08T13:50:18","slug":"huancavelica-escolares-suben-a-los-cerros-para-recibir-clases-virtuales","status":"publish","type":"post","link":"https:\/\/www.edugestores.pe\/?p=26376","title":{"rendered":"Huancavelica: Escolares suben a los cerros para recibir clases virtuales"},"content":{"rendered":"<p class=\"story-content__font--secondary mb-25 title-xs line-h-md mt-20 secondary-font pr-20\" style=\"text-align: justify;\">El alcalde de Andabamba, Jhony Arotoma Murillos, dio su manifiesto sobre las pruebas r\u00e1pidas en relaci\u00f3n a que la poblaci\u00f3n no quiere realizar los tamizajes del COVID-19.<\/p>\n<p class=\"story-content__font--secondary mb-25 title-xs line-h-md mt-20 secondary-font pr-20\" style=\"text-align: justify;\">Asimismo, dio a conocer la realidad de la educaci\u00f3n de los escolares del distrito, afirmando que m\u00e1s del 60% tiene dificultades en recibir clases debido a problemas con la se\u00f1al de internet y que incluso los escolares deben ir a los cerros para poder aprender de las clases impartidas a trav\u00e9s de radio.<\/p>\n<p class=\"story-content__font--secondary mb-25 title-xs line-h-md mt-20 secondary-font pr-20\" style=\"text-align: justify;\"><strong>CLASES VIRTUALES<\/strong><\/p>\n<p class=\"story-content__font--secondary mb-25 title-xs line-h-md mt-20 secondary-font pr-20\" style=\"text-align: justify;\">Asimismo, el alcalde explic\u00f3 que el sector educaci\u00f3n es cr\u00edtico en Andabamba. \u201cEn algunos centros poblados no hay se\u00f1al de internet, no tenemos se\u00f1al de Movistar en su totalidad, solo tenemos en una parte se\u00f1al de Bitel, y hay poca se\u00f1al de Entel; entonces, en definitiva, estamos en un caso cr\u00edtico en relaci\u00f3n a las clases virtuales; asimismo, las cuatro radios que est\u00e1 contratando la UGEL solo est\u00e1 coberturando el 20% del distrito\u201d, inform\u00f3 el acalde.<\/p>\n<div id=\"gpt_caja4\" class=\"flex justify-center\" style=\"text-align: justify;\">Agreg\u00f3: \u201cNos piden aislamiento, pero con esta realidad, los escolares tienen que ir al cerro para tener sus clases. Tienen que subir a la loma y alzar el celular. Se puede decir que m\u00e1s del 60% de los escolares del distrito no recibe clases de forma adecuada, esta es la cruda realidad\u201d.<\/div>\n<p class=\"story-content__font--secondary mb-25 title-xs line-h-md mt-20 secondary-font pr-20\" style=\"text-align: justify;\">Inform\u00f3 que envi\u00f3 documentos a los ministerios de Educaci\u00f3n y de Transportes para dar soluci\u00f3n a esto, y que espera el apoyo de los congresistas.<\/p>\n<div id=\"gpt_caja5\" class=\"flex justify-center\" style=\"text-align: justify;\">Cabe se\u00f1alar que el \u00faltimo a\u00f1o de la radio municipal en Andabamba fue en el 2016 y ten\u00eda m\u00e1s del 85% de cobertura, por lo que el alcalde est\u00e1 solicitando su reactivaci\u00f3n.<\/div>\n<div class=\"flex justify-center\" style=\"text-align: justify;\"><\/div>\n<div class=\"flex justify-center\" style=\"text-align: justify;\"><strong>PRUEBAS DE COVID-19<\/strong><\/div>\n<p class=\"story-content__font--secondary mb-25 title-xs line-h-md mt-20 secondary-font pr-20\" style=\"text-align: justify;\">Arotoma afirm\u00f3 que el caso no es de toda la poblaci\u00f3n, sino que es de la comunidad de Mayunmarca, debido a que tienen dudas sobre las pruebas r\u00e1pidas.<\/p>\n<p class=\"story-content__font--secondary mb-25 title-xs line-h-md mt-20 secondary-font pr-20\" style=\"text-align: justify;\">\u201cPrimero tengo que aclarar que yo no estoy en contra de las pruebas r\u00e1pidas. Lo que sucede es que personas llegaron a Mayunmarca afirmando ser personal de salud, y la poblaci\u00f3n un poco que se incomod\u00f3 debido a que las personas no se identificaron\u201d, dijo el burgomaestre.<\/p>\n<p class=\"story-content__font--secondary mb-25 title-xs line-h-md mt-20 secondary-font pr-20\" style=\"text-align: justify;\">Agreg\u00f3: \u201cDe las pruebas r\u00e1pidas salieron ocho confirmados, y este resultado se dio a conocer luego que las personas cumplieran el aislamiento social obligatorio, quienes, al no mostrar s\u00edntomas, se fueron a sus casas. Es por esto que la poblaci\u00f3n duda de las pruebas. Como autoridad estoy de mediador entre el sector salud y la poblaci\u00f3n, y se exhorta a la red de salud tener mayor comunicaci\u00f3n\u201d.<\/p>\n<p class=\"story-content__font--secondary mb-25 title-xs line-h-md mt-20 secondary-font pr-20\" style=\"text-align: justify;\">Tomado de Correo<\/p>\n","protected":false},"excerpt":{"rendered":"<p>El alcalde de Andabamba, Jhony Arotoma Murillos, dio su manifiesto sobre las pruebas r\u00e1pidas en relaci\u00f3n a que la poblaci\u00f3n [&hellip;]<\/p>\n","protected":false},"author":63,"featured_media":26377,"comment_status":"open","ping_status":"open","sticky":false,"template":"","format":"standard","meta":{"spay_email":""},"categories":[125],"tags":[],"yoast_head":"<!-- This site is optimized with the Yoast SEO plugin v18.0 - https:\/\/yoast.com\/wordpress\/plugins\/seo\/ -->\n<title>Huancavelica: Escolares suben a los cerros para recibir clases virtuales - Red Peruana de Gestores de la Educaci\u00f3n<\/title>\n<meta name=\"robots\" content=\"index, follow, max-snippet:-1, max-image-preview:large, max-video-preview:-1\" \/>\n<link rel=\"canonical\" href=\"https:\/\/www.edugestores.pe\/?p=26376\" \/>\n<meta property=\"og:locale\" content=\"es_ES\" \/>\n<meta property=\"og:type\" content=\"article\" \/>\n<meta property=\"og:title\" content=\"Huancavelica: Escolares suben a los cerros para recibir clases virtuales - Red Peruana de Gestores de la Educaci\u00f3n\" \/>\n<meta property=\"og:description\" content=\"El alcalde de Andabamba, Jhony Arotoma Murillos, dio su manifiesto sobre las pruebas r\u00e1pidas en relaci\u00f3n a que la poblaci\u00f3n [&hellip;]\" \/>\n<meta property=\"og:url\" content=\"https:\/\/www.edugestores.pe\/?p=26376\" \/>\n<meta property=\"og:site_name\" content=\"Red Peruana de Gestores de la Educaci\u00f3n\" \/>\n<meta property=\"article:published_time\" content=\"2020-06-04T19:09:33+00:00\" \/>\n<meta property=\"article:modified_time\" content=\"2020-06-08T13:50:18+00:00\" \/>\n<meta property=\"og:image\" content=\"https:\/\/www.edugestores.pe\/wp-content\/uploads\/2020\/06\/ZRCSV5VQRFFRLLHAG5ALD7XOKY.jpg\" \/>\n\t<meta property=\"og:image:width\" content=\"980\" \/>\n\t<meta property=\"og:image:height\" content=\"528\" \/>\n\t<meta property=\"og:image:type\" content=\"image\/jpeg\" \/>\n<meta name=\"twitter:card\" content=\"summary_large_image\" \/>\n<meta name=\"twitter:label1\" content=\"Escrito por\" \/>\n\t<meta name=\"twitter:data1\" content=\"Administrador\" \/>\n\t<meta name=\"twitter:label2\" content=\"Tiempo de lectura\" \/>\n\t<meta name=\"twitter:data2\" content=\"2 minutos\" \/>\n<script type=\"application\/ld+json\" class=\"yoast-schema-graph\">{\"@context\":\"https:\/\/schema.org\",\"@graph\":[{\"@type\":\"WebSite\",\"@id\":\"https:\/\/www.edugestores.pe\/#website\",\"url\":\"https:\/\/www.edugestores.pe\/\",\"name\":\"Red Peruana de Gestores de la Educaci\u00f3n\",\"description\":\"Red Peruana de Gestores de la Educaci\u00f3n\",\"potentialAction\":[{\"@type\":\"SearchAction\",\"target\":{\"@type\":\"EntryPoint\",\"urlTemplate\":\"https:\/\/www.edugestores.pe\/?s={search_term_string}\"},\"query-input\":\"required name=search_term_string\"}],\"inLanguage\":\"es\"},{\"@type\":\"ImageObject\",\"@id\":\"https:\/\/www.edugestores.pe\/?p=26376#primaryimage\",\"inLanguage\":\"es\",\"url\":\"https:\/\/www.edugestores.pe\/wp-content\/uploads\/2020\/06\/ZRCSV5VQRFFRLLHAG5ALD7XOKY.jpg\",\"contentUrl\":\"https:\/\/www.edugestores.pe\/wp-content\/uploads\/2020\/06\/ZRCSV5VQRFFRLLHAG5ALD7XOKY.jpg\",\"width\":980,\"height\":528},{\"@type\":\"WebPage\",\"@id\":\"https:\/\/www.edugestores.pe\/?p=26376#webpage\",\"url\":\"https:\/\/www.edugestores.pe\/?p=26376\",\"name\":\"Huancavelica: Escolares suben a los cerros para recibir clases virtuales - Red Peruana de Gestores de la Educaci\u00f3n\",\"isPartOf\":{\"@id\":\"https:\/\/www.edugestores.pe\/#website\"},\"primaryImageOfPage\":{\"@id\":\"https:\/\/www.edugestores.pe\/?p=26376#primaryimage\"},\"datePublished\":\"2020-06-04T19:09:33+00:00\",\"dateModified\":\"2020-06-08T13:50:18+00:00\",\"author\":{\"@id\":\"https:\/\/www.edugestores.pe\/#\/schema\/person\/30dc82f35f5853289037a64b35c7c7d3\"},\"breadcrumb\":{\"@id\":\"https:\/\/www.edugestores.pe\/?p=26376#breadcrumb\"},\"inLanguage\":\"es\",\"potentialAction\":[{\"@type\":\"ReadAction\",\"target\":[\"https:\/\/www.edugestores.pe\/?p=26376\"]}]},{\"@type\":\"BreadcrumbList\",\"@id\":\"https:\/\/www.edugestores.pe\/?p=26376#breadcrumb\",\"itemListElement\":[{\"@type\":\"ListItem\",\"position\":1,\"name\":\"Portada\",\"item\":\"https:\/\/www.edugestores.pe\/\"},{\"@type\":\"ListItem\",\"position\":2,\"name\":\"Huancavelica: Escolares suben a los cerros para recibir clases virtuales\"}]},{\"@type\":\"Person\",\"@id\":\"https:\/\/www.edugestores.pe\/#\/schema\/person\/30dc82f35f5853289037a64b35c7c7d3\",\"name\":\"Administrador\",\"image\":{\"@type\":\"ImageObject\",\"@id\":\"https:\/\/www.edugestores.pe\/#personlogo\",\"inLanguage\":\"es\",\"url\":\"https:\/\/secure.gravatar.com\/avatar\/70960d1239c4d2c778bb3d2786a3c1ae?s=96&d=mm&r=g\",\"contentUrl\":\"https:\/\/secure.gravatar.com\/avatar\/70960d1239c4d2c778bb3d2786a3c1ae?s=96&d=mm&r=g\",\"caption\":\"Administrador\"},\"url\":\"https:\/\/www.edugestores.pe\/?author=63\"}]}<\/script>\n<!-- \/ Yoast SEO plugin. -->","yoast_head_json":{"title":"Huancavelica: Escolares suben a los cerros para recibir clases virtuales - Red Peruana de Gestores de la Educaci\u00f3n","robots":{"index":"index","follow":"follow","max-snippet":"max-snippet:-1","max-image-preview":"max-image-preview:large","max-video-preview":"max-video-preview:-1"},"canonical":"https:\/\/www.edugestores.pe\/?p=26376","og_locale":"es_ES","og_type":"article","og_title":"Huancavelica: Escolares suben a los cerros para recibir clases virtuales - Red Peruana de Gestores de la Educaci\u00f3n","og_description":"El alcalde de Andabamba, Jhony Arotoma Murillos, dio su manifiesto sobre las pruebas r\u00e1pidas en relaci\u00f3n a que la poblaci\u00f3n [&hellip;]","og_url":"https:\/\/www.edugestores.pe\/?p=26376","og_site_name":"Red Peruana de Gestores de la Educaci\u00f3n","article_published_time":"2020-06-04T19:09:33+00:00","article_modified_time":"2020-06-08T13:50:18+00:00","og_image":[{"width":980,"height":528,"url":"https:\/\/www.edugestores.pe\/wp-content\/uploads\/2020\/06\/ZRCSV5VQRFFRLLHAG5ALD7XOKY.jpg","type":"image\/jpeg"}],"twitter_card":"summary_large_image","twitter_misc":{"Escrito por":"Administrador","Tiempo de lectura":"2 minutos"},"schema":{"@context":"https:\/\/schema.org","@graph":[{"@type":"WebSite","@id":"https:\/\/www.edugestores.pe\/#website","url":"https:\/\/www.edugestores.pe\/","name":"Red Peruana de Gestores de la Educaci\u00f3n","description":"Red Peruana de Gestores de la Educaci\u00f3n","potentialAction":[{"@type":"SearchAction","target":{"@type":"EntryPoint","urlTemplate":"https:\/\/www.edugestores.pe\/?s={search_term_string}"},"query-input":"required name=search_term_string"}],"inLanguage":"es"},{"@type":"ImageObject","@id":"https:\/\/www.edugestores.pe\/?p=26376#primaryimage","inLanguage":"es","url":"https:\/\/www.edugestores.pe\/wp-content\/uploads\/2020\/06\/ZRCSV5VQRFFRLLHAG5ALD7XOKY.jpg","contentUrl":"https:\/\/www.edugestores.pe\/wp-content\/uploads\/2020\/06\/ZRCSV5VQRFFRLLHAG5ALD7XOKY.jpg","width":980,"height":528},{"@type":"WebPage","@id":"https:\/\/www.edugestores.pe\/?p=26376#webpage","url":"https:\/\/www.edugestores.pe\/?p=26376","name":"Huancavelica: Escolares suben a los cerros para recibir clases virtuales - Red Peruana de Gestores de la Educaci\u00f3n","isPartOf":{"@id":"https:\/\/www.edugestores.pe\/#website"},"primaryImageOfPage":{"@id":"https:\/\/www.edugestores.pe\/?p=26376#primaryimage"},"datePublished":"2020-06-04T19:09:33+00:00","dateModified":"2020-06-08T13:50:18+00:00","author":{"@id":"https:\/\/www.edugestores.pe\/#\/schema\/person\/30dc82f35f5853289037a64b35c7c7d3"},"breadcrumb":{"@id":"https:\/\/www.edugestores.pe\/?p=26376#breadcrumb"},"inLanguage":"es","potentialAction":[{"@type":"ReadAction","target":["https:\/\/www.edugestores.pe\/?p=26376"]}]},{"@type":"BreadcrumbList","@id":"https:\/\/www.edugestores.pe\/?p=26376#breadcrumb","itemListElement":[{"@type":"ListItem","position":1,"name":"Portada","item":"https:\/\/www.edugestores.pe\/"},{"@type":"ListItem","position":2,"name":"Huancavelica: Escolares suben a los cerros para recibir clases virtuales"}]},{"@type":"Person","@id":"https:\/\/www.edugestores.pe\/#\/schema\/person\/30dc82f35f5853289037a64b35c7c7d3","name":"Administrador","image":{"@type":"ImageObject","@id":"https:\/\/www.edugestores.pe\/#personlogo","inLanguage":"es","url":"https:\/\/secure.gravatar.com\/avatar\/70960d1239c4d2c778bb3d2786a3c1ae?s=96&d=mm&r=g","contentUrl":"https:\/\/secure.gravatar.com\/avatar\/70960d1239c4d2c778bb3d2786a3c1ae?s=96&d=mm&r=g","caption":"Administrador"},"url":"https:\/\/www.edugestores.pe\/?author=63"}]}},"jetpack_featured_media_url":"https:\/\/www.edugestores.pe\/wp-content\/uploads\/2020\/06\/ZRCSV5VQRFFRLLHAG5ALD7XOKY.jpg","_links":{"self":[{"href":"https:\/\/www.edugestores.pe\/index.php?rest_route=\/wp\/v2\/posts\/26376"}],"collection":[{"href":"https:\/\/www.edugestores.pe\/index.php?rest_route=\/wp\/v2\/posts"}],"about":[{"href":"https:\/\/www.edugestores.pe\/index.php?rest_route=\/wp\/v2\/types\/post"}],"author":[{"embeddable":true,"href":"https:\/\/www.edugestores.pe\/index.php?rest_route=\/wp\/v2\/users\/63"}],"replies":[{"embeddable":true,"href":"https:\/\/www.edugestores.pe\/index.php?rest_route=%2Fwp%2Fv2%2Fcomments&post=26376"}],"version-history":[{"count":1,"href":"https:\/\/www.edugestores.pe\/index.php?rest_route=\/wp\/v2\/posts\/26376\/revisions"}],"predecessor-version":[{"id":26378,"href":"https:\/\/www.edugestores.pe\/index.php?rest_route=\/wp\/v2\/posts\/26376\/revisions\/26378"}],"wp:featuredmedia":[{"embeddable":true,"href":"https:\/\/www.edugestores.pe\/index.php?rest_route=\/wp\/v2\/media\/26377"}],"wp:attachment":[{"href":"https:\/\/www.edugestores.pe\/index.php?rest_route=%2Fwp%2Fv2%2Fmedia&parent=26376"}],"wp:term":[{"taxonomy":"category","embeddable":true,"href":"https:\/\/www.edugestores.pe\/index.php?rest_route=%2Fwp%2Fv2%2Fcategories&post=26376"},{"taxonomy":"post_tag","embeddable":true,"href":"https:\/\/www.edugestores.pe\/index.php?rest_route=%2Fwp%2Fv2%2Ftags&post=26376"}],"curies":[{"name":"wp","href":"https:\/\/api.w.org\/{rel}","templated":true}]}}