{"id":26386,"date":"2020-06-08T10:37:59","date_gmt":"2020-06-08T15:37:59","guid":{"rendered":"https:\/\/www.edugestores.pe\/?p=26386"},"modified":"2020-06-23T21:33:27","modified_gmt":"2020-06-24T02:33:27","slug":"patricia-salas-hoy-dia-los-maestros-estan-en-la-primera-linea-de-defensa-de-nuestro-futuro","status":"publish","type":"post","link":"https:\/\/www.edugestores.pe\/?p=26386","title":{"rendered":"Patricia Salas: &#8220;Hoy d\u00eda los maestros est\u00e1n en la primera l\u00ednea de defensa de nuestro futuro&#8221;"},"content":{"rendered":"<p style=\"text-align: justify;\"><strong>Entrevista de Omar Rosel<\/strong><\/p>\n<p style=\"text-align: justify;\"><em>La pandemia por el Covid-19 ha generado impactos profundos en la manera de impartir el servicio de educaci\u00f3n y realizar los procesos de ense\u00f1anza y aprendizaje. En este contexto, el gobierno ha implementado, como una respuesta de emergencia, el programa \u201cAprendo en Casa\u201d. Durante las \u00faltimas semanas se han reportado diferentes dificultades, especialmente por la brecha digital y el acceso a aparatos tecnol\u00f3gicos entre las familias de zonas urbanas y rurales. Para analizar esta situaci\u00f3n, Noticias SER convers\u00f3 con Patricia Salas O&#8217;Brien, ex Ministra de Educaci\u00f3n y Docente de la Universidad Nacional de San Agust\u00edn de Arequipa.<\/em><\/p>\n<p style=\"text-align: justify;\"><strong>Transcurridos dos meses de implementaci\u00f3n de \u201cAprendo en casa\u201d, \u00bfse puede afirmar que los estudiantes est\u00e1n logrando cumplir sus objetivos de aprendizaje?<\/strong><\/p>\n<p style=\"text-align: justify;\">Yo no hablar\u00eda de resultados en algo que tiene tan poco tiempo y se ha organizado con mucha celeridad. Creo que debemos poner en perspectiva la situaci\u00f3n actual y lo primero es comprender que estamos en una emergencia sanitaria donde lo primordial es la vida y la salud, y en esa direcci\u00f3n va el esfuerzo de las familias y el Estado. A m\u00ed me parece un acierto que el Ministerio de Educaci\u00f3n y el gobierno hayan decidido poner en marcha la educaci\u00f3n\u00a0escolar porque creo que m\u00e1s que nunca la poblaci\u00f3n necesita sentir que el Estado est\u00e1 ah\u00ed funcionando, a pesar de las dificultades. Este es un elemento muy importante, que si bien no es estrictamente educativo, puede ser educador y tambi\u00e9n forjador de ciudadan\u00eda. Por otro lado, me parece \u00fatil mantener funcionando el sistema educativo porque de todas maneras contribuye a estructurar el tiempo de los ni\u00f1os, ni\u00f1as, adolescentes y de las familias. Estructurar el tiempo en esta situaci\u00f3n donde todos estamos haciendo mucho trabajo remoto y donde se han desorganizado nuestros h\u00e1bitos tradicionales, es una fuente de estr\u00e9s y angustia. Como se ha dicho en varias oportunidades, la salud emocional est\u00e1 siendo severamente afectada por el confinamiento, pero tambi\u00e9n por el empobrecimiento y la precariedad econ\u00f3mica en la que se han visto inmersas las familias.<\/p>\n<p style=\"text-align: justify;\"><strong>Conociendo esas limitaciones \u00bfno cree que se puede hacer una evaluaci\u00f3n preliminar?<\/strong><\/p>\n<p style=\"text-align: justify;\">S\u00ed, en la l\u00f3gica de resultados de aprendizajes. Creo que, como pa\u00eds, debemos plantearnos serenamente qu\u00e9 vamos a hacer en todos los niveles, sabiendo que cualquier escenario es un escenario de aprendizaje y estar medianamente organizados puede potenciar varios aprendizajes. Por eso me parecen interesantes las discusiones que se est\u00e1n haciendo en el Ministerio de Educaci\u00f3n sobre c\u00f3mo se va a evaluar o si se debe o no evaluar a los estudiantes. Asimismo deben plantearse cosas como la promoci\u00f3n autom\u00e1tica, es decir que todos los chicos pasen de a\u00f1o s\u00ed o s\u00ed, y la posibilidad de que el a\u00f1o escolar 2020 se fusione con el a\u00f1o escolar 2021, lo que implica que los objetivos educativos de ambos a\u00f1os se cumplir\u00edan a finales del 2021. Si esa fuera la alternativa, no estar\u00edamos forz\u00e1ndonos de cumplir objetivos educativos el 2020 sino estar\u00edamos tomando en cuenta un ciclo largo. Entiendo que son soluciones que todav\u00eda no han terminado de consolidarse, pero son las discusiones que se est\u00e1n viendo y parte de las ideas que el Ministro de Educaci\u00f3n ha ido planteando a la ciudadan\u00eda.<\/p>\n<p style=\"text-align: justify;\"><strong>&#8220;Aprendo en Casa&#8221; es una respuesta en un escenario de emergencia \u00bfLe parece sostenible seguir con esta estrategia dados los niveles de hacinamiento en que viven miles de familias, que adem\u00e1s no tienen acceso ilimitado a internet, ni cuentan con equipos inform\u00e1ticos adecuados y en muchos otros casos ni siquiera disponen de servicio de electricidad?<\/strong><\/p>\n<p style=\"text-align: justify;\">Nosotros sabemos que nuestro sistema educativo en general es bastante desigual. Existen exclusiones horrorosas hist\u00f3ricas y para un observador m\u00ednimamente atento es claro que esta situaci\u00f3n va a provocar desigualdad. Las cifras muestran porcentajes de estudiantes o de hogares que no est\u00e1n siendo parte de ninguna de las plataformas porque no tienen acceso ni a la radio. Asimismo, se tiende a marcar una profundizaci\u00f3n de las diferencias culturales, porque es muy evidente la correlaci\u00f3n entre las diferencias de conectividad y las diferencias de los niveles socio-econ\u00f3micos. Otro aspecto que va a generar mayor desigualdad tiene que ver con elementos como la deserci\u00f3n, que es probable que crezca considerablemente. Por ejemplo, los adolescentes de sectores bajos y de lugares en donde hay mucha econom\u00eda autogenerada pueden tender a desanimarse de la escuela y salir a trabajar. En segundo lugar, va a haber un empobrecimiento que probablemente incremente los \u00edndices de trabajo adolescente e infantil con el consiguiente impacto en la disminuci\u00f3n del tiempo para ir a la escuela. Tercero, creo que es previsible tambi\u00e9n un aumento de ni\u00f1as que se quedar\u00e1n en casa haciendo labores de cuidado porque puede que\u00a0 haya m\u00e1s madres y padres o madres solteras que tengan que salir a trabajar o que tengan que trabajar m\u00e1s tiempo que antes. Y por \u00faltimo y m\u00e1s doloroso, es previsible un aumento del embarazo adolescente, ya sea por las relaciones entre pares o por situaciones de violencia o violaci\u00f3n.<\/p>\n<p style=\"text-align: justify;\"><strong>\u00bfSe encuentran los docentes preparados para enfrentar la situaci\u00f3n que describe, implementar \u201cAprendo en Casa\u201d y garantizar los objetivos educativos?<\/strong><\/p>\n<p style=\"text-align: justify;\">Todos estamos aprendiendo en el camino. La preparaci\u00f3n de los docentes tiene como caracter\u00edstica estructural que es muy heterog\u00e9nea y si bien en los \u00faltimos a\u00f1os ha ido mejorando el promedio, igual es bastamente diverso y desigual. Estamos hablando de 350 mil maestros y no es f\u00e1cil enfrentar la formaci\u00f3n de tantas personas. Las diferencias que hab\u00edan se han profundizado en algunos casos y en otros se han remontado. He visto reportes de maestros que est\u00e1n haciendo cosas extraordinarias y est\u00e1n aprendiendo sobre la marcha c\u00f3mo usar las plataformas digitales. Tambi\u00e9n es extraordinario el nivel de coordinaci\u00f3n entre maestros y padres, lo que da cuenta de otro tipo de aprendizaje que tal vez est\u00e9 ayudando mucho a los ni\u00f1os. Es cierto que los maestros tienen grandes d\u00e9ficits, pero tambi\u00e9n tienen miles de saberes y lo que es m\u00e1s importante en mi opini\u00f3n es c\u00f3mo se avanza como sociedad. El ministerio tiene la primera responsabilidad por supuesto, pero la sociedad tiene que comprarse el pleito para mantener la motivaci\u00f3n y ayudar a renovar la vocaci\u00f3n de los maestros. Hoy d\u00eda los maestros est\u00e1n en la primera l\u00ednea de defensa de nuestro futuro.<\/p>\n<p style=\"text-align: justify;\"><strong>\u00bf&#8221;Aprendo en casa&#8221; incorpora el enfoque intercultural? \u00bfC\u00f3mo se debe garantizar una educaci\u00f3n intercultural biling\u00fce en el actual contexto?<\/strong><\/p>\n<p style=\"text-align: justify;\">Existen dos elementos necesarios para garantizar el derecho a una educaci\u00f3n culturalmente pertinente. Lo primero es que hay una oferta educativa en lenguas ind\u00edgenas lo cual nos parece un esfuerzo realmente importante. No en todo hay d\u00e9ficit y si lo hubiera no es mayor al que ten\u00edamos antes de \u201cAprendo en Casa\u201d, donde existe un esfuerzo para incorporar una l\u00f3gica inclusiva y una l\u00f3gica intercultural biling\u00fce. En cuanto a los contenidos o la din\u00e1mica educativa, es coherente con una propuesta pedag\u00f3gica con pertinencia cultural al biling\u00fcismo que ya est\u00e1 asociada a lo que pueden hacer los maestros y las maestras. En realidad, todo lo que tiene que ver con lineamientos ya est\u00e1 estructurado en el sistema educativo peruano y es m\u00e1s, el Ministerio de Educaci\u00f3n ha avanzado en la educaci\u00f3n intercultural para todos, porque la interculturalidad es una forma de relacionarse con la sociedad. La interculturalidad no solamente es un saber cognitivo, t\u00e9cnico o pedag\u00f3gico, es tambi\u00e9n un modo de vida.<\/p>\n<p style=\"text-align: justify;\"><strong>\u00bfQu\u00e9 otras medidas se deben implementar para garantizar que los estudiantes reciban otros servicios del Estado como por ejemplo, la alimentaci\u00f3n?<\/strong><\/p>\n<p style=\"text-align: justify;\">Es un tema complicado, al igual que los textos escolares que se empezaron a repartir, pero luego se detuvo la distribuci\u00f3n para no exponer a los maestros a una posible situaci\u00f3n de contagio. Con Qali Warma pasa lo mismo. Yo me pondr\u00eda a pensar que lo mejor es redirigir todo el presupuesto al bono universal, porque finalmente Qali Warma es para ni\u00f1os de inicial y primer grado. Ser\u00eda m\u00e1s \u00fatil que junto a las municipalidades, el MIDIS y el MIMP se trabaje un sistema extendido que favorezca la organizaci\u00f3n vecinal y comunal para activar experiencias como los comedores populares y otros tipos de organizaci\u00f3n en poblaciones peque\u00f1as, para garantizar la alimentaci\u00f3n de todos y todas.<\/p>\n<p style=\"text-align: justify;\">Tomado de Noticias.Ser<\/p>\n<p>http:\/\/www.noticiasser.pe\/entrevista\/patricia-salas-hoy-dia-los-maestros-estan-en-la-primera-linea-de-defensa-de-nuestro<\/p>\n","protected":false},"excerpt":{"rendered":"<p>Entrevista de Omar Rosel La pandemia por el Covid-19 ha generado impactos profundos en la manera de impartir el servicio [&hellip;]<\/p>\n","protected":false},"author":63,"featured_media":26387,"comment_status":"open","ping_status":"open","sticky":false,"template":"","format":"standard","meta":{"spay_email":""},"categories":[125],"tags":[],"yoast_head":"<!-- This site is optimized with the Yoast SEO plugin v18.0 - https:\/\/yoast.com\/wordpress\/plugins\/seo\/ -->\n<title>Patricia Salas: &quot;Hoy d\u00eda los maestros est\u00e1n en la primera l\u00ednea de defensa de nuestro futuro&quot; - Red Peruana de Gestores de la Educaci\u00f3n<\/title>\n<meta name=\"robots\" content=\"index, follow, max-snippet:-1, max-image-preview:large, max-video-preview:-1\" \/>\n<link rel=\"canonical\" href=\"https:\/\/www.edugestores.pe\/?p=26386\" \/>\n<meta property=\"og:locale\" content=\"es_ES\" \/>\n<meta property=\"og:type\" content=\"article\" \/>\n<meta property=\"og:title\" content=\"Patricia Salas: &quot;Hoy d\u00eda los maestros est\u00e1n en la primera l\u00ednea de defensa de nuestro futuro&quot; - Red Peruana de Gestores de la Educaci\u00f3n\" \/>\n<meta property=\"og:description\" content=\"Entrevista de Omar Rosel La pandemia por el Covid-19 ha generado impactos profundos en la manera de impartir el servicio [&hellip;]\" \/>\n<meta property=\"og:url\" content=\"https:\/\/www.edugestores.pe\/?p=26386\" \/>\n<meta property=\"og:site_name\" content=\"Red Peruana de Gestores de la Educaci\u00f3n\" \/>\n<meta property=\"article:published_time\" content=\"2020-06-08T15:37:59+00:00\" \/>\n<meta property=\"article:modified_time\" content=\"2020-06-24T02:33:27+00:00\" \/>\n<meta property=\"og:image\" content=\"https:\/\/www.edugestores.pe\/wp-content\/uploads\/2020\/06\/Foto-Patricia-Salas.jpg\" \/>\n\t<meta property=\"og:image:width\" content=\"720\" \/>\n\t<meta property=\"og:image:height\" content=\"449\" \/>\n\t<meta property=\"og:image:type\" content=\"image\/jpeg\" \/>\n<meta name=\"twitter:card\" content=\"summary_large_image\" \/>\n<meta name=\"twitter:label1\" content=\"Escrito por\" \/>\n\t<meta name=\"twitter:data1\" content=\"Administrador\" \/>\n\t<meta name=\"twitter:label2\" content=\"Tiempo de lectura\" \/>\n\t<meta name=\"twitter:data2\" content=\"7 minutos\" \/>\n<script type=\"application\/ld+json\" class=\"yoast-schema-graph\">{\"@context\":\"https:\/\/schema.org\",\"@graph\":[{\"@type\":\"WebSite\",\"@id\":\"https:\/\/www.edugestores.pe\/#website\",\"url\":\"https:\/\/www.edugestores.pe\/\",\"name\":\"Red Peruana de Gestores de la Educaci\u00f3n\",\"description\":\"Red Peruana de Gestores de la Educaci\u00f3n\",\"potentialAction\":[{\"@type\":\"SearchAction\",\"target\":{\"@type\":\"EntryPoint\",\"urlTemplate\":\"https:\/\/www.edugestores.pe\/?s={search_term_string}\"},\"query-input\":\"required name=search_term_string\"}],\"inLanguage\":\"es\"},{\"@type\":\"ImageObject\",\"@id\":\"https:\/\/www.edugestores.pe\/?p=26386#primaryimage\",\"inLanguage\":\"es\",\"url\":\"https:\/\/www.edugestores.pe\/wp-content\/uploads\/2020\/06\/Foto-Patricia-Salas.jpg\",\"contentUrl\":\"https:\/\/www.edugestores.pe\/wp-content\/uploads\/2020\/06\/Foto-Patricia-Salas.jpg\",\"width\":720,\"height\":449},{\"@type\":\"WebPage\",\"@id\":\"https:\/\/www.edugestores.pe\/?p=26386#webpage\",\"url\":\"https:\/\/www.edugestores.pe\/?p=26386\",\"name\":\"Patricia Salas: \\\"Hoy d\u00eda los maestros est\u00e1n en la primera l\u00ednea de defensa de nuestro futuro\\\" - Red Peruana de Gestores de la Educaci\u00f3n\",\"isPartOf\":{\"@id\":\"https:\/\/www.edugestores.pe\/#website\"},\"primaryImageOfPage\":{\"@id\":\"https:\/\/www.edugestores.pe\/?p=26386#primaryimage\"},\"datePublished\":\"2020-06-08T15:37:59+00:00\",\"dateModified\":\"2020-06-24T02:33:27+00:00\",\"author\":{\"@id\":\"https:\/\/www.edugestores.pe\/#\/schema\/person\/30dc82f35f5853289037a64b35c7c7d3\"},\"breadcrumb\":{\"@id\":\"https:\/\/www.edugestores.pe\/?p=26386#breadcrumb\"},\"inLanguage\":\"es\",\"potentialAction\":[{\"@type\":\"ReadAction\",\"target\":[\"https:\/\/www.edugestores.pe\/?p=26386\"]}]},{\"@type\":\"BreadcrumbList\",\"@id\":\"https:\/\/www.edugestores.pe\/?p=26386#breadcrumb\",\"itemListElement\":[{\"@type\":\"ListItem\",\"position\":1,\"name\":\"Portada\",\"item\":\"https:\/\/www.edugestores.pe\/\"},{\"@type\":\"ListItem\",\"position\":2,\"name\":\"Patricia Salas: \u00abHoy d\u00eda los maestros est\u00e1n en la primera l\u00ednea de defensa de nuestro futuro\u00bb\"}]},{\"@type\":\"Person\",\"@id\":\"https:\/\/www.edugestores.pe\/#\/schema\/person\/30dc82f35f5853289037a64b35c7c7d3\",\"name\":\"Administrador\",\"image\":{\"@type\":\"ImageObject\",\"@id\":\"https:\/\/www.edugestores.pe\/#personlogo\",\"inLanguage\":\"es\",\"url\":\"https:\/\/secure.gravatar.com\/avatar\/70960d1239c4d2c778bb3d2786a3c1ae?s=96&d=mm&r=g\",\"contentUrl\":\"https:\/\/secure.gravatar.com\/avatar\/70960d1239c4d2c778bb3d2786a3c1ae?s=96&d=mm&r=g\",\"caption\":\"Administrador\"},\"url\":\"https:\/\/www.edugestores.pe\/?author=63\"}]}<\/script>\n<!-- \/ Yoast SEO plugin. -->","yoast_head_json":{"title":"Patricia Salas: \"Hoy d\u00eda los maestros est\u00e1n en la primera l\u00ednea de defensa de nuestro futuro\" - Red Peruana de Gestores de la Educaci\u00f3n","robots":{"index":"index","follow":"follow","max-snippet":"max-snippet:-1","max-image-preview":"max-image-preview:large","max-video-preview":"max-video-preview:-1"},"canonical":"https:\/\/www.edugestores.pe\/?p=26386","og_locale":"es_ES","og_type":"article","og_title":"Patricia Salas: \"Hoy d\u00eda los maestros est\u00e1n en la primera l\u00ednea de defensa de nuestro futuro\" - Red Peruana de Gestores de la Educaci\u00f3n","og_description":"Entrevista de Omar Rosel La pandemia por el Covid-19 ha generado impactos profundos en la manera de impartir el servicio [&hellip;]","og_url":"https:\/\/www.edugestores.pe\/?p=26386","og_site_name":"Red Peruana de Gestores de la Educaci\u00f3n","article_published_time":"2020-06-08T15:37:59+00:00","article_modified_time":"2020-06-24T02:33:27+00:00","og_image":[{"width":720,"height":449,"url":"https:\/\/www.edugestores.pe\/wp-content\/uploads\/2020\/06\/Foto-Patricia-Salas.jpg","type":"image\/jpeg"}],"twitter_card":"summary_large_image","twitter_misc":{"Escrito por":"Administrador","Tiempo de lectura":"7 minutos"},"schema":{"@context":"https:\/\/schema.org","@graph":[{"@type":"WebSite","@id":"https:\/\/www.edugestores.pe\/#website","url":"https:\/\/www.edugestores.pe\/","name":"Red Peruana de Gestores de la Educaci\u00f3n","description":"Red Peruana de Gestores de la Educaci\u00f3n","potentialAction":[{"@type":"SearchAction","target":{"@type":"EntryPoint","urlTemplate":"https:\/\/www.edugestores.pe\/?s={search_term_string}"},"query-input":"required name=search_term_string"}],"inLanguage":"es"},{"@type":"ImageObject","@id":"https:\/\/www.edugestores.pe\/?p=26386#primaryimage","inLanguage":"es","url":"https:\/\/www.edugestores.pe\/wp-content\/uploads\/2020\/06\/Foto-Patricia-Salas.jpg","contentUrl":"https:\/\/www.edugestores.pe\/wp-content\/uploads\/2020\/06\/Foto-Patricia-Salas.jpg","width":720,"height":449},{"@type":"WebPage","@id":"https:\/\/www.edugestores.pe\/?p=26386#webpage","url":"https:\/\/www.edugestores.pe\/?p=26386","name":"Patricia Salas: \"Hoy d\u00eda los maestros est\u00e1n en la primera l\u00ednea de defensa de nuestro futuro\" - Red Peruana de Gestores de la Educaci\u00f3n","isPartOf":{"@id":"https:\/\/www.edugestores.pe\/#website"},"primaryImageOfPage":{"@id":"https:\/\/www.edugestores.pe\/?p=26386#primaryimage"},"datePublished":"2020-06-08T15:37:59+00:00","dateModified":"2020-06-24T02:33:27+00:00","author":{"@id":"https:\/\/www.edugestores.pe\/#\/schema\/person\/30dc82f35f5853289037a64b35c7c7d3"},"breadcrumb":{"@id":"https:\/\/www.edugestores.pe\/?p=26386#breadcrumb"},"inLanguage":"es","potentialAction":[{"@type":"ReadAction","target":["https:\/\/www.edugestores.pe\/?p=26386"]}]},{"@type":"BreadcrumbList","@id":"https:\/\/www.edugestores.pe\/?p=26386#breadcrumb","itemListElement":[{"@type":"ListItem","position":1,"name":"Portada","item":"https:\/\/www.edugestores.pe\/"},{"@type":"ListItem","position":2,"name":"Patricia Salas: \u00abHoy d\u00eda los maestros est\u00e1n en la primera l\u00ednea de defensa de nuestro futuro\u00bb"}]},{"@type":"Person","@id":"https:\/\/www.edugestores.pe\/#\/schema\/person\/30dc82f35f5853289037a64b35c7c7d3","name":"Administrador","image":{"@type":"ImageObject","@id":"https:\/\/www.edugestores.pe\/#personlogo","inLanguage":"es","url":"https:\/\/secure.gravatar.com\/avatar\/70960d1239c4d2c778bb3d2786a3c1ae?s=96&d=mm&r=g","contentUrl":"https:\/\/secure.gravatar.com\/avatar\/70960d1239c4d2c778bb3d2786a3c1ae?s=96&d=mm&r=g","caption":"Administrador"},"url":"https:\/\/www.edugestores.pe\/?author=63"}]}},"jetpack_featured_media_url":"https:\/\/www.edugestores.pe\/wp-content\/uploads\/2020\/06\/Foto-Patricia-Salas.jpg","_links":{"self":[{"href":"https:\/\/www.edugestores.pe\/index.php?rest_route=\/wp\/v2\/posts\/26386"}],"collection":[{"href":"https:\/\/www.edugestores.pe\/index.php?rest_route=\/wp\/v2\/posts"}],"about":[{"href":"https:\/\/www.edugestores.pe\/index.php?rest_route=\/wp\/v2\/types\/post"}],"author":[{"embeddable":true,"href":"https:\/\/www.edugestores.pe\/index.php?rest_route=\/wp\/v2\/users\/63"}],"replies":[{"embeddable":true,"href":"https:\/\/www.edugestores.pe\/index.php?rest_route=%2Fwp%2Fv2%2Fcomments&post=26386"}],"version-history":[{"count":1,"href":"https:\/\/www.edugestores.pe\/index.php?rest_route=\/wp\/v2\/posts\/26386\/revisions"}],"predecessor-version":[{"id":26388,"href":"https:\/\/www.edugestores.pe\/index.php?rest_route=\/wp\/v2\/posts\/26386\/revisions\/26388"}],"wp:featuredmedia":[{"embeddable":true,"href":"https:\/\/www.edugestores.pe\/index.php?rest_route=\/wp\/v2\/media\/26387"}],"wp:attachment":[{"href":"https:\/\/www.edugestores.pe\/index.php?rest_route=%2Fwp%2Fv2%2Fmedia&parent=26386"}],"wp:term":[{"taxonomy":"category","embeddable":true,"href":"https:\/\/www.edugestores.pe\/index.php?rest_route=%2Fwp%2Fv2%2Fcategories&post=26386"},{"taxonomy":"post_tag","embeddable":true,"href":"https:\/\/www.edugestores.pe\/index.php?rest_route=%2Fwp%2Fv2%2Ftags&post=26386"}],"curies":[{"name":"wp","href":"https:\/\/api.w.org\/{rel}","templated":true}]}}