{"id":26390,"date":"2020-06-09T12:59:37","date_gmt":"2020-06-09T17:59:37","guid":{"rendered":"https:\/\/www.edugestores.pe\/?p=26390"},"modified":"2020-06-23T21:33:33","modified_gmt":"2020-06-24T02:33:33","slug":"junin-nuevo-titular-de-la-dre-anuncia-cambios-en-especialistas-y-jefaturas","status":"publish","type":"post","link":"https:\/\/www.edugestores.pe\/?p=26390","title":{"rendered":"Jun\u00edn: Nuevo titular de la DRE anuncia cambios en especialistas y jefaturas"},"content":{"rendered":"<p class=\"story-content__font--secondary mb-25 title-xs line-h-md mt-20 secondary-font pr-20\" style=\"text-align: justify;\">El nuevo titular de la Direcci\u00f3n Regional de Educaci\u00f3n Jun\u00edn, Bladimir L\u00f3pez, asegura que sus primeras acciones ser\u00e1 fortalecer las \u00e1reas d\u00e9biles de esta instituci\u00f3n con cambio de los encargados de cada oficina y especialistas que muestren poca productividad.<\/p>\n<p class=\"story-content__font--secondary mb-25 title-xs line-h-md mt-20 secondary-font pr-20\" style=\"text-align: justify;\">\u201cSabemos que hay procesos administrativos pendientes como docentes con t\u00edtulo falso, nombramientos irregulares, directores con procesos administrativos y otros que no debe detenerse, por eso haremos algunas reestructuraciones en el personal tras una evaluaci\u00f3n que har\u00e1 el equipo de trabajo\u201d, se\u00f1al\u00f3 L\u00f3pez.<\/p>\n<p class=\"story-content__font--secondary mb-25 title-xs line-h-md mt-20 secondary-font pr-20\" style=\"text-align: justify;\">En Jun\u00edn se tiene una data de 8 mil 362 ni\u00f1os de inicial, 25 mil alumnos de primaria y 21 mil 198 de secundaria que no reciben clases este a\u00f1o, el funcionario menciona que este sector ser\u00eda priorizado para que todos los escolares desarrollen sus labores acad\u00e9micas.<\/p>\n<p class=\"story-content__font--secondary mb-25 title-xs line-h-md mt-20 secondary-font pr-20\" style=\"text-align: justify;\">Tomado de Correo<\/p>\n","protected":false},"excerpt":{"rendered":"<p>El nuevo titular de la Direcci\u00f3n Regional de Educaci\u00f3n Jun\u00edn, Bladimir L\u00f3pez, asegura que sus primeras acciones ser\u00e1 fortalecer las [&hellip;]<\/p>\n","protected":false},"author":63,"featured_media":26391,"comment_status":"open","ping_status":"open","sticky":false,"template":"","format":"standard","meta":{"spay_email":""},"categories":[125],"tags":[],"yoast_head":"<!-- This site is optimized with the Yoast SEO plugin v18.0 - https:\/\/yoast.com\/wordpress\/plugins\/seo\/ -->\n<title>Jun\u00edn: Nuevo titular de la DRE anuncia cambios en especialistas y jefaturas - Red Peruana de Gestores de la Educaci\u00f3n<\/title>\n<meta name=\"robots\" content=\"index, follow, max-snippet:-1, max-image-preview:large, max-video-preview:-1\" \/>\n<link rel=\"canonical\" href=\"https:\/\/www.edugestores.pe\/?p=26390\" \/>\n<meta property=\"og:locale\" content=\"es_ES\" \/>\n<meta property=\"og:type\" content=\"article\" \/>\n<meta property=\"og:title\" content=\"Jun\u00edn: Nuevo titular de la DRE anuncia cambios en especialistas y jefaturas - Red Peruana de Gestores de la Educaci\u00f3n\" \/>\n<meta property=\"og:description\" content=\"El nuevo titular de la Direcci\u00f3n Regional de Educaci\u00f3n Jun\u00edn, Bladimir L\u00f3pez, asegura que sus primeras acciones ser\u00e1 fortalecer las [&hellip;]\" \/>\n<meta property=\"og:url\" content=\"https:\/\/www.edugestores.pe\/?p=26390\" \/>\n<meta property=\"og:site_name\" content=\"Red Peruana de Gestores de la Educaci\u00f3n\" \/>\n<meta property=\"article:published_time\" content=\"2020-06-09T17:59:37+00:00\" \/>\n<meta property=\"article:modified_time\" content=\"2020-06-24T02:33:33+00:00\" \/>\n<meta property=\"og:image\" content=\"https:\/\/www.edugestores.pe\/wp-content\/uploads\/2020\/06\/X656S2OAYNBIFP3BDFQGYGPEXI.jpg\" \/>\n\t<meta property=\"og:image:width\" content=\"980\" \/>\n\t<meta property=\"og:image:height\" content=\"528\" \/>\n\t<meta property=\"og:image:type\" content=\"image\/jpeg\" \/>\n<meta name=\"twitter:card\" content=\"summary_large_image\" \/>\n<meta name=\"twitter:label1\" content=\"Escrito por\" \/>\n\t<meta name=\"twitter:data1\" content=\"Administrador\" \/>\n\t<meta name=\"twitter:label2\" content=\"Tiempo de lectura\" \/>\n\t<meta name=\"twitter:data2\" content=\"1 minuto\" \/>\n<script type=\"application\/ld+json\" class=\"yoast-schema-graph\">{\"@context\":\"https:\/\/schema.org\",\"@graph\":[{\"@type\":\"WebSite\",\"@id\":\"https:\/\/www.edugestores.pe\/#website\",\"url\":\"https:\/\/www.edugestores.pe\/\",\"name\":\"Red Peruana de Gestores de la Educaci\u00f3n\",\"description\":\"Red Peruana de Gestores de la Educaci\u00f3n\",\"potentialAction\":[{\"@type\":\"SearchAction\",\"target\":{\"@type\":\"EntryPoint\",\"urlTemplate\":\"https:\/\/www.edugestores.pe\/?s={search_term_string}\"},\"query-input\":\"required name=search_term_string\"}],\"inLanguage\":\"es\"},{\"@type\":\"ImageObject\",\"@id\":\"https:\/\/www.edugestores.pe\/?p=26390#primaryimage\",\"inLanguage\":\"es\",\"url\":\"https:\/\/www.edugestores.pe\/wp-content\/uploads\/2020\/06\/X656S2OAYNBIFP3BDFQGYGPEXI.jpg\",\"contentUrl\":\"https:\/\/www.edugestores.pe\/wp-content\/uploads\/2020\/06\/X656S2OAYNBIFP3BDFQGYGPEXI.jpg\",\"width\":980,\"height\":528},{\"@type\":\"WebPage\",\"@id\":\"https:\/\/www.edugestores.pe\/?p=26390#webpage\",\"url\":\"https:\/\/www.edugestores.pe\/?p=26390\",\"name\":\"Jun\u00edn: Nuevo titular de la DRE anuncia cambios en especialistas y jefaturas - Red Peruana de Gestores de la Educaci\u00f3n\",\"isPartOf\":{\"@id\":\"https:\/\/www.edugestores.pe\/#website\"},\"primaryImageOfPage\":{\"@id\":\"https:\/\/www.edugestores.pe\/?p=26390#primaryimage\"},\"datePublished\":\"2020-06-09T17:59:37+00:00\",\"dateModified\":\"2020-06-24T02:33:33+00:00\",\"author\":{\"@id\":\"https:\/\/www.edugestores.pe\/#\/schema\/person\/30dc82f35f5853289037a64b35c7c7d3\"},\"breadcrumb\":{\"@id\":\"https:\/\/www.edugestores.pe\/?p=26390#breadcrumb\"},\"inLanguage\":\"es\",\"potentialAction\":[{\"@type\":\"ReadAction\",\"target\":[\"https:\/\/www.edugestores.pe\/?p=26390\"]}]},{\"@type\":\"BreadcrumbList\",\"@id\":\"https:\/\/www.edugestores.pe\/?p=26390#breadcrumb\",\"itemListElement\":[{\"@type\":\"ListItem\",\"position\":1,\"name\":\"Portada\",\"item\":\"https:\/\/www.edugestores.pe\/\"},{\"@type\":\"ListItem\",\"position\":2,\"name\":\"Jun\u00edn: Nuevo titular de la DRE anuncia cambios en especialistas y jefaturas\"}]},{\"@type\":\"Person\",\"@id\":\"https:\/\/www.edugestores.pe\/#\/schema\/person\/30dc82f35f5853289037a64b35c7c7d3\",\"name\":\"Administrador\",\"image\":{\"@type\":\"ImageObject\",\"@id\":\"https:\/\/www.edugestores.pe\/#personlogo\",\"inLanguage\":\"es\",\"url\":\"https:\/\/secure.gravatar.com\/avatar\/70960d1239c4d2c778bb3d2786a3c1ae?s=96&d=mm&r=g\",\"contentUrl\":\"https:\/\/secure.gravatar.com\/avatar\/70960d1239c4d2c778bb3d2786a3c1ae?s=96&d=mm&r=g\",\"caption\":\"Administrador\"},\"url\":\"https:\/\/www.edugestores.pe\/?author=63\"}]}<\/script>\n<!-- \/ Yoast SEO plugin. -->","yoast_head_json":{"title":"Jun\u00edn: Nuevo titular de la DRE anuncia cambios en especialistas y jefaturas - Red Peruana de Gestores de la Educaci\u00f3n","robots":{"index":"index","follow":"follow","max-snippet":"max-snippet:-1","max-image-preview":"max-image-preview:large","max-video-preview":"max-video-preview:-1"},"canonical":"https:\/\/www.edugestores.pe\/?p=26390","og_locale":"es_ES","og_type":"article","og_title":"Jun\u00edn: Nuevo titular de la DRE anuncia cambios en especialistas y jefaturas - Red Peruana de Gestores de la Educaci\u00f3n","og_description":"El nuevo titular de la Direcci\u00f3n Regional de Educaci\u00f3n Jun\u00edn, Bladimir L\u00f3pez, asegura que sus primeras acciones ser\u00e1 fortalecer las [&hellip;]","og_url":"https:\/\/www.edugestores.pe\/?p=26390","og_site_name":"Red Peruana de Gestores de la Educaci\u00f3n","article_published_time":"2020-06-09T17:59:37+00:00","article_modified_time":"2020-06-24T02:33:33+00:00","og_image":[{"width":980,"height":528,"url":"https:\/\/www.edugestores.pe\/wp-content\/uploads\/2020\/06\/X656S2OAYNBIFP3BDFQGYGPEXI.jpg","type":"image\/jpeg"}],"twitter_card":"summary_large_image","twitter_misc":{"Escrito por":"Administrador","Tiempo de lectura":"1 minuto"},"schema":{"@context":"https:\/\/schema.org","@graph":[{"@type":"WebSite","@id":"https:\/\/www.edugestores.pe\/#website","url":"https:\/\/www.edugestores.pe\/","name":"Red Peruana de Gestores de la Educaci\u00f3n","description":"Red Peruana de Gestores de la Educaci\u00f3n","potentialAction":[{"@type":"SearchAction","target":{"@type":"EntryPoint","urlTemplate":"https:\/\/www.edugestores.pe\/?s={search_term_string}"},"query-input":"required name=search_term_string"}],"inLanguage":"es"},{"@type":"ImageObject","@id":"https:\/\/www.edugestores.pe\/?p=26390#primaryimage","inLanguage":"es","url":"https:\/\/www.edugestores.pe\/wp-content\/uploads\/2020\/06\/X656S2OAYNBIFP3BDFQGYGPEXI.jpg","contentUrl":"https:\/\/www.edugestores.pe\/wp-content\/uploads\/2020\/06\/X656S2OAYNBIFP3BDFQGYGPEXI.jpg","width":980,"height":528},{"@type":"WebPage","@id":"https:\/\/www.edugestores.pe\/?p=26390#webpage","url":"https:\/\/www.edugestores.pe\/?p=26390","name":"Jun\u00edn: Nuevo titular de la DRE anuncia cambios en especialistas y jefaturas - Red Peruana de Gestores de la Educaci\u00f3n","isPartOf":{"@id":"https:\/\/www.edugestores.pe\/#website"},"primaryImageOfPage":{"@id":"https:\/\/www.edugestores.pe\/?p=26390#primaryimage"},"datePublished":"2020-06-09T17:59:37+00:00","dateModified":"2020-06-24T02:33:33+00:00","author":{"@id":"https:\/\/www.edugestores.pe\/#\/schema\/person\/30dc82f35f5853289037a64b35c7c7d3"},"breadcrumb":{"@id":"https:\/\/www.edugestores.pe\/?p=26390#breadcrumb"},"inLanguage":"es","potentialAction":[{"@type":"ReadAction","target":["https:\/\/www.edugestores.pe\/?p=26390"]}]},{"@type":"BreadcrumbList","@id":"https:\/\/www.edugestores.pe\/?p=26390#breadcrumb","itemListElement":[{"@type":"ListItem","position":1,"name":"Portada","item":"https:\/\/www.edugestores.pe\/"},{"@type":"ListItem","position":2,"name":"Jun\u00edn: Nuevo titular de la DRE anuncia cambios en especialistas y jefaturas"}]},{"@type":"Person","@id":"https:\/\/www.edugestores.pe\/#\/schema\/person\/30dc82f35f5853289037a64b35c7c7d3","name":"Administrador","image":{"@type":"ImageObject","@id":"https:\/\/www.edugestores.pe\/#personlogo","inLanguage":"es","url":"https:\/\/secure.gravatar.com\/avatar\/70960d1239c4d2c778bb3d2786a3c1ae?s=96&d=mm&r=g","contentUrl":"https:\/\/secure.gravatar.com\/avatar\/70960d1239c4d2c778bb3d2786a3c1ae?s=96&d=mm&r=g","caption":"Administrador"},"url":"https:\/\/www.edugestores.pe\/?author=63"}]}},"jetpack_featured_media_url":"https:\/\/www.edugestores.pe\/wp-content\/uploads\/2020\/06\/X656S2OAYNBIFP3BDFQGYGPEXI.jpg","_links":{"self":[{"href":"https:\/\/www.edugestores.pe\/index.php?rest_route=\/wp\/v2\/posts\/26390"}],"collection":[{"href":"https:\/\/www.edugestores.pe\/index.php?rest_route=\/wp\/v2\/posts"}],"about":[{"href":"https:\/\/www.edugestores.pe\/index.php?rest_route=\/wp\/v2\/types\/post"}],"author":[{"embeddable":true,"href":"https:\/\/www.edugestores.pe\/index.php?rest_route=\/wp\/v2\/users\/63"}],"replies":[{"embeddable":true,"href":"https:\/\/www.edugestores.pe\/index.php?rest_route=%2Fwp%2Fv2%2Fcomments&post=26390"}],"version-history":[{"count":1,"href":"https:\/\/www.edugestores.pe\/index.php?rest_route=\/wp\/v2\/posts\/26390\/revisions"}],"predecessor-version":[{"id":26392,"href":"https:\/\/www.edugestores.pe\/index.php?rest_route=\/wp\/v2\/posts\/26390\/revisions\/26392"}],"wp:featuredmedia":[{"embeddable":true,"href":"https:\/\/www.edugestores.pe\/index.php?rest_route=\/wp\/v2\/media\/26391"}],"wp:attachment":[{"href":"https:\/\/www.edugestores.pe\/index.php?rest_route=%2Fwp%2Fv2%2Fmedia&parent=26390"}],"wp:term":[{"taxonomy":"category","embeddable":true,"href":"https:\/\/www.edugestores.pe\/index.php?rest_route=%2Fwp%2Fv2%2Fcategories&post=26390"},{"taxonomy":"post_tag","embeddable":true,"href":"https:\/\/www.edugestores.pe\/index.php?rest_route=%2Fwp%2Fv2%2Ftags&post=26390"}],"curies":[{"name":"wp","href":"https:\/\/api.w.org\/{rel}","templated":true}]}}