{"id":26395,"date":"2020-06-09T13:09:18","date_gmt":"2020-06-09T18:09:18","guid":{"rendered":"https:\/\/www.edugestores.pe\/?p=26395"},"modified":"2020-06-23T21:33:40","modified_gmt":"2020-06-24T02:33:40","slug":"minedu-46000-vacantes-para-traslado-a-colegios-publicos-fueron-aceptadas-y-5000-rechazadas","status":"publish","type":"post","link":"https:\/\/www.edugestores.pe\/?p=26395","title":{"rendered":"Minedu: 46,000 vacantes para traslado a colegios p\u00fablicos fueron aceptadas y 5,000 rechazadas"},"content":{"rendered":"<p class=\"story-content__font--secondary mb-25 title-xs line-h-md mt-20 secondary-font pr-20\" style=\"text-align: justify;\">Jos\u00e9 Carlos Vera, director de Gesti\u00f3n Descentralizada del Ministerio de Educaci\u00f3n (Minedu), inform\u00f3 que hasta la medianoche del lunes, unas 46 mil vacantes para traslado a colegios p\u00fablicos fueron aceptadas y aproximadamente 5 mil fueron rechazadas. En medio del estado de emergencia que rige en el pa\u00eds por el nuevo coronavirus (COVID-19), el sector desarrolla\u00a0ya la etapa de asignaci\u00f3n de vacantes a instituciones p\u00fablicas de educaci\u00f3n b\u00e1sica regular y educaci\u00f3n b\u00e1sica especial como parte del proceso de matr\u00edcula excepcional 2020.<\/p>\n<p class=\"story-content__font--secondary mb-25 title-xs line-h-md mt-20 secondary-font pr-20\" style=\"text-align: justify;\">El funcionario, en entrevista para Am\u00e9rica Noticias, record\u00f3 que todos los estudiantes tendr\u00e1n las mismas oportunidades de ser asignados a un tipo de vacante o colegio determinado. En ese sentido, aclar\u00f3 que se atendi\u00f3 el cien por ciento las solicitudes de traslado que fueron una 125 mil.<\/p>\n<p class=\"story-content__font--secondary mb-25 title-xs line-h-md mt-20 secondary-font pr-20\" style=\"text-align: justify;\">No obstante, explic\u00f3 que un 87% de las solicitudes ya tiene una vacante, pero se reporta un 13% restante que a\u00fan podr\u00e1 ser visualizado por los padres el pr\u00f3ximo martes 16 de junio.<\/p>\n<p class=\"story-content__font--secondary mb-25 title-xs line-h-md mt-20 secondary-font pr-20\" style=\"text-align: justify;\">Vera explic\u00f3 que las familias que registraron una solicitud de matr\u00edcula en la plataforma habilitada para este prop\u00f3sito deben ingresar a\u00a0www.matricula2020.pe\u00a0para conocer si tienen una vacante asignada, la que deber\u00e1n aceptar o rechazar dentro de las 24 horas contadas desde la asignaci\u00f3n.<\/p>\n<div id=\"gpt_caja4\" class=\"flex justify-center\" style=\"text-align: justify;\">Si las familias no logran ingresar a la plataforma, sea por falta de acceso a internet o a una computadora, se les asignar\u00e1 la vacante propuesta, precis\u00f3.\u00a0<em>\u201c<\/em>Recibimos en total 125 mil solicitudes de traslado de colegios privados, principalmente, a p\u00fablicos. De ellos, el 60% concentrados en Lima Metropolitana. Desde el d\u00eda de ayer al mediod\u00eda hasta el d\u00eda de hoy al mediod\u00eda, las familias deben ingresar a la plataforma que ya conocen, Matr\u00edcula 2020. Ir a la secci\u00f3n estado de solicitud y poner ver resultado. Ah\u00ed podr\u00e1n identificar la vacante que se les ha asignado y tienen 24 horas para aceptarla o rechazarla. Si no responden, se da por aceptada la matr\u00edcula\u201d, se\u00f1al\u00f3 el funcionario.<\/div>\n<p class=\"story-content__font--secondary mb-25 title-xs line-h-md mt-20 secondary-font pr-20\" style=\"text-align: justify;\">El director de Gesti\u00f3n Descentralizada del Minedu se\u00f1al\u00f3 que luego de que las familias acepten la vacante, el Minedu registrar\u00e1 hasta fines de junio las matr\u00edculas de los estudiantes en al Sistema de Informaci\u00f3n de Apoyo a la Gesti\u00f3n de la Instituci\u00f3n Educativa (Siagie) y se dar\u00e1 por concluido el proceso de matr\u00edcula.<\/p>\n<p class=\"story-content__font--secondary mb-25 title-xs line-h-md mt-20 secondary-font pr-20\" style=\"text-align: justify;\">Durante este proceso, se asignar\u00e1 dos tipos de vacante: presencial (turno ma\u00f1ana o tarde) o semipresencial. En esta \u00faltima, dise\u00f1ada en base a la experiencia de los colegios de alto rendimiento (Coar), el alumno estudiar\u00e1 desde casa con acompa\u00f1amiento docente de lunes a viernes y solo asistir\u00e1 al colegio para las sesiones de orientaci\u00f3n, tutor\u00eda y retroalimentaci\u00f3n.<\/p>\n<p class=\"story-content__font--secondary mb-25 title-xs line-h-md mt-20 secondary-font pr-20\" style=\"text-align: justify;\">No obstante, mientras el estado de emergencia por el\u00a0COVID-19\u00a0contin\u00fae y el Gobierno Central lo determine, las clases presenciales est\u00e1n suspendidas y todos los estudiantes deben continuar sus estudios desde sus hogares con los contenidos de\u00a0\u201cAprendo en casa\u201d, que se difunden a trav\u00e9s de la radio, televisi\u00f3n o web.<\/p>\n<p class=\"story-content__font--secondary mb-25 title-xs line-h-md mt-20 secondary-font pr-20\" style=\"text-align: justify;\">&#8220;Una vez que la familia acepta la vacante a partir del 23 de junio los directores de los colegios van a efectivizar la matr\u00edcula en el sistema y se comunicar\u00e1n con las familias v\u00eda correo o tel\u00e9fono para brindar detalles y poder iniciar formalmente el servicio educativo en el colegio p\u00fablico. Es recomendable que los alumnos puedan recibir clases a trav\u00e9s de Aprendo en Casa. No sabemos a\u00fan si los traslados son mayores en primaria y en secundaria, pero lo que sabemos es que la gran cantidad est\u00e1 en Lima Metropolitana. SJL y SMP, los distritos donde est\u00e1 la mayor demanda\u201d, dijo.<\/p>\n<p class=\"story-content__font--secondary mb-25 title-xs line-h-md mt-20 secondary-font pr-20\" style=\"text-align: justify;\">Tomado de Gesti\u00f3n<\/p>\n<p class=\"story-content__font--secondary mb-25 title-xs line-h-md mt-20 secondary-font pr-20\" style=\"text-align: justify;\">Foto referencial Minedu<\/p>\n","protected":false},"excerpt":{"rendered":"<p>Jos\u00e9 Carlos Vera, director de Gesti\u00f3n Descentralizada del Ministerio de Educaci\u00f3n (Minedu), inform\u00f3 que hasta la medianoche del lunes, unas [&hellip;]<\/p>\n","protected":false},"author":63,"featured_media":24670,"comment_status":"open","ping_status":"open","sticky":false,"template":"","format":"standard","meta":{"spay_email":""},"categories":[125],"tags":[],"yoast_head":"<!-- This site is optimized with the Yoast SEO plugin v18.0 - https:\/\/yoast.com\/wordpress\/plugins\/seo\/ -->\n<title>Minedu: 46,000 vacantes para traslado a colegios p\u00fablicos fueron aceptadas y 5,000 rechazadas - Red Peruana de Gestores de la Educaci\u00f3n<\/title>\n<meta name=\"robots\" content=\"index, follow, max-snippet:-1, max-image-preview:large, max-video-preview:-1\" \/>\n<link rel=\"canonical\" href=\"https:\/\/www.edugestores.pe\/?p=26395\" \/>\n<meta property=\"og:locale\" content=\"es_ES\" \/>\n<meta property=\"og:type\" content=\"article\" \/>\n<meta property=\"og:title\" content=\"Minedu: 46,000 vacantes para traslado a colegios p\u00fablicos fueron aceptadas y 5,000 rechazadas - Red Peruana de Gestores de la Educaci\u00f3n\" \/>\n<meta property=\"og:description\" content=\"Jos\u00e9 Carlos Vera, director de Gesti\u00f3n Descentralizada del Ministerio de Educaci\u00f3n (Minedu), inform\u00f3 que hasta la medianoche del lunes, unas [&hellip;]\" \/>\n<meta property=\"og:url\" content=\"https:\/\/www.edugestores.pe\/?p=26395\" \/>\n<meta property=\"og:site_name\" content=\"Red Peruana de Gestores de la Educaci\u00f3n\" \/>\n<meta property=\"article:published_time\" content=\"2020-06-09T18:09:18+00:00\" \/>\n<meta property=\"article:modified_time\" content=\"2020-06-24T02:33:40+00:00\" \/>\n<meta property=\"og:image\" content=\"https:\/\/www.edugestores.pe\/wp-content\/uploads\/2020\/04\/foto-minedu-covid.jpg\" \/>\n\t<meta property=\"og:image:width\" content=\"980\" \/>\n\t<meta property=\"og:image:height\" content=\"528\" \/>\n\t<meta property=\"og:image:type\" content=\"image\/jpeg\" \/>\n<meta name=\"twitter:card\" content=\"summary_large_image\" \/>\n<meta name=\"twitter:label1\" content=\"Escrito por\" \/>\n\t<meta name=\"twitter:data1\" content=\"Administrador\" \/>\n\t<meta name=\"twitter:label2\" content=\"Tiempo de lectura\" \/>\n\t<meta name=\"twitter:data2\" content=\"3 minutos\" \/>\n<script type=\"application\/ld+json\" class=\"yoast-schema-graph\">{\"@context\":\"https:\/\/schema.org\",\"@graph\":[{\"@type\":\"WebSite\",\"@id\":\"https:\/\/www.edugestores.pe\/#website\",\"url\":\"https:\/\/www.edugestores.pe\/\",\"name\":\"Red Peruana de Gestores de la Educaci\u00f3n\",\"description\":\"Red Peruana de Gestores de la Educaci\u00f3n\",\"potentialAction\":[{\"@type\":\"SearchAction\",\"target\":{\"@type\":\"EntryPoint\",\"urlTemplate\":\"https:\/\/www.edugestores.pe\/?s={search_term_string}\"},\"query-input\":\"required name=search_term_string\"}],\"inLanguage\":\"es\"},{\"@type\":\"ImageObject\",\"@id\":\"https:\/\/www.edugestores.pe\/?p=26395#primaryimage\",\"inLanguage\":\"es\",\"url\":\"https:\/\/www.edugestores.pe\/wp-content\/uploads\/2020\/04\/foto-minedu-covid.jpg\",\"contentUrl\":\"https:\/\/www.edugestores.pe\/wp-content\/uploads\/2020\/04\/foto-minedu-covid.jpg\",\"width\":980,\"height\":528},{\"@type\":\"WebPage\",\"@id\":\"https:\/\/www.edugestores.pe\/?p=26395#webpage\",\"url\":\"https:\/\/www.edugestores.pe\/?p=26395\",\"name\":\"Minedu: 46,000 vacantes para traslado a colegios p\u00fablicos fueron aceptadas y 5,000 rechazadas - Red Peruana de Gestores de la Educaci\u00f3n\",\"isPartOf\":{\"@id\":\"https:\/\/www.edugestores.pe\/#website\"},\"primaryImageOfPage\":{\"@id\":\"https:\/\/www.edugestores.pe\/?p=26395#primaryimage\"},\"datePublished\":\"2020-06-09T18:09:18+00:00\",\"dateModified\":\"2020-06-24T02:33:40+00:00\",\"author\":{\"@id\":\"https:\/\/www.edugestores.pe\/#\/schema\/person\/30dc82f35f5853289037a64b35c7c7d3\"},\"breadcrumb\":{\"@id\":\"https:\/\/www.edugestores.pe\/?p=26395#breadcrumb\"},\"inLanguage\":\"es\",\"potentialAction\":[{\"@type\":\"ReadAction\",\"target\":[\"https:\/\/www.edugestores.pe\/?p=26395\"]}]},{\"@type\":\"BreadcrumbList\",\"@id\":\"https:\/\/www.edugestores.pe\/?p=26395#breadcrumb\",\"itemListElement\":[{\"@type\":\"ListItem\",\"position\":1,\"name\":\"Portada\",\"item\":\"https:\/\/www.edugestores.pe\/\"},{\"@type\":\"ListItem\",\"position\":2,\"name\":\"Minedu: 46,000 vacantes para traslado a colegios p\u00fablicos fueron aceptadas y 5,000 rechazadas\"}]},{\"@type\":\"Person\",\"@id\":\"https:\/\/www.edugestores.pe\/#\/schema\/person\/30dc82f35f5853289037a64b35c7c7d3\",\"name\":\"Administrador\",\"image\":{\"@type\":\"ImageObject\",\"@id\":\"https:\/\/www.edugestores.pe\/#personlogo\",\"inLanguage\":\"es\",\"url\":\"https:\/\/secure.gravatar.com\/avatar\/70960d1239c4d2c778bb3d2786a3c1ae?s=96&d=mm&r=g\",\"contentUrl\":\"https:\/\/secure.gravatar.com\/avatar\/70960d1239c4d2c778bb3d2786a3c1ae?s=96&d=mm&r=g\",\"caption\":\"Administrador\"},\"url\":\"https:\/\/www.edugestores.pe\/?author=63\"}]}<\/script>\n<!-- \/ Yoast SEO plugin. -->","yoast_head_json":{"title":"Minedu: 46,000 vacantes para traslado a colegios p\u00fablicos fueron aceptadas y 5,000 rechazadas - Red Peruana de Gestores de la Educaci\u00f3n","robots":{"index":"index","follow":"follow","max-snippet":"max-snippet:-1","max-image-preview":"max-image-preview:large","max-video-preview":"max-video-preview:-1"},"canonical":"https:\/\/www.edugestores.pe\/?p=26395","og_locale":"es_ES","og_type":"article","og_title":"Minedu: 46,000 vacantes para traslado a colegios p\u00fablicos fueron aceptadas y 5,000 rechazadas - Red Peruana de Gestores de la Educaci\u00f3n","og_description":"Jos\u00e9 Carlos Vera, director de Gesti\u00f3n Descentralizada del Ministerio de Educaci\u00f3n (Minedu), inform\u00f3 que hasta la medianoche del lunes, unas [&hellip;]","og_url":"https:\/\/www.edugestores.pe\/?p=26395","og_site_name":"Red Peruana de Gestores de la Educaci\u00f3n","article_published_time":"2020-06-09T18:09:18+00:00","article_modified_time":"2020-06-24T02:33:40+00:00","og_image":[{"width":980,"height":528,"url":"https:\/\/www.edugestores.pe\/wp-content\/uploads\/2020\/04\/foto-minedu-covid.jpg","type":"image\/jpeg"}],"twitter_card":"summary_large_image","twitter_misc":{"Escrito por":"Administrador","Tiempo de lectura":"3 minutos"},"schema":{"@context":"https:\/\/schema.org","@graph":[{"@type":"WebSite","@id":"https:\/\/www.edugestores.pe\/#website","url":"https:\/\/www.edugestores.pe\/","name":"Red Peruana de Gestores de la Educaci\u00f3n","description":"Red Peruana de Gestores de la Educaci\u00f3n","potentialAction":[{"@type":"SearchAction","target":{"@type":"EntryPoint","urlTemplate":"https:\/\/www.edugestores.pe\/?s={search_term_string}"},"query-input":"required name=search_term_string"}],"inLanguage":"es"},{"@type":"ImageObject","@id":"https:\/\/www.edugestores.pe\/?p=26395#primaryimage","inLanguage":"es","url":"https:\/\/www.edugestores.pe\/wp-content\/uploads\/2020\/04\/foto-minedu-covid.jpg","contentUrl":"https:\/\/www.edugestores.pe\/wp-content\/uploads\/2020\/04\/foto-minedu-covid.jpg","width":980,"height":528},{"@type":"WebPage","@id":"https:\/\/www.edugestores.pe\/?p=26395#webpage","url":"https:\/\/www.edugestores.pe\/?p=26395","name":"Minedu: 46,000 vacantes para traslado a colegios p\u00fablicos fueron aceptadas y 5,000 rechazadas - Red Peruana de Gestores de la Educaci\u00f3n","isPartOf":{"@id":"https:\/\/www.edugestores.pe\/#website"},"primaryImageOfPage":{"@id":"https:\/\/www.edugestores.pe\/?p=26395#primaryimage"},"datePublished":"2020-06-09T18:09:18+00:00","dateModified":"2020-06-24T02:33:40+00:00","author":{"@id":"https:\/\/www.edugestores.pe\/#\/schema\/person\/30dc82f35f5853289037a64b35c7c7d3"},"breadcrumb":{"@id":"https:\/\/www.edugestores.pe\/?p=26395#breadcrumb"},"inLanguage":"es","potentialAction":[{"@type":"ReadAction","target":["https:\/\/www.edugestores.pe\/?p=26395"]}]},{"@type":"BreadcrumbList","@id":"https:\/\/www.edugestores.pe\/?p=26395#breadcrumb","itemListElement":[{"@type":"ListItem","position":1,"name":"Portada","item":"https:\/\/www.edugestores.pe\/"},{"@type":"ListItem","position":2,"name":"Minedu: 46,000 vacantes para traslado a colegios p\u00fablicos fueron aceptadas y 5,000 rechazadas"}]},{"@type":"Person","@id":"https:\/\/www.edugestores.pe\/#\/schema\/person\/30dc82f35f5853289037a64b35c7c7d3","name":"Administrador","image":{"@type":"ImageObject","@id":"https:\/\/www.edugestores.pe\/#personlogo","inLanguage":"es","url":"https:\/\/secure.gravatar.com\/avatar\/70960d1239c4d2c778bb3d2786a3c1ae?s=96&d=mm&r=g","contentUrl":"https:\/\/secure.gravatar.com\/avatar\/70960d1239c4d2c778bb3d2786a3c1ae?s=96&d=mm&r=g","caption":"Administrador"},"url":"https:\/\/www.edugestores.pe\/?author=63"}]}},"jetpack_featured_media_url":"https:\/\/www.edugestores.pe\/wp-content\/uploads\/2020\/04\/foto-minedu-covid.jpg","_links":{"self":[{"href":"https:\/\/www.edugestores.pe\/index.php?rest_route=\/wp\/v2\/posts\/26395"}],"collection":[{"href":"https:\/\/www.edugestores.pe\/index.php?rest_route=\/wp\/v2\/posts"}],"about":[{"href":"https:\/\/www.edugestores.pe\/index.php?rest_route=\/wp\/v2\/types\/post"}],"author":[{"embeddable":true,"href":"https:\/\/www.edugestores.pe\/index.php?rest_route=\/wp\/v2\/users\/63"}],"replies":[{"embeddable":true,"href":"https:\/\/www.edugestores.pe\/index.php?rest_route=%2Fwp%2Fv2%2Fcomments&post=26395"}],"version-history":[{"count":1,"href":"https:\/\/www.edugestores.pe\/index.php?rest_route=\/wp\/v2\/posts\/26395\/revisions"}],"predecessor-version":[{"id":26396,"href":"https:\/\/www.edugestores.pe\/index.php?rest_route=\/wp\/v2\/posts\/26395\/revisions\/26396"}],"wp:featuredmedia":[{"embeddable":true,"href":"https:\/\/www.edugestores.pe\/index.php?rest_route=\/wp\/v2\/media\/24670"}],"wp:attachment":[{"href":"https:\/\/www.edugestores.pe\/index.php?rest_route=%2Fwp%2Fv2%2Fmedia&parent=26395"}],"wp:term":[{"taxonomy":"category","embeddable":true,"href":"https:\/\/www.edugestores.pe\/index.php?rest_route=%2Fwp%2Fv2%2Fcategories&post=26395"},{"taxonomy":"post_tag","embeddable":true,"href":"https:\/\/www.edugestores.pe\/index.php?rest_route=%2Fwp%2Fv2%2Ftags&post=26395"}],"curies":[{"name":"wp","href":"https:\/\/api.w.org\/{rel}","templated":true}]}}