{"id":26397,"date":"2020-06-10T15:09:47","date_gmt":"2020-06-10T20:09:47","guid":{"rendered":"https:\/\/www.edugestores.pe\/?p=26397"},"modified":"2020-06-23T21:33:48","modified_gmt":"2020-06-24T02:33:48","slug":"foro-educativo-presenta-movilizacion-social-por-la-educacion-publica","status":"publish","type":"post","link":"https:\/\/www.edugestores.pe\/?p=26397","title":{"rendered":"Foro Educativo presenta Movilizaci\u00f3n Social por la Educaci\u00f3n P\u00fablica"},"content":{"rendered":"<div class=\"itemBody kl-blog-post-body kl-blog-cols-1\">\n<p style=\"text-align: justify;\">Foro Educativo present\u00f3 esta semana un documento donde se convoca a una Movilizaci\u00f3n Social por la Educaci\u00f3n P\u00fablica. El documento, que se encuentra en el despacho del ministro de Educaci\u00f3n, Mart\u00edn Benavides, plantea una serie de propuestas para ser consideradas en el sector en medio de la emergencia nacional sanitaria y fortalecer las estrategias ya planteadas para la educaci\u00f3n a distancia y el traslado de estudiantes a la educaci\u00f3n p\u00fablica.<\/p>\n<p style=\"text-align: justify;\">La propuesta de la movilizaci\u00f3n social, se basa en 6 puntos:<\/p>\n<p style=\"text-align: justify;\">1. Una educaci\u00f3n que acoge a todas y todos los estudiantes en su gran diversidad, incluyendo a quienes migran desde las instituciones educativas privadas, y, a qui\u00e9nes se encuentran fuera del sistema educativo en cualquier modalidad.<\/p>\n<p style=\"text-align: justify;\">2. Una educaci\u00f3n p\u00fablica gestionada de manera descentralizada, participativa, desde los territorios y las comunidades, comparte recursos, construye espacios territoriales de bienestar y recoge la diversidad cultural de nuestros pueblos.<\/p>\n<p style=\"text-align: justify;\">3. La educaci\u00f3n p\u00fablica mejora las condiciones de las escuelas e instituciones educativas.<\/p>\n<p style=\"text-align: justify;\">4. Maestros y maestras fortalecidos, reconocidos y motivados impulsan la educaci\u00f3n p\u00fablica.<\/p>\n<p style=\"text-align: justify;\">5. Las propuestas formativas tienen contenidos transformadores que apuntan a la construcci\u00f3n de una ciudadan\u00eda democr\u00e1tica, intercultural y ambiental, particularmente en este contexto de crisis sanitaria y humanitaria.<\/p>\n<p style=\"text-align: justify;\">6. Los estudiantes, maestros, familias, pueblos, comunidades y familias est\u00e1n conectadas con Internet accesible para todos y se mantiene como parte de la oferta educativa b\u00e1sica en el tiempo.<\/p>\n<p style=\"text-align: justify;\">Esta propuesta nace a partir de las conclusiones\u00a0<a href=\"http:\/\/sentidos.foroeducativo.org\/\" target=\"_blank\" rel=\"noreferrer noopener\">del \u00faltimo seminario de Foro Educativo<\/a>\u00a0donde sus asociados y asociadas renovamos nuestro compromiso para hacer frente a la crisis de humanidad existente marcada por las desigualdades, explotaci\u00f3n, corrupci\u00f3n y violencia. Reconocimos la urgencia de recuperar los sentidos de la educaci\u00f3n para la dignidad, la libertad, solidaridad, justicia, democracia, \u00e9tica, afecto, derechos humanos y buen vivir. Hoy, en plena crisis sanitaria y humanitaria nos ratificamos en estos paradigmas como constitutivos a una educaci\u00f3n de calidad.<\/p>\n<p style=\"text-align: justify;\"><strong><a href=\"http:\/\/foroeducativo.org\/wp-content\/uploads\/2020\/06\/Movilizaci%C3%B3n-social-por-la-educaci%C3%B3n-p%C3%BAblica.pdf\" target=\"_blank\" rel=\"noreferrer noopener\">Puede descargar el documento aqu\u00ed.<\/a><\/strong><\/p>\n<\/div>\n<div class=\"row blog-sg-footer\"><\/div>\n","protected":false},"excerpt":{"rendered":"<p>Foro Educativo present\u00f3 esta semana un documento donde se convoca a una Movilizaci\u00f3n Social por la Educaci\u00f3n P\u00fablica. El documento, [&hellip;]<\/p>\n","protected":false},"author":63,"featured_media":26398,"comment_status":"open","ping_status":"open","sticky":false,"template":"","format":"standard","meta":{"spay_email":""},"categories":[125],"tags":[],"yoast_head":"<!-- This site is optimized with the Yoast SEO plugin v18.0 - https:\/\/yoast.com\/wordpress\/plugins\/seo\/ -->\n<title>Foro Educativo presenta Movilizaci\u00f3n Social por la Educaci\u00f3n P\u00fablica - Red Peruana de Gestores de la Educaci\u00f3n<\/title>\n<meta name=\"robots\" content=\"index, follow, max-snippet:-1, max-image-preview:large, max-video-preview:-1\" \/>\n<link rel=\"canonical\" href=\"https:\/\/www.edugestores.pe\/?p=26397\" \/>\n<meta property=\"og:locale\" content=\"es_ES\" \/>\n<meta property=\"og:type\" content=\"article\" \/>\n<meta property=\"og:title\" content=\"Foro Educativo presenta Movilizaci\u00f3n Social por la Educaci\u00f3n P\u00fablica - Red Peruana de Gestores de la Educaci\u00f3n\" \/>\n<meta property=\"og:description\" content=\"Foro Educativo present\u00f3 esta semana un documento donde se convoca a una Movilizaci\u00f3n Social por la Educaci\u00f3n P\u00fablica. El documento, [&hellip;]\" \/>\n<meta property=\"og:url\" content=\"https:\/\/www.edugestores.pe\/?p=26397\" \/>\n<meta property=\"og:site_name\" content=\"Red Peruana de Gestores de la Educaci\u00f3n\" \/>\n<meta property=\"article:published_time\" content=\"2020-06-10T20:09:47+00:00\" \/>\n<meta property=\"article:modified_time\" content=\"2020-06-24T02:33:48+00:00\" \/>\n<meta property=\"og:image\" content=\"https:\/\/www.edugestores.pe\/wp-content\/uploads\/2020\/06\/000291265W-420x280_c.jpg\" \/>\n\t<meta property=\"og:image:width\" content=\"420\" \/>\n\t<meta property=\"og:image:height\" content=\"280\" \/>\n\t<meta property=\"og:image:type\" content=\"image\/jpeg\" \/>\n<meta name=\"twitter:card\" content=\"summary_large_image\" \/>\n<meta name=\"twitter:label1\" content=\"Escrito por\" \/>\n\t<meta name=\"twitter:data1\" content=\"Administrador\" \/>\n\t<meta name=\"twitter:label2\" content=\"Tiempo de lectura\" \/>\n\t<meta name=\"twitter:data2\" content=\"2 minutos\" \/>\n<script type=\"application\/ld+json\" class=\"yoast-schema-graph\">{\"@context\":\"https:\/\/schema.org\",\"@graph\":[{\"@type\":\"WebSite\",\"@id\":\"https:\/\/www.edugestores.pe\/#website\",\"url\":\"https:\/\/www.edugestores.pe\/\",\"name\":\"Red Peruana de Gestores de la Educaci\u00f3n\",\"description\":\"Red Peruana de Gestores de la Educaci\u00f3n\",\"potentialAction\":[{\"@type\":\"SearchAction\",\"target\":{\"@type\":\"EntryPoint\",\"urlTemplate\":\"https:\/\/www.edugestores.pe\/?s={search_term_string}\"},\"query-input\":\"required name=search_term_string\"}],\"inLanguage\":\"es\"},{\"@type\":\"ImageObject\",\"@id\":\"https:\/\/www.edugestores.pe\/?p=26397#primaryimage\",\"inLanguage\":\"es\",\"url\":\"https:\/\/www.edugestores.pe\/wp-content\/uploads\/2020\/06\/000291265W-420x280_c.jpg\",\"contentUrl\":\"https:\/\/www.edugestores.pe\/wp-content\/uploads\/2020\/06\/000291265W-420x280_c.jpg\",\"width\":420,\"height\":280},{\"@type\":\"WebPage\",\"@id\":\"https:\/\/www.edugestores.pe\/?p=26397#webpage\",\"url\":\"https:\/\/www.edugestores.pe\/?p=26397\",\"name\":\"Foro Educativo presenta Movilizaci\u00f3n Social por la Educaci\u00f3n P\u00fablica - Red Peruana de Gestores de la Educaci\u00f3n\",\"isPartOf\":{\"@id\":\"https:\/\/www.edugestores.pe\/#website\"},\"primaryImageOfPage\":{\"@id\":\"https:\/\/www.edugestores.pe\/?p=26397#primaryimage\"},\"datePublished\":\"2020-06-10T20:09:47+00:00\",\"dateModified\":\"2020-06-24T02:33:48+00:00\",\"author\":{\"@id\":\"https:\/\/www.edugestores.pe\/#\/schema\/person\/30dc82f35f5853289037a64b35c7c7d3\"},\"breadcrumb\":{\"@id\":\"https:\/\/www.edugestores.pe\/?p=26397#breadcrumb\"},\"inLanguage\":\"es\",\"potentialAction\":[{\"@type\":\"ReadAction\",\"target\":[\"https:\/\/www.edugestores.pe\/?p=26397\"]}]},{\"@type\":\"BreadcrumbList\",\"@id\":\"https:\/\/www.edugestores.pe\/?p=26397#breadcrumb\",\"itemListElement\":[{\"@type\":\"ListItem\",\"position\":1,\"name\":\"Portada\",\"item\":\"https:\/\/www.edugestores.pe\/\"},{\"@type\":\"ListItem\",\"position\":2,\"name\":\"Foro Educativo presenta Movilizaci\u00f3n Social por la Educaci\u00f3n P\u00fablica\"}]},{\"@type\":\"Person\",\"@id\":\"https:\/\/www.edugestores.pe\/#\/schema\/person\/30dc82f35f5853289037a64b35c7c7d3\",\"name\":\"Administrador\",\"image\":{\"@type\":\"ImageObject\",\"@id\":\"https:\/\/www.edugestores.pe\/#personlogo\",\"inLanguage\":\"es\",\"url\":\"https:\/\/secure.gravatar.com\/avatar\/70960d1239c4d2c778bb3d2786a3c1ae?s=96&d=mm&r=g\",\"contentUrl\":\"https:\/\/secure.gravatar.com\/avatar\/70960d1239c4d2c778bb3d2786a3c1ae?s=96&d=mm&r=g\",\"caption\":\"Administrador\"},\"url\":\"https:\/\/www.edugestores.pe\/?author=63\"}]}<\/script>\n<!-- \/ Yoast SEO plugin. -->","yoast_head_json":{"title":"Foro Educativo presenta Movilizaci\u00f3n Social por la Educaci\u00f3n P\u00fablica - Red Peruana de Gestores de la Educaci\u00f3n","robots":{"index":"index","follow":"follow","max-snippet":"max-snippet:-1","max-image-preview":"max-image-preview:large","max-video-preview":"max-video-preview:-1"},"canonical":"https:\/\/www.edugestores.pe\/?p=26397","og_locale":"es_ES","og_type":"article","og_title":"Foro Educativo presenta Movilizaci\u00f3n Social por la Educaci\u00f3n P\u00fablica - Red Peruana de Gestores de la Educaci\u00f3n","og_description":"Foro Educativo present\u00f3 esta semana un documento donde se convoca a una Movilizaci\u00f3n Social por la Educaci\u00f3n P\u00fablica. El documento, [&hellip;]","og_url":"https:\/\/www.edugestores.pe\/?p=26397","og_site_name":"Red Peruana de Gestores de la Educaci\u00f3n","article_published_time":"2020-06-10T20:09:47+00:00","article_modified_time":"2020-06-24T02:33:48+00:00","og_image":[{"width":420,"height":280,"url":"https:\/\/www.edugestores.pe\/wp-content\/uploads\/2020\/06\/000291265W-420x280_c.jpg","type":"image\/jpeg"}],"twitter_card":"summary_large_image","twitter_misc":{"Escrito por":"Administrador","Tiempo de lectura":"2 minutos"},"schema":{"@context":"https:\/\/schema.org","@graph":[{"@type":"WebSite","@id":"https:\/\/www.edugestores.pe\/#website","url":"https:\/\/www.edugestores.pe\/","name":"Red Peruana de Gestores de la Educaci\u00f3n","description":"Red Peruana de Gestores de la Educaci\u00f3n","potentialAction":[{"@type":"SearchAction","target":{"@type":"EntryPoint","urlTemplate":"https:\/\/www.edugestores.pe\/?s={search_term_string}"},"query-input":"required name=search_term_string"}],"inLanguage":"es"},{"@type":"ImageObject","@id":"https:\/\/www.edugestores.pe\/?p=26397#primaryimage","inLanguage":"es","url":"https:\/\/www.edugestores.pe\/wp-content\/uploads\/2020\/06\/000291265W-420x280_c.jpg","contentUrl":"https:\/\/www.edugestores.pe\/wp-content\/uploads\/2020\/06\/000291265W-420x280_c.jpg","width":420,"height":280},{"@type":"WebPage","@id":"https:\/\/www.edugestores.pe\/?p=26397#webpage","url":"https:\/\/www.edugestores.pe\/?p=26397","name":"Foro Educativo presenta Movilizaci\u00f3n Social por la Educaci\u00f3n P\u00fablica - Red Peruana de Gestores de la Educaci\u00f3n","isPartOf":{"@id":"https:\/\/www.edugestores.pe\/#website"},"primaryImageOfPage":{"@id":"https:\/\/www.edugestores.pe\/?p=26397#primaryimage"},"datePublished":"2020-06-10T20:09:47+00:00","dateModified":"2020-06-24T02:33:48+00:00","author":{"@id":"https:\/\/www.edugestores.pe\/#\/schema\/person\/30dc82f35f5853289037a64b35c7c7d3"},"breadcrumb":{"@id":"https:\/\/www.edugestores.pe\/?p=26397#breadcrumb"},"inLanguage":"es","potentialAction":[{"@type":"ReadAction","target":["https:\/\/www.edugestores.pe\/?p=26397"]}]},{"@type":"BreadcrumbList","@id":"https:\/\/www.edugestores.pe\/?p=26397#breadcrumb","itemListElement":[{"@type":"ListItem","position":1,"name":"Portada","item":"https:\/\/www.edugestores.pe\/"},{"@type":"ListItem","position":2,"name":"Foro Educativo presenta Movilizaci\u00f3n Social por la Educaci\u00f3n P\u00fablica"}]},{"@type":"Person","@id":"https:\/\/www.edugestores.pe\/#\/schema\/person\/30dc82f35f5853289037a64b35c7c7d3","name":"Administrador","image":{"@type":"ImageObject","@id":"https:\/\/www.edugestores.pe\/#personlogo","inLanguage":"es","url":"https:\/\/secure.gravatar.com\/avatar\/70960d1239c4d2c778bb3d2786a3c1ae?s=96&d=mm&r=g","contentUrl":"https:\/\/secure.gravatar.com\/avatar\/70960d1239c4d2c778bb3d2786a3c1ae?s=96&d=mm&r=g","caption":"Administrador"},"url":"https:\/\/www.edugestores.pe\/?author=63"}]}},"jetpack_featured_media_url":"https:\/\/www.edugestores.pe\/wp-content\/uploads\/2020\/06\/000291265W-420x280_c.jpg","_links":{"self":[{"href":"https:\/\/www.edugestores.pe\/index.php?rest_route=\/wp\/v2\/posts\/26397"}],"collection":[{"href":"https:\/\/www.edugestores.pe\/index.php?rest_route=\/wp\/v2\/posts"}],"about":[{"href":"https:\/\/www.edugestores.pe\/index.php?rest_route=\/wp\/v2\/types\/post"}],"author":[{"embeddable":true,"href":"https:\/\/www.edugestores.pe\/index.php?rest_route=\/wp\/v2\/users\/63"}],"replies":[{"embeddable":true,"href":"https:\/\/www.edugestores.pe\/index.php?rest_route=%2Fwp%2Fv2%2Fcomments&post=26397"}],"version-history":[{"count":1,"href":"https:\/\/www.edugestores.pe\/index.php?rest_route=\/wp\/v2\/posts\/26397\/revisions"}],"predecessor-version":[{"id":26399,"href":"https:\/\/www.edugestores.pe\/index.php?rest_route=\/wp\/v2\/posts\/26397\/revisions\/26399"}],"wp:featuredmedia":[{"embeddable":true,"href":"https:\/\/www.edugestores.pe\/index.php?rest_route=\/wp\/v2\/media\/26398"}],"wp:attachment":[{"href":"https:\/\/www.edugestores.pe\/index.php?rest_route=%2Fwp%2Fv2%2Fmedia&parent=26397"}],"wp:term":[{"taxonomy":"category","embeddable":true,"href":"https:\/\/www.edugestores.pe\/index.php?rest_route=%2Fwp%2Fv2%2Fcategories&post=26397"},{"taxonomy":"post_tag","embeddable":true,"href":"https:\/\/www.edugestores.pe\/index.php?rest_route=%2Fwp%2Fv2%2Ftags&post=26397"}],"curies":[{"name":"wp","href":"https:\/\/api.w.org\/{rel}","templated":true}]}}