{"id":26410,"date":"2020-06-15T19:40:38","date_gmt":"2020-06-16T00:40:38","guid":{"rendered":"https:\/\/www.edugestores.pe\/?p=26410"},"modified":"2020-06-23T21:33:56","modified_gmt":"2020-06-24T02:33:56","slug":"aporte-edugestor-preparandonos-para-reabrir-las-puertas-de-las-escuelas","status":"publish","type":"post","link":"https:\/\/www.edugestores.pe\/?p=26410","title":{"rendered":"Aporte Edugestor: Prepar\u00e1ndonos para reabrir las puertas de las escuelas"},"content":{"rendered":"<p style=\"text-align: justify;\">Sabino Tinta Ayma*<\/p>\n<p style=\"text-align: justify;\">El ministro de Educaci\u00f3n ha se\u00f1alado que est\u00e1 elaborando una propuesta para que los estudiantes que viven en zonas alejadas del pa\u00eds puedan reanudar las actividades escolares, sobre en todo en aquellos lugares que no cuentan con la conectividad o se\u00f1al de la multiplataforma tecnol\u00f3gica (TV, radio e internet), recurso destinado para la implementaci\u00f3n de la estrategia \u201cAprendo en Casa\u201d. \u00a0En ese sentido, las escuelas que podr\u00edan reabrir las puertas ser\u00edan las unidocentes y multigrados donde trabajan hasta m\u00e1ximo tres docentes, salvo algunas polidocentes, siempre y cuando se cumplan con el protocolo sanitario y entre otros requisitos.<\/p>\n<p style=\"text-align: justify;\">La preparaci\u00f3n de la vuelta a la escuela tras el confinamiento de 90 d\u00edas no es una idea descabellada, tampoco ser\u00e1 una tarea f\u00e1cil en un escenario de incertidumbre en la que estamos viviendo. Es importante tomar en cuenta algunos aspectos. Si bien la propagaci\u00f3n del COVID-19 empez\u00f3 en la capital de las principales regiones del pa\u00eds; sin embargo, en estas \u00faltimas semanas el contagio ha avanzado a las provincias, distritos, comunidades y poblaciones rurales, aunque no son muchos, pero ya existen casos. Ante este avance muchas comunidades de las provincias, sobre todo en las regiones tales como en Cusco, Apur\u00edmac, Puno, entre otras regiones del norte, centro y Sur han cerrado los territorios para protegerse. La gente vive asustada, desconfiada, como tambi\u00e9n preocupada por los golpes econ\u00f3micos. Los ni\u00f1os a\u00f1orando a la escuela. Esperando alg\u00fan se reabran las puertas.<\/p>\n<p style=\"text-align: justify;\">Es posible que a la fecha hay escuelas en las comunidades campesinas alejadas al contagio del COVID -19; sin embargo, el grueso de los docentes que trabajan en las escuelas de esas comunidades no siempre vive en el mismo lugar, el grueso de ellos proviene de otras provincias, en algunos casos provienen de la capital de la regi\u00f3n, lo cual implicar\u00e1 un viaje permanente, tomar una combi o cualquier otra movilidad para trasladarse a su respectivo centro de labores. Esto podr\u00eda resultar muy riesgoso, sobre todo por el contacto con otras personas (que podr\u00edan estar contagiados) durante el trayecto del viaje. Lo cual podr\u00eda ocasionar da\u00f1os irreparables a los estudiantes, padres de familia, teniendo en cuenta, de que, en esas comunidades apartadas no cuentan con servicios sanitarios.<\/p>\n<p style=\"text-align: justify;\">Carisa Etienne, directora de la Organizaci\u00f3n Panamericana de Salud (OPS), ha advertido esta semana de que la pandemia se encuentra en uno de los momentos m\u00e1s cr\u00edticos para el continente Americano y que la reapertura debe hacerse con cautela. \u201cNo abran demasiado r\u00e1pido, o corren el riesgo de un resurgimiento de covid-19 que podr\u00eda borrar la ventaja obtenida en los \u00faltimos meses. Consideren un enfoque geogr\u00e1fico para el bloqueo y apertura basado en la transmisi\u00f3n en entornos locales espec\u00edficos\u201d (Diario el Pa\u00eds)<\/p>\n<p style=\"text-align: justify;\">En ese sentido, la identificaci\u00f3n de zonas apartadas donde no hay contagio debe ser una tarea rigurosa, bajo responsabilidad funcional de las direcciones regionales de educaci\u00f3n y unidades de gesti\u00f3n educativas en estrecha coordinaci\u00f3n con los gobiernos regionales y locales, y sobre todo con la participaci\u00f3n multisectorial (sector salud, plataforma de defensa civil de los gobiernos locales y ministerio de inclusi\u00f3n social). Tambi\u00e9n es importante gestionar mecanismos de participaci\u00f3n de los docentes y padres de familia a fin de que las decisiones sean resultados de diferentes voces y en forma conjunta.<\/p>\n<p style=\"text-align: justify;\">Finalmente, a fin de salvaguardar la salud p\u00fablica de toda la comunidad educativa, la propuesta del Ministerio de Educaci\u00f3n de reabrir las escuelas en el \u00e1mbito rural (zonas alejadas), debe contemplar medidas prioritarias y urgentes, entre ellos, el saneamiento de servicios b\u00e1sicos, como agua potable, la implementaci\u00f3n de centros de salud cercana a la escuela, sobre todo con medicinas, equipos m\u00e9dicos, ambulantes, entre otras condiciones a fin de que los ni\u00f1os puedan ser evacuado ante un cualquier riesgo y\/o contagio. En muchas ocasiones en esos lugares los servicios sanitarios no llegan a toda la poblaci\u00f3n y tienen que hacer largos viajes para acceder a la sanidad p\u00fablica. Antes de reabrir la puerta de las escuelas, se debe garantizar las condiciones sanitarias.<\/p>\n<p style=\"text-align: justify;\">* Educador y escritor. Magister en Gesti\u00f3n de la Educaci\u00f3n por la Universidad Nacional Mayor de San Marcos. Tiene estudios de Doctorado en Educaci\u00f3n en la misma Universidad y es profesor de Lengua y Literatura egresado del IESP \u201cGregoria Santos\u201d de Sicuani. Ha trabajado por muchos a\u00f1os como docente en la escuela p\u00fablica, en los \u00faltimos a\u00f1os como especialista en las UGEL, en el Instituto de Investigaci\u00f3n y Pol\u00edticas Educativas de la Universidad Antonio Ruiz de Montoya y en el Ministerio de Educaci\u00f3n.<\/p>\n<p style=\"text-align: justify;\">Foto referencial<\/p>\n","protected":false},"excerpt":{"rendered":"<p>Sabino Tinta Ayma* El ministro de Educaci\u00f3n ha se\u00f1alado que est\u00e1 elaborando una propuesta para que los estudiantes que viven [&hellip;]<\/p>\n","protected":false},"author":63,"featured_media":26411,"comment_status":"open","ping_status":"open","sticky":false,"template":"","format":"standard","meta":{"spay_email":""},"categories":[1032,1072,125],"tags":[],"yoast_head":"<!-- This site is optimized with the Yoast SEO plugin v18.0 - https:\/\/yoast.com\/wordpress\/plugins\/seo\/ -->\n<title>Aporte Edugestor: Prepar\u00e1ndonos para reabrir las puertas de las escuelas - Red Peruana de Gestores de la Educaci\u00f3n<\/title>\n<meta name=\"robots\" content=\"index, follow, max-snippet:-1, max-image-preview:large, max-video-preview:-1\" \/>\n<link rel=\"canonical\" href=\"https:\/\/www.edugestores.pe\/?p=26410\" \/>\n<meta property=\"og:locale\" content=\"es_ES\" \/>\n<meta property=\"og:type\" content=\"article\" \/>\n<meta property=\"og:title\" content=\"Aporte Edugestor: Prepar\u00e1ndonos para reabrir las puertas de las escuelas - Red Peruana de Gestores de la Educaci\u00f3n\" \/>\n<meta property=\"og:description\" content=\"Sabino Tinta Ayma* El ministro de Educaci\u00f3n ha se\u00f1alado que est\u00e1 elaborando una propuesta para que los estudiantes que viven [&hellip;]\" \/>\n<meta property=\"og:url\" content=\"https:\/\/www.edugestores.pe\/?p=26410\" \/>\n<meta property=\"og:site_name\" content=\"Red Peruana de Gestores de la Educaci\u00f3n\" \/>\n<meta property=\"article:published_time\" content=\"2020-06-16T00:40:38+00:00\" \/>\n<meta property=\"article:modified_time\" content=\"2020-06-24T02:33:56+00:00\" \/>\n<meta property=\"og:image\" content=\"https:\/\/www.edugestores.pe\/wp-content\/uploads\/2020\/06\/3a-efe-.jpg\" \/>\n\t<meta property=\"og:image:width\" content=\"960\" \/>\n\t<meta property=\"og:image:height\" content=\"640\" \/>\n\t<meta property=\"og:image:type\" content=\"image\/jpeg\" \/>\n<meta name=\"twitter:card\" content=\"summary_large_image\" \/>\n<meta name=\"twitter:label1\" content=\"Escrito por\" \/>\n\t<meta name=\"twitter:data1\" content=\"Administrador\" \/>\n\t<meta name=\"twitter:label2\" content=\"Tiempo de lectura\" \/>\n\t<meta name=\"twitter:data2\" content=\"4 minutos\" \/>\n<script type=\"application\/ld+json\" class=\"yoast-schema-graph\">{\"@context\":\"https:\/\/schema.org\",\"@graph\":[{\"@type\":\"WebSite\",\"@id\":\"https:\/\/www.edugestores.pe\/#website\",\"url\":\"https:\/\/www.edugestores.pe\/\",\"name\":\"Red Peruana de Gestores de la Educaci\u00f3n\",\"description\":\"Red Peruana de Gestores de la Educaci\u00f3n\",\"potentialAction\":[{\"@type\":\"SearchAction\",\"target\":{\"@type\":\"EntryPoint\",\"urlTemplate\":\"https:\/\/www.edugestores.pe\/?s={search_term_string}\"},\"query-input\":\"required name=search_term_string\"}],\"inLanguage\":\"es\"},{\"@type\":\"ImageObject\",\"@id\":\"https:\/\/www.edugestores.pe\/?p=26410#primaryimage\",\"inLanguage\":\"es\",\"url\":\"https:\/\/www.edugestores.pe\/wp-content\/uploads\/2020\/06\/3a-efe-.jpg\",\"contentUrl\":\"https:\/\/www.edugestores.pe\/wp-content\/uploads\/2020\/06\/3a-efe-.jpg\",\"width\":960,\"height\":640},{\"@type\":\"WebPage\",\"@id\":\"https:\/\/www.edugestores.pe\/?p=26410#webpage\",\"url\":\"https:\/\/www.edugestores.pe\/?p=26410\",\"name\":\"Aporte Edugestor: Prepar\u00e1ndonos para reabrir las puertas de las escuelas - Red Peruana de Gestores de la Educaci\u00f3n\",\"isPartOf\":{\"@id\":\"https:\/\/www.edugestores.pe\/#website\"},\"primaryImageOfPage\":{\"@id\":\"https:\/\/www.edugestores.pe\/?p=26410#primaryimage\"},\"datePublished\":\"2020-06-16T00:40:38+00:00\",\"dateModified\":\"2020-06-24T02:33:56+00:00\",\"author\":{\"@id\":\"https:\/\/www.edugestores.pe\/#\/schema\/person\/30dc82f35f5853289037a64b35c7c7d3\"},\"breadcrumb\":{\"@id\":\"https:\/\/www.edugestores.pe\/?p=26410#breadcrumb\"},\"inLanguage\":\"es\",\"potentialAction\":[{\"@type\":\"ReadAction\",\"target\":[\"https:\/\/www.edugestores.pe\/?p=26410\"]}]},{\"@type\":\"BreadcrumbList\",\"@id\":\"https:\/\/www.edugestores.pe\/?p=26410#breadcrumb\",\"itemListElement\":[{\"@type\":\"ListItem\",\"position\":1,\"name\":\"Portada\",\"item\":\"https:\/\/www.edugestores.pe\/\"},{\"@type\":\"ListItem\",\"position\":2,\"name\":\"Aporte Edugestor: Prepar\u00e1ndonos para reabrir las puertas de las escuelas\"}]},{\"@type\":\"Person\",\"@id\":\"https:\/\/www.edugestores.pe\/#\/schema\/person\/30dc82f35f5853289037a64b35c7c7d3\",\"name\":\"Administrador\",\"image\":{\"@type\":\"ImageObject\",\"@id\":\"https:\/\/www.edugestores.pe\/#personlogo\",\"inLanguage\":\"es\",\"url\":\"https:\/\/secure.gravatar.com\/avatar\/70960d1239c4d2c778bb3d2786a3c1ae?s=96&d=mm&r=g\",\"contentUrl\":\"https:\/\/secure.gravatar.com\/avatar\/70960d1239c4d2c778bb3d2786a3c1ae?s=96&d=mm&r=g\",\"caption\":\"Administrador\"},\"url\":\"https:\/\/www.edugestores.pe\/?author=63\"}]}<\/script>\n<!-- \/ Yoast SEO plugin. -->","yoast_head_json":{"title":"Aporte Edugestor: Prepar\u00e1ndonos para reabrir las puertas de las escuelas - Red Peruana de Gestores de la Educaci\u00f3n","robots":{"index":"index","follow":"follow","max-snippet":"max-snippet:-1","max-image-preview":"max-image-preview:large","max-video-preview":"max-video-preview:-1"},"canonical":"https:\/\/www.edugestores.pe\/?p=26410","og_locale":"es_ES","og_type":"article","og_title":"Aporte Edugestor: Prepar\u00e1ndonos para reabrir las puertas de las escuelas - Red Peruana de Gestores de la Educaci\u00f3n","og_description":"Sabino Tinta Ayma* El ministro de Educaci\u00f3n ha se\u00f1alado que est\u00e1 elaborando una propuesta para que los estudiantes que viven [&hellip;]","og_url":"https:\/\/www.edugestores.pe\/?p=26410","og_site_name":"Red Peruana de Gestores de la Educaci\u00f3n","article_published_time":"2020-06-16T00:40:38+00:00","article_modified_time":"2020-06-24T02:33:56+00:00","og_image":[{"width":960,"height":640,"url":"https:\/\/www.edugestores.pe\/wp-content\/uploads\/2020\/06\/3a-efe-.jpg","type":"image\/jpeg"}],"twitter_card":"summary_large_image","twitter_misc":{"Escrito por":"Administrador","Tiempo de lectura":"4 minutos"},"schema":{"@context":"https:\/\/schema.org","@graph":[{"@type":"WebSite","@id":"https:\/\/www.edugestores.pe\/#website","url":"https:\/\/www.edugestores.pe\/","name":"Red Peruana de Gestores de la Educaci\u00f3n","description":"Red Peruana de Gestores de la Educaci\u00f3n","potentialAction":[{"@type":"SearchAction","target":{"@type":"EntryPoint","urlTemplate":"https:\/\/www.edugestores.pe\/?s={search_term_string}"},"query-input":"required name=search_term_string"}],"inLanguage":"es"},{"@type":"ImageObject","@id":"https:\/\/www.edugestores.pe\/?p=26410#primaryimage","inLanguage":"es","url":"https:\/\/www.edugestores.pe\/wp-content\/uploads\/2020\/06\/3a-efe-.jpg","contentUrl":"https:\/\/www.edugestores.pe\/wp-content\/uploads\/2020\/06\/3a-efe-.jpg","width":960,"height":640},{"@type":"WebPage","@id":"https:\/\/www.edugestores.pe\/?p=26410#webpage","url":"https:\/\/www.edugestores.pe\/?p=26410","name":"Aporte Edugestor: Prepar\u00e1ndonos para reabrir las puertas de las escuelas - Red Peruana de Gestores de la Educaci\u00f3n","isPartOf":{"@id":"https:\/\/www.edugestores.pe\/#website"},"primaryImageOfPage":{"@id":"https:\/\/www.edugestores.pe\/?p=26410#primaryimage"},"datePublished":"2020-06-16T00:40:38+00:00","dateModified":"2020-06-24T02:33:56+00:00","author":{"@id":"https:\/\/www.edugestores.pe\/#\/schema\/person\/30dc82f35f5853289037a64b35c7c7d3"},"breadcrumb":{"@id":"https:\/\/www.edugestores.pe\/?p=26410#breadcrumb"},"inLanguage":"es","potentialAction":[{"@type":"ReadAction","target":["https:\/\/www.edugestores.pe\/?p=26410"]}]},{"@type":"BreadcrumbList","@id":"https:\/\/www.edugestores.pe\/?p=26410#breadcrumb","itemListElement":[{"@type":"ListItem","position":1,"name":"Portada","item":"https:\/\/www.edugestores.pe\/"},{"@type":"ListItem","position":2,"name":"Aporte Edugestor: Prepar\u00e1ndonos para reabrir las puertas de las escuelas"}]},{"@type":"Person","@id":"https:\/\/www.edugestores.pe\/#\/schema\/person\/30dc82f35f5853289037a64b35c7c7d3","name":"Administrador","image":{"@type":"ImageObject","@id":"https:\/\/www.edugestores.pe\/#personlogo","inLanguage":"es","url":"https:\/\/secure.gravatar.com\/avatar\/70960d1239c4d2c778bb3d2786a3c1ae?s=96&d=mm&r=g","contentUrl":"https:\/\/secure.gravatar.com\/avatar\/70960d1239c4d2c778bb3d2786a3c1ae?s=96&d=mm&r=g","caption":"Administrador"},"url":"https:\/\/www.edugestores.pe\/?author=63"}]}},"jetpack_featured_media_url":"https:\/\/www.edugestores.pe\/wp-content\/uploads\/2020\/06\/3a-efe-.jpg","_links":{"self":[{"href":"https:\/\/www.edugestores.pe\/index.php?rest_route=\/wp\/v2\/posts\/26410"}],"collection":[{"href":"https:\/\/www.edugestores.pe\/index.php?rest_route=\/wp\/v2\/posts"}],"about":[{"href":"https:\/\/www.edugestores.pe\/index.php?rest_route=\/wp\/v2\/types\/post"}],"author":[{"embeddable":true,"href":"https:\/\/www.edugestores.pe\/index.php?rest_route=\/wp\/v2\/users\/63"}],"replies":[{"embeddable":true,"href":"https:\/\/www.edugestores.pe\/index.php?rest_route=%2Fwp%2Fv2%2Fcomments&post=26410"}],"version-history":[{"count":1,"href":"https:\/\/www.edugestores.pe\/index.php?rest_route=\/wp\/v2\/posts\/26410\/revisions"}],"predecessor-version":[{"id":26412,"href":"https:\/\/www.edugestores.pe\/index.php?rest_route=\/wp\/v2\/posts\/26410\/revisions\/26412"}],"wp:featuredmedia":[{"embeddable":true,"href":"https:\/\/www.edugestores.pe\/index.php?rest_route=\/wp\/v2\/media\/26411"}],"wp:attachment":[{"href":"https:\/\/www.edugestores.pe\/index.php?rest_route=%2Fwp%2Fv2%2Fmedia&parent=26410"}],"wp:term":[{"taxonomy":"category","embeddable":true,"href":"https:\/\/www.edugestores.pe\/index.php?rest_route=%2Fwp%2Fv2%2Fcategories&post=26410"},{"taxonomy":"post_tag","embeddable":true,"href":"https:\/\/www.edugestores.pe\/index.php?rest_route=%2Fwp%2Fv2%2Ftags&post=26410"}],"curies":[{"name":"wp","href":"https:\/\/api.w.org\/{rel}","templated":true}]}}