{"id":26440,"date":"2020-06-17T13:46:30","date_gmt":"2020-06-17T18:46:30","guid":{"rendered":"https:\/\/www.edugestores.pe\/?p=26440"},"modified":"2020-06-23T21:34:25","modified_gmt":"2020-06-24T02:34:25","slug":"minedu-autoriza-el-inicio-de-clases-presenciales-en-zonas-rurales-a-partir-del-1-de-julio","status":"publish","type":"post","link":"https:\/\/www.edugestores.pe\/?p=26440","title":{"rendered":"Minedu autoriza el inicio de clases presenciales en zonas rurales a partir del 1 de julio"},"content":{"rendered":"<p class=\"story-contents__font-paragraph \" style=\"text-align: justify;\">El\u00a0Ministerio de Educaci\u00f3n (Minedu)\u00a0dispuso el inicio de clases escolares presenciales en algunas zonas rurales del pa\u00eds a partir del 1 de julio, con limitado acceso a medios de comunicaci\u00f3n y conectividad, y se registren nulo nivel de contagio por el nuevo\u00a0coronavirus. Ser\u00e1n las direcciones regionales las que autoricen la prestaci\u00f3n del servicio educativo.<\/p>\n<p class=\"story-contents__font-paragraph \" style=\"text-align: justify;\">A trav\u00e9s de la\u00a0Resoluci\u00f3n Ministerial N\u00b0229-2020-Minedu, publicada hoy en la separata de Normas Legales del diario El Peruano, se establecen disposiciones respecto al inicio de la prestaci\u00f3n presencial del servicio educativo en instituciones de educaci\u00f3n b\u00e1sica de los niveles de primaria y secundaria, ubicadas en el \u00e1mbito rural.<\/p>\n<ul class=\"story-contents__paragraph-list\" style=\"text-align: justify;\">\n<li>Licencia de conducir: separa aqu\u00ed una cita virtual tras reanudaci\u00f3n de entrega de brevetes<\/li>\n<li>Coronavirus en Per\u00fa: decano del Colegio M\u00e9dico opin\u00f3 que se deber\u00eda levantar cuarentena antes del 30 de junio<\/li>\n<\/ul>\n<div id=\"gpt_inline\" style=\"text-align: justify;\" data-ads-name=\"\/28253241\/elcomercio\/web\/post\/lima\/inline\" data-ads-dimensions=\"[[1,1]]\" data-ads-dimensions-m=\"[[1,1]]\" data-google-query-id=\"CLfx_7DAieoCFfQxuQYdfjICUw\"><i>\u201cFacultar a las Direcciones Regionales de Educaci\u00f3n o las que hagan sus veces, a autorizar, de manera excepcional, a partir del 01 de julio de 2020, el inicio de la prestaci\u00f3n presencial del servicio educativo en las instituciones educativas p\u00fablicas [\u2026] con limitado acceso a medios de comunicaci\u00f3n y conectividad, y en donde se registre nulo nivel de contagio de COVID-19 de acuerdo a los reportes actualizados de las autoridades de salud\u201d<\/i>, se\u00f1ala la norma.<\/div>\n<h2 class=\"\" style=\"text-align: justify;\"><\/h2>\n<h2 class=\"\" style=\"text-align: justify;\">Solicitud y verificaci\u00f3n<\/h2>\n<p class=\"story-contents__font-paragraph \" style=\"text-align: justify;\">El dispositivo indica que las Direcciones Regionales de Educaci\u00f3n informar\u00e1n al Minedu sobre las autorizaciones concedidas y la verificaci\u00f3n del cumplimiento de las condiciones m\u00ednimas establecidas en la resoluci\u00f3n.<\/p>\n<div id=\"gpt_caja4\" style=\"text-align: justify;\" data-ads-name=\"\/28253241\/elcomercio\/web\/post\/lima\/caja4\" data-ads-dimensions-m=\"[[300, 100], [320, 50], [300, 50], [320, 100], [300, 250]]\">\u00a0Para ello, previamente, las Direcciones Regionales de Educaci\u00f3n deber\u00e1n recibir la propuesta de las Unidades de Gesti\u00f3n Educativa Local; quienes, previa solicitud del director de la instituci\u00f3n educativa donde se prestar\u00eda el servicio de manera presencial verifica el cumplimiento de las condiciones m\u00ednimas establecidas.<\/div>\n<p class=\"story-contents__font-paragraph \" style=\"text-align: justify;\">\u201cLas autoridades locales y comunales pueden solicitar la apertura de las instituciones educativas de su jurisdicci\u00f3n, ante el director de la instituci\u00f3n educativa o ante la Unidad de Gesti\u00f3n Educativa Local correspondiente. Las Unidades de Gesti\u00f3n Educativa Local pueden promover de oficio el inicio de la prestaci\u00f3n presencial del servicio educativo\u201d, precisa el documento.<\/p>\n<div id=\"gpt_caja5\" style=\"text-align: justify;\" data-ads-name=\"\/28253241\/elcomercio\/web\/post\/lima\/caja5\" data-ads-dimensions-m=\"[[300, 100], [320, 50], [300, 50], [320, 100], [300, 250]]\">Las Unidades de Gesti\u00f3n Educativa Local deben acompa\u00f1ar a su propuesta la informaci\u00f3n proporcionada por las autoridades regionales o locales de salud respecto al estado del avance del COVID-19 en su jurisdicci\u00f3n. Asimismo, las Direcciones Regionales de Educaci\u00f3n verifican que la informaci\u00f3n brindada por las autoridades regionales o locales de salud, que haya sido alcanzada por las Unidades de Gesti\u00f3n Educativa Local, se encuentre debidamente actualizada.<\/div>\n<h2 class=\"\" style=\"text-align: justify;\">Inicio de clases<\/h2>\n<p class=\"story-contents__font-paragraph \" style=\"text-align: justify;\">Para el inicio de la prestaci\u00f3n presencial del servicio educativo, la Unidades de Gesti\u00f3n Educativa Local y las Direcciones Regionales de Educaci\u00f3n o las que hagan sus veces, en el marco de sus competencias, deben verificar el cumplimiento obligatorio, en forma concurrente, cada una de las siguientes condiciones m\u00ednimas:<\/p>\n<p class=\"story-contents__font-paragraph \" style=\"text-align: justify;\">a.\u00a0El distrito, la comunidad o centro poblado donde est\u00e1 ubicada la instituci\u00f3n educativa, tenga 0 casos de COVID-19, y la provincia tenga 10 o menos casos positivos, en los \u00faltimos 14 d\u00edas. Esto ser\u00e1 verificado considerando la informaci\u00f3n oficial otorgada por las autoridades de salud que correspondan.<\/p>\n<p class=\"story-contents__font-paragraph \" style=\"text-align: justify;\">b. La instituci\u00f3n educativa es de caracter\u00edstica rural de las gradientes 1 o 2.<\/p>\n<p class=\"story-contents__font-paragraph \" style=\"text-align: justify;\">c. El personal docente y directivo resida o se encuentre cumpliendo el aislamiento obligatorio en el centro poblado o comunidad de ubicaci\u00f3n de la instituci\u00f3n educativa, y cuente con despistaje negativo de\u00a0COVID-19. Para ello, las Unidades de Gesti\u00f3n Educativa Local o las Direcciones Regionales de Educaci\u00f3n deber\u00e1n coordinar con las autoridades de salud de la localidad.<\/p>\n<p class=\"story-contents__font-paragraph \" style=\"text-align: justify;\">d. Debe existir la conformidad formal, por escrito, para el inicio de la prestaci\u00f3n presencial del servicio educativo, de las autoridades locales, comunales, pol\u00edticas, organizaciones ind\u00edgenas o de base, prefectura y de la comunidad educativa, seg\u00fan corresponda.<\/p>\n<p class=\"story-contents__font-paragraph \" style=\"text-align: justify;\">e. La Unidad de Gesti\u00f3n Educativa Local debe asegurar que el personal de la instituci\u00f3n educativa cuente con los materiales de limpieza y otros se\u00f1alados en el protocolo de retorno al servicio educativo presencial.<\/p>\n<p class=\"story-contents__font-paragraph \" style=\"text-align: justify;\">f. La instituci\u00f3n educativa re\u00fana las condiciones de salubridad y espacios adecuados, de acuerdo con las disposiciones emitidas para el eventual retorno al servicio educativo presencial que ser\u00e1n aprobadas por el Ministerio de Educaci\u00f3n.<\/p>\n<p class=\"story-contents__font-paragraph \" style=\"text-align: justify;\">El Ministerio de Educaci\u00f3n, a trav\u00e9s del \u00f3rgano correspondiente, inform\u00f3 que aprob\u00f3 el protocolo de retorno al servicio educativo presencial, as\u00ed como las disposiciones pedag\u00f3gicas adicionales que sean necesarias para brindar el servicio educativo presencial en emergencia sanitaria en las zonas rurales.<\/p>\n<p class=\"story-contents__font-paragraph \" style=\"text-align: justify;\">Como se recuerda, el retorno de las clases presenciales estaba programada para el 4 de mayo, pero el gobierno decidi\u00f3 posponerlas de manera indefinida, debido a que a\u00fan persiste el riesgo de contagio por\u00a0coronavirus\u00a0entre los escolares.<\/p>\n<p class=\"story-contents__font-paragraph \" style=\"text-align: justify;\">Como alternativa, el gobierno dispuso la educaci\u00f3n escolar a distancia, tanto para colegios privados como p\u00fablicos. Para estos \u00faltimos se implement\u00f3 la plataforma\u00a0Aprendo en Casa. No obstante, en algunas zonas del interior del pa\u00eds esta estrategia no ha alcanzado a un grupo de estudiantes debido a que no existe conexi\u00f3n con internet.<\/p>\n<p class=\"story-contents__font-paragraph \" style=\"text-align: justify;\">A inicios de mayo, el ministro de Educaci\u00f3n,\u00a0Mart\u00edn Benavides, adelant\u00f3 que se evaluaba la posibilidad que las clases escolares presenciales puedan reiniciarse este a\u00f1o en algunas zonas rurales del pa\u00eds, pero siempre cumpliendo estrictamente los protocolos de salubridad y distanciamiento social, para evitar los contagios por\u00a0coronavirus.<\/p>\n<p class=\"story-contents__font-paragraph \" style=\"text-align: justify;\">Tomado de El Comercio<\/p>\n","protected":false},"excerpt":{"rendered":"<p>El\u00a0Ministerio de Educaci\u00f3n (Minedu)\u00a0dispuso el inicio de clases escolares presenciales en algunas zonas rurales del pa\u00eds a partir del 1 [&hellip;]<\/p>\n","protected":false},"author":63,"featured_media":26441,"comment_status":"open","ping_status":"open","sticky":false,"template":"","format":"standard","meta":{"spay_email":""},"categories":[125],"tags":[],"yoast_head":"<!-- This site is optimized with the Yoast SEO plugin v18.0 - https:\/\/yoast.com\/wordpress\/plugins\/seo\/ -->\n<title>Minedu autoriza el inicio de clases presenciales en zonas rurales a partir del 1 de julio - Red Peruana de Gestores de la Educaci\u00f3n<\/title>\n<meta name=\"robots\" content=\"index, follow, max-snippet:-1, max-image-preview:large, max-video-preview:-1\" \/>\n<link rel=\"canonical\" href=\"https:\/\/www.edugestores.pe\/?p=26440\" \/>\n<meta property=\"og:locale\" content=\"es_ES\" \/>\n<meta property=\"og:type\" content=\"article\" \/>\n<meta property=\"og:title\" content=\"Minedu autoriza el inicio de clases presenciales en zonas rurales a partir del 1 de julio - Red Peruana de Gestores de la Educaci\u00f3n\" \/>\n<meta property=\"og:description\" content=\"El\u00a0Ministerio de Educaci\u00f3n (Minedu)\u00a0dispuso el inicio de clases escolares presenciales en algunas zonas rurales del pa\u00eds a partir del 1 [&hellip;]\" \/>\n<meta property=\"og:url\" content=\"https:\/\/www.edugestores.pe\/?p=26440\" \/>\n<meta property=\"og:site_name\" content=\"Red Peruana de Gestores de la Educaci\u00f3n\" \/>\n<meta property=\"article:published_time\" content=\"2020-06-17T18:46:30+00:00\" \/>\n<meta property=\"article:modified_time\" content=\"2020-06-24T02:34:25+00:00\" \/>\n<meta property=\"og:image\" content=\"https:\/\/www.edugestores.pe\/wp-content\/uploads\/2020\/06\/WHD57MZWRVAUNOWHXARS3NFG5A.jpg\" \/>\n\t<meta property=\"og:image:width\" content=\"980\" \/>\n\t<meta property=\"og:image:height\" content=\"528\" \/>\n\t<meta property=\"og:image:type\" content=\"image\/jpeg\" \/>\n<meta name=\"twitter:card\" content=\"summary_large_image\" \/>\n<meta name=\"twitter:label1\" content=\"Escrito por\" \/>\n\t<meta name=\"twitter:data1\" content=\"Administrador\" \/>\n\t<meta name=\"twitter:label2\" content=\"Tiempo de lectura\" \/>\n\t<meta name=\"twitter:data2\" content=\"5 minutos\" \/>\n<script type=\"application\/ld+json\" class=\"yoast-schema-graph\">{\"@context\":\"https:\/\/schema.org\",\"@graph\":[{\"@type\":\"WebSite\",\"@id\":\"https:\/\/www.edugestores.pe\/#website\",\"url\":\"https:\/\/www.edugestores.pe\/\",\"name\":\"Red Peruana de Gestores de la Educaci\u00f3n\",\"description\":\"Red Peruana de Gestores de la Educaci\u00f3n\",\"potentialAction\":[{\"@type\":\"SearchAction\",\"target\":{\"@type\":\"EntryPoint\",\"urlTemplate\":\"https:\/\/www.edugestores.pe\/?s={search_term_string}\"},\"query-input\":\"required name=search_term_string\"}],\"inLanguage\":\"es\"},{\"@type\":\"ImageObject\",\"@id\":\"https:\/\/www.edugestores.pe\/?p=26440#primaryimage\",\"inLanguage\":\"es\",\"url\":\"https:\/\/www.edugestores.pe\/wp-content\/uploads\/2020\/06\/WHD57MZWRVAUNOWHXARS3NFG5A.jpg\",\"contentUrl\":\"https:\/\/www.edugestores.pe\/wp-content\/uploads\/2020\/06\/WHD57MZWRVAUNOWHXARS3NFG5A.jpg\",\"width\":980,\"height\":528},{\"@type\":\"WebPage\",\"@id\":\"https:\/\/www.edugestores.pe\/?p=26440#webpage\",\"url\":\"https:\/\/www.edugestores.pe\/?p=26440\",\"name\":\"Minedu autoriza el inicio de clases presenciales en zonas rurales a partir del 1 de julio - Red Peruana de Gestores de la Educaci\u00f3n\",\"isPartOf\":{\"@id\":\"https:\/\/www.edugestores.pe\/#website\"},\"primaryImageOfPage\":{\"@id\":\"https:\/\/www.edugestores.pe\/?p=26440#primaryimage\"},\"datePublished\":\"2020-06-17T18:46:30+00:00\",\"dateModified\":\"2020-06-24T02:34:25+00:00\",\"author\":{\"@id\":\"https:\/\/www.edugestores.pe\/#\/schema\/person\/30dc82f35f5853289037a64b35c7c7d3\"},\"breadcrumb\":{\"@id\":\"https:\/\/www.edugestores.pe\/?p=26440#breadcrumb\"},\"inLanguage\":\"es\",\"potentialAction\":[{\"@type\":\"ReadAction\",\"target\":[\"https:\/\/www.edugestores.pe\/?p=26440\"]}]},{\"@type\":\"BreadcrumbList\",\"@id\":\"https:\/\/www.edugestores.pe\/?p=26440#breadcrumb\",\"itemListElement\":[{\"@type\":\"ListItem\",\"position\":1,\"name\":\"Portada\",\"item\":\"https:\/\/www.edugestores.pe\/\"},{\"@type\":\"ListItem\",\"position\":2,\"name\":\"Minedu autoriza el inicio de clases presenciales en zonas rurales a partir del 1 de julio\"}]},{\"@type\":\"Person\",\"@id\":\"https:\/\/www.edugestores.pe\/#\/schema\/person\/30dc82f35f5853289037a64b35c7c7d3\",\"name\":\"Administrador\",\"image\":{\"@type\":\"ImageObject\",\"@id\":\"https:\/\/www.edugestores.pe\/#personlogo\",\"inLanguage\":\"es\",\"url\":\"https:\/\/secure.gravatar.com\/avatar\/70960d1239c4d2c778bb3d2786a3c1ae?s=96&d=mm&r=g\",\"contentUrl\":\"https:\/\/secure.gravatar.com\/avatar\/70960d1239c4d2c778bb3d2786a3c1ae?s=96&d=mm&r=g\",\"caption\":\"Administrador\"},\"url\":\"https:\/\/www.edugestores.pe\/?author=63\"}]}<\/script>\n<!-- \/ Yoast SEO plugin. -->","yoast_head_json":{"title":"Minedu autoriza el inicio de clases presenciales en zonas rurales a partir del 1 de julio - Red Peruana de Gestores de la Educaci\u00f3n","robots":{"index":"index","follow":"follow","max-snippet":"max-snippet:-1","max-image-preview":"max-image-preview:large","max-video-preview":"max-video-preview:-1"},"canonical":"https:\/\/www.edugestores.pe\/?p=26440","og_locale":"es_ES","og_type":"article","og_title":"Minedu autoriza el inicio de clases presenciales en zonas rurales a partir del 1 de julio - Red Peruana de Gestores de la Educaci\u00f3n","og_description":"El\u00a0Ministerio de Educaci\u00f3n (Minedu)\u00a0dispuso el inicio de clases escolares presenciales en algunas zonas rurales del pa\u00eds a partir del 1 [&hellip;]","og_url":"https:\/\/www.edugestores.pe\/?p=26440","og_site_name":"Red Peruana de Gestores de la Educaci\u00f3n","article_published_time":"2020-06-17T18:46:30+00:00","article_modified_time":"2020-06-24T02:34:25+00:00","og_image":[{"width":980,"height":528,"url":"https:\/\/www.edugestores.pe\/wp-content\/uploads\/2020\/06\/WHD57MZWRVAUNOWHXARS3NFG5A.jpg","type":"image\/jpeg"}],"twitter_card":"summary_large_image","twitter_misc":{"Escrito por":"Administrador","Tiempo de lectura":"5 minutos"},"schema":{"@context":"https:\/\/schema.org","@graph":[{"@type":"WebSite","@id":"https:\/\/www.edugestores.pe\/#website","url":"https:\/\/www.edugestores.pe\/","name":"Red Peruana de Gestores de la Educaci\u00f3n","description":"Red Peruana de Gestores de la Educaci\u00f3n","potentialAction":[{"@type":"SearchAction","target":{"@type":"EntryPoint","urlTemplate":"https:\/\/www.edugestores.pe\/?s={search_term_string}"},"query-input":"required name=search_term_string"}],"inLanguage":"es"},{"@type":"ImageObject","@id":"https:\/\/www.edugestores.pe\/?p=26440#primaryimage","inLanguage":"es","url":"https:\/\/www.edugestores.pe\/wp-content\/uploads\/2020\/06\/WHD57MZWRVAUNOWHXARS3NFG5A.jpg","contentUrl":"https:\/\/www.edugestores.pe\/wp-content\/uploads\/2020\/06\/WHD57MZWRVAUNOWHXARS3NFG5A.jpg","width":980,"height":528},{"@type":"WebPage","@id":"https:\/\/www.edugestores.pe\/?p=26440#webpage","url":"https:\/\/www.edugestores.pe\/?p=26440","name":"Minedu autoriza el inicio de clases presenciales en zonas rurales a partir del 1 de julio - Red Peruana de Gestores de la Educaci\u00f3n","isPartOf":{"@id":"https:\/\/www.edugestores.pe\/#website"},"primaryImageOfPage":{"@id":"https:\/\/www.edugestores.pe\/?p=26440#primaryimage"},"datePublished":"2020-06-17T18:46:30+00:00","dateModified":"2020-06-24T02:34:25+00:00","author":{"@id":"https:\/\/www.edugestores.pe\/#\/schema\/person\/30dc82f35f5853289037a64b35c7c7d3"},"breadcrumb":{"@id":"https:\/\/www.edugestores.pe\/?p=26440#breadcrumb"},"inLanguage":"es","potentialAction":[{"@type":"ReadAction","target":["https:\/\/www.edugestores.pe\/?p=26440"]}]},{"@type":"BreadcrumbList","@id":"https:\/\/www.edugestores.pe\/?p=26440#breadcrumb","itemListElement":[{"@type":"ListItem","position":1,"name":"Portada","item":"https:\/\/www.edugestores.pe\/"},{"@type":"ListItem","position":2,"name":"Minedu autoriza el inicio de clases presenciales en zonas rurales a partir del 1 de julio"}]},{"@type":"Person","@id":"https:\/\/www.edugestores.pe\/#\/schema\/person\/30dc82f35f5853289037a64b35c7c7d3","name":"Administrador","image":{"@type":"ImageObject","@id":"https:\/\/www.edugestores.pe\/#personlogo","inLanguage":"es","url":"https:\/\/secure.gravatar.com\/avatar\/70960d1239c4d2c778bb3d2786a3c1ae?s=96&d=mm&r=g","contentUrl":"https:\/\/secure.gravatar.com\/avatar\/70960d1239c4d2c778bb3d2786a3c1ae?s=96&d=mm&r=g","caption":"Administrador"},"url":"https:\/\/www.edugestores.pe\/?author=63"}]}},"jetpack_featured_media_url":"https:\/\/www.edugestores.pe\/wp-content\/uploads\/2020\/06\/WHD57MZWRVAUNOWHXARS3NFG5A.jpg","_links":{"self":[{"href":"https:\/\/www.edugestores.pe\/index.php?rest_route=\/wp\/v2\/posts\/26440"}],"collection":[{"href":"https:\/\/www.edugestores.pe\/index.php?rest_route=\/wp\/v2\/posts"}],"about":[{"href":"https:\/\/www.edugestores.pe\/index.php?rest_route=\/wp\/v2\/types\/post"}],"author":[{"embeddable":true,"href":"https:\/\/www.edugestores.pe\/index.php?rest_route=\/wp\/v2\/users\/63"}],"replies":[{"embeddable":true,"href":"https:\/\/www.edugestores.pe\/index.php?rest_route=%2Fwp%2Fv2%2Fcomments&post=26440"}],"version-history":[{"count":1,"href":"https:\/\/www.edugestores.pe\/index.php?rest_route=\/wp\/v2\/posts\/26440\/revisions"}],"predecessor-version":[{"id":26442,"href":"https:\/\/www.edugestores.pe\/index.php?rest_route=\/wp\/v2\/posts\/26440\/revisions\/26442"}],"wp:featuredmedia":[{"embeddable":true,"href":"https:\/\/www.edugestores.pe\/index.php?rest_route=\/wp\/v2\/media\/26441"}],"wp:attachment":[{"href":"https:\/\/www.edugestores.pe\/index.php?rest_route=%2Fwp%2Fv2%2Fmedia&parent=26440"}],"wp:term":[{"taxonomy":"category","embeddable":true,"href":"https:\/\/www.edugestores.pe\/index.php?rest_route=%2Fwp%2Fv2%2Fcategories&post=26440"},{"taxonomy":"post_tag","embeddable":true,"href":"https:\/\/www.edugestores.pe\/index.php?rest_route=%2Fwp%2Fv2%2Ftags&post=26440"}],"curies":[{"name":"wp","href":"https:\/\/api.w.org\/{rel}","templated":true}]}}