{"id":26470,"date":"2020-06-18T12:02:38","date_gmt":"2020-06-18T17:02:38","guid":{"rendered":"https:\/\/www.edugestores.pe\/?p=26470"},"modified":"2020-07-03T10:06:16","modified_gmt":"2020-07-03T15:06:16","slug":"la-autonomia-escolar-fue-debatida-ampliamente-en-reunion-de-la-mesa-de-gestion-descentralizada-del-cne","status":"publish","type":"post","link":"https:\/\/www.edugestores.pe\/?p=26470","title":{"rendered":"La autonom\u00eda escolar fue debatida ampliamente en reuni\u00f3n de la Mesa de Gesti\u00f3n Descentralizada del CNE"},"content":{"rendered":"<p style=\"text-align: justify;\">El Consejo Nacional de Educaci\u00f3n, a trav\u00e9s de su Mesa Interinstitucional de Gesti\u00f3n Descentralizada y Equidad, realiz\u00f3 una reuni\u00f3n de trabajo cuyo tema central fue la autonom\u00eda. Como panelistas estuvieron, Ana Bertha Quiroz, directora de la I. E. 7059 Jos\u00e9 Antonio Encinas Franco, y Flor Pablo, ex ministra de Educaci\u00f3n, quienes coincidieron en que este tema es una promesa pendiente y para concretarla, urge realizar cambios sustanciales en el sistema educativo. Edugestores particip\u00f3 en esta sesi\u00f3n.<\/p>\n<p style=\"text-align: justify;\">Quiroz se\u00f1al\u00f3 que la autonom\u00eda escolar tiene por objetivo que en cada escuela se constituya una comunidad y un proyecto de trabajo, en donde prevalezca una visi\u00f3n com\u00fan, comunicaci\u00f3n, coordinaci\u00f3n y colaboraci\u00f3n efectiva, entre directivos, docentes, estudiantes, familias y autoridades en torno al prop\u00f3sito de mejorar continuamente el servicio educativo y establecer el mejor camino para hacerlo.<\/p>\n<p style=\"text-align: justify;\">Como escuela, indic\u00f3, se trabaja activamente en el protagonismo de los estudiantes, haci\u00e9ndolos participar intensamente en los comit\u00e9s de trabajo con los docentes y las familias. \u201cLos chicos y chicas dise\u00f1aron diversas propuestas, por ejemplo, la elaboraci\u00f3n de sus uniformes y el planteamiento de temas para sus talleres, los cuales se desarrollan con el apoyo de profesionales voluntarios\u201d, manifest\u00f3 la directora Ana Bertha Quiroz, quien adem\u00e1s comparti\u00f3 la experiencia desarrollada con la Defensor\u00eda Escolar que permite el apoyo entre compa\u00f1eros y, de ser necesario, tener consultas con psic\u00f3logos aliados.<\/p>\n<p style=\"text-align: justify;\">Asimismo, destac\u00f3 la importancia de la capacitaci\u00f3n permanente del director de escuela, quien debe tener una visi\u00f3n compartida con la comunidad educativa, buenas relaciones interpersonales y compromiso para gestionar con diversos actores en el territorio; as\u00ed como, conocer sobre normas legales y trabajo en equipo. Finalmente, solicit\u00f3 a las diferentes instancias de gesti\u00f3n educativa tener mayor claridad sobre las normas y pedidos que llegan a las escuelas.<\/p>\n<p style=\"text-align: justify;\">Por su parte, Flor Pablo hizo hincapi\u00e9 que debemos reflexionar sobre la autonom\u00eda que necesitamos. \u201cToda esta din\u00e1mica vinculada a la autonom\u00eda es para que los estudiantes se sientan felices, es decir una escuela que busque formar ciudadanos. Muchas veces se utiliza la autonom\u00eda en beneficio de algunos malos directivos, pero esa actitud es tambi\u00e9n un tema cultural. Aprovechando la coyuntura del nuevo PEN, creo que deber\u00edamos pensar que, as\u00ed como planteamos una educaci\u00f3n a lo largo de la vida centrada en las personas, tenemos que plantearnos para qu\u00e9 necesitamos autonom\u00eda escolar\u201d, dijo.<\/p>\n<p style=\"text-align: justify;\">Tambi\u00e9n se refiri\u00f3 a la creaci\u00f3n de una escuela nacional de directores y a la propuesta de directores mentores, en la cual los docentes con mayor experiencia apoyan y acompa\u00f1an a los profesores m\u00e1s j\u00f3venes compartiendo sus vivencias. Dijo, adem\u00e1s, que en el Per\u00fa existe un problema cr\u00edtico, que no debemos dejar de mencionar y atender, como la falta de condiciones en los servicios b\u00e1sicos de las escuelas.<\/p>\n<p style=\"text-align: justify;\">Otra limitaci\u00f3n que abord\u00f3 Flor Pablo en la autonom\u00eda escolar fue la atomizaci\u00f3n del servicio educativo, que podr\u00eda integrarse seg\u00fan cercan\u00eda territorial. Dijo adem\u00e1s que \u201cla realidad nos muestra que a\u00fan tenemos directores que tienen aula a cargo y no pueden dedicarse a tiempo completo a la funci\u00f3n de gesti\u00f3n\u201d.<\/p>\n<p style=\"text-align: justify;\">Finalmente, ambas panelistas concordaron en que la autonom\u00eda escolar debe tener como protagonistas del cambio a los actores educativos, as\u00ed como permitir asegurar el derecho a la educaci\u00f3n de todos y todas.<\/p>\n<p style=\"text-align: justify;\">Esta sesi\u00f3n fue conducida por el consejero coordinador Mart\u00edn Vegas y cont\u00f3 con la presencia de la regi\u00f3n Cajamarca, a trav\u00e9s del representante de la DRE. Participaron aproximadamente 40 instituciones como Edugestores, Sineace, Gestiona y Aprende, Prisma, Unicef, Proyecto de Apoyo de la Cooperaci\u00f3n Canadiense, Tarea, Comunidades de Aprendizaje, Desarrollo y Autogesti\u00f3n D &amp; A Semilla, Colectivo Equidad y diversidad cultural, Ense\u00f1a Per\u00fa, IPAE, Alternativa Per\u00fa, Foro Educativo y CIPCA. Tambi\u00e9n estuvieron presentes tambi\u00e9n los consejeros Patricia Arregui, Dante C\u00f3rdova y Ram\u00f3n Barua.\n<\/p>\n<p style=\"text-align: justify;\">Nota del CNE<\/p>\n","protected":false},"excerpt":{"rendered":"<p>El Consejo Nacional de Educaci\u00f3n, a trav\u00e9s de su Mesa Interinstitucional de Gesti\u00f3n Descentralizada y Equidad, realiz\u00f3 una reuni\u00f3n de [&hellip;]<\/p>\n","protected":false},"author":63,"featured_media":26471,"comment_status":"open","ping_status":"open","sticky":false,"template":"","format":"standard","meta":{"spay_email":""},"categories":[125],"tags":[],"yoast_head":"<!-- This site is optimized with the Yoast SEO plugin v18.0 - https:\/\/yoast.com\/wordpress\/plugins\/seo\/ -->\n<title>La autonom\u00eda escolar fue debatida ampliamente en reuni\u00f3n de la Mesa de Gesti\u00f3n Descentralizada del CNE - Red Peruana de Gestores de la Educaci\u00f3n<\/title>\n<meta name=\"robots\" content=\"index, follow, max-snippet:-1, max-image-preview:large, max-video-preview:-1\" \/>\n<link rel=\"canonical\" href=\"https:\/\/www.edugestores.pe\/?p=26470\" \/>\n<meta property=\"og:locale\" content=\"es_ES\" \/>\n<meta property=\"og:type\" content=\"article\" \/>\n<meta property=\"og:title\" content=\"La autonom\u00eda escolar fue debatida ampliamente en reuni\u00f3n de la Mesa de Gesti\u00f3n Descentralizada del CNE - Red Peruana de Gestores de la Educaci\u00f3n\" \/>\n<meta property=\"og:description\" content=\"El Consejo Nacional de Educaci\u00f3n, a trav\u00e9s de su Mesa Interinstitucional de Gesti\u00f3n Descentralizada y Equidad, realiz\u00f3 una reuni\u00f3n de [&hellip;]\" \/>\n<meta property=\"og:url\" content=\"https:\/\/www.edugestores.pe\/?p=26470\" \/>\n<meta property=\"og:site_name\" content=\"Red Peruana de Gestores de la Educaci\u00f3n\" \/>\n<meta property=\"article:published_time\" content=\"2020-06-18T17:02:38+00:00\" \/>\n<meta property=\"article:modified_time\" content=\"2020-07-03T15:06:16+00:00\" \/>\n<meta property=\"og:image\" content=\"https:\/\/www.edugestores.pe\/wp-content\/uploads\/2020\/06\/EavHr5kWAAEfGVG.png\" \/>\n\t<meta property=\"og:image:width\" content=\"640\" \/>\n\t<meta property=\"og:image:height\" content=\"392\" \/>\n\t<meta property=\"og:image:type\" content=\"image\/png\" \/>\n<meta name=\"twitter:card\" content=\"summary_large_image\" \/>\n<meta name=\"twitter:label1\" content=\"Escrito por\" \/>\n\t<meta name=\"twitter:data1\" content=\"Administrador\" \/>\n\t<meta name=\"twitter:label2\" content=\"Tiempo de lectura\" \/>\n\t<meta name=\"twitter:data2\" content=\"3 minutos\" \/>\n<script type=\"application\/ld+json\" class=\"yoast-schema-graph\">{\"@context\":\"https:\/\/schema.org\",\"@graph\":[{\"@type\":\"WebSite\",\"@id\":\"https:\/\/www.edugestores.pe\/#website\",\"url\":\"https:\/\/www.edugestores.pe\/\",\"name\":\"Red Peruana de Gestores de la Educaci\u00f3n\",\"description\":\"Red Peruana de Gestores de la Educaci\u00f3n\",\"potentialAction\":[{\"@type\":\"SearchAction\",\"target\":{\"@type\":\"EntryPoint\",\"urlTemplate\":\"https:\/\/www.edugestores.pe\/?s={search_term_string}\"},\"query-input\":\"required name=search_term_string\"}],\"inLanguage\":\"es\"},{\"@type\":\"ImageObject\",\"@id\":\"https:\/\/www.edugestores.pe\/?p=26470#primaryimage\",\"inLanguage\":\"es\",\"url\":\"https:\/\/www.edugestores.pe\/wp-content\/uploads\/2020\/06\/EavHr5kWAAEfGVG.png\",\"contentUrl\":\"https:\/\/www.edugestores.pe\/wp-content\/uploads\/2020\/06\/EavHr5kWAAEfGVG.png\",\"width\":640,\"height\":392},{\"@type\":\"WebPage\",\"@id\":\"https:\/\/www.edugestores.pe\/?p=26470#webpage\",\"url\":\"https:\/\/www.edugestores.pe\/?p=26470\",\"name\":\"La autonom\u00eda escolar fue debatida ampliamente en reuni\u00f3n de la Mesa de Gesti\u00f3n Descentralizada del CNE - Red Peruana de Gestores de la Educaci\u00f3n\",\"isPartOf\":{\"@id\":\"https:\/\/www.edugestores.pe\/#website\"},\"primaryImageOfPage\":{\"@id\":\"https:\/\/www.edugestores.pe\/?p=26470#primaryimage\"},\"datePublished\":\"2020-06-18T17:02:38+00:00\",\"dateModified\":\"2020-07-03T15:06:16+00:00\",\"author\":{\"@id\":\"https:\/\/www.edugestores.pe\/#\/schema\/person\/30dc82f35f5853289037a64b35c7c7d3\"},\"breadcrumb\":{\"@id\":\"https:\/\/www.edugestores.pe\/?p=26470#breadcrumb\"},\"inLanguage\":\"es\",\"potentialAction\":[{\"@type\":\"ReadAction\",\"target\":[\"https:\/\/www.edugestores.pe\/?p=26470\"]}]},{\"@type\":\"BreadcrumbList\",\"@id\":\"https:\/\/www.edugestores.pe\/?p=26470#breadcrumb\",\"itemListElement\":[{\"@type\":\"ListItem\",\"position\":1,\"name\":\"Portada\",\"item\":\"https:\/\/www.edugestores.pe\/\"},{\"@type\":\"ListItem\",\"position\":2,\"name\":\"La autonom\u00eda escolar fue debatida ampliamente en reuni\u00f3n de la Mesa de Gesti\u00f3n Descentralizada del CNE\"}]},{\"@type\":\"Person\",\"@id\":\"https:\/\/www.edugestores.pe\/#\/schema\/person\/30dc82f35f5853289037a64b35c7c7d3\",\"name\":\"Administrador\",\"image\":{\"@type\":\"ImageObject\",\"@id\":\"https:\/\/www.edugestores.pe\/#personlogo\",\"inLanguage\":\"es\",\"url\":\"https:\/\/secure.gravatar.com\/avatar\/70960d1239c4d2c778bb3d2786a3c1ae?s=96&d=mm&r=g\",\"contentUrl\":\"https:\/\/secure.gravatar.com\/avatar\/70960d1239c4d2c778bb3d2786a3c1ae?s=96&d=mm&r=g\",\"caption\":\"Administrador\"},\"url\":\"https:\/\/www.edugestores.pe\/?author=63\"}]}<\/script>\n<!-- \/ Yoast SEO plugin. -->","yoast_head_json":{"title":"La autonom\u00eda escolar fue debatida ampliamente en reuni\u00f3n de la Mesa de Gesti\u00f3n Descentralizada del CNE - Red Peruana de Gestores de la Educaci\u00f3n","robots":{"index":"index","follow":"follow","max-snippet":"max-snippet:-1","max-image-preview":"max-image-preview:large","max-video-preview":"max-video-preview:-1"},"canonical":"https:\/\/www.edugestores.pe\/?p=26470","og_locale":"es_ES","og_type":"article","og_title":"La autonom\u00eda escolar fue debatida ampliamente en reuni\u00f3n de la Mesa de Gesti\u00f3n Descentralizada del CNE - Red Peruana de Gestores de la Educaci\u00f3n","og_description":"El Consejo Nacional de Educaci\u00f3n, a trav\u00e9s de su Mesa Interinstitucional de Gesti\u00f3n Descentralizada y Equidad, realiz\u00f3 una reuni\u00f3n de [&hellip;]","og_url":"https:\/\/www.edugestores.pe\/?p=26470","og_site_name":"Red Peruana de Gestores de la Educaci\u00f3n","article_published_time":"2020-06-18T17:02:38+00:00","article_modified_time":"2020-07-03T15:06:16+00:00","og_image":[{"width":640,"height":392,"url":"https:\/\/www.edugestores.pe\/wp-content\/uploads\/2020\/06\/EavHr5kWAAEfGVG.png","type":"image\/png"}],"twitter_card":"summary_large_image","twitter_misc":{"Escrito por":"Administrador","Tiempo de lectura":"3 minutos"},"schema":{"@context":"https:\/\/schema.org","@graph":[{"@type":"WebSite","@id":"https:\/\/www.edugestores.pe\/#website","url":"https:\/\/www.edugestores.pe\/","name":"Red Peruana de Gestores de la Educaci\u00f3n","description":"Red Peruana de Gestores de la Educaci\u00f3n","potentialAction":[{"@type":"SearchAction","target":{"@type":"EntryPoint","urlTemplate":"https:\/\/www.edugestores.pe\/?s={search_term_string}"},"query-input":"required name=search_term_string"}],"inLanguage":"es"},{"@type":"ImageObject","@id":"https:\/\/www.edugestores.pe\/?p=26470#primaryimage","inLanguage":"es","url":"https:\/\/www.edugestores.pe\/wp-content\/uploads\/2020\/06\/EavHr5kWAAEfGVG.png","contentUrl":"https:\/\/www.edugestores.pe\/wp-content\/uploads\/2020\/06\/EavHr5kWAAEfGVG.png","width":640,"height":392},{"@type":"WebPage","@id":"https:\/\/www.edugestores.pe\/?p=26470#webpage","url":"https:\/\/www.edugestores.pe\/?p=26470","name":"La autonom\u00eda escolar fue debatida ampliamente en reuni\u00f3n de la Mesa de Gesti\u00f3n Descentralizada del CNE - Red Peruana de Gestores de la Educaci\u00f3n","isPartOf":{"@id":"https:\/\/www.edugestores.pe\/#website"},"primaryImageOfPage":{"@id":"https:\/\/www.edugestores.pe\/?p=26470#primaryimage"},"datePublished":"2020-06-18T17:02:38+00:00","dateModified":"2020-07-03T15:06:16+00:00","author":{"@id":"https:\/\/www.edugestores.pe\/#\/schema\/person\/30dc82f35f5853289037a64b35c7c7d3"},"breadcrumb":{"@id":"https:\/\/www.edugestores.pe\/?p=26470#breadcrumb"},"inLanguage":"es","potentialAction":[{"@type":"ReadAction","target":["https:\/\/www.edugestores.pe\/?p=26470"]}]},{"@type":"BreadcrumbList","@id":"https:\/\/www.edugestores.pe\/?p=26470#breadcrumb","itemListElement":[{"@type":"ListItem","position":1,"name":"Portada","item":"https:\/\/www.edugestores.pe\/"},{"@type":"ListItem","position":2,"name":"La autonom\u00eda escolar fue debatida ampliamente en reuni\u00f3n de la Mesa de Gesti\u00f3n Descentralizada del CNE"}]},{"@type":"Person","@id":"https:\/\/www.edugestores.pe\/#\/schema\/person\/30dc82f35f5853289037a64b35c7c7d3","name":"Administrador","image":{"@type":"ImageObject","@id":"https:\/\/www.edugestores.pe\/#personlogo","inLanguage":"es","url":"https:\/\/secure.gravatar.com\/avatar\/70960d1239c4d2c778bb3d2786a3c1ae?s=96&d=mm&r=g","contentUrl":"https:\/\/secure.gravatar.com\/avatar\/70960d1239c4d2c778bb3d2786a3c1ae?s=96&d=mm&r=g","caption":"Administrador"},"url":"https:\/\/www.edugestores.pe\/?author=63"}]}},"jetpack_featured_media_url":"https:\/\/www.edugestores.pe\/wp-content\/uploads\/2020\/06\/EavHr5kWAAEfGVG.png","_links":{"self":[{"href":"https:\/\/www.edugestores.pe\/index.php?rest_route=\/wp\/v2\/posts\/26470"}],"collection":[{"href":"https:\/\/www.edugestores.pe\/index.php?rest_route=\/wp\/v2\/posts"}],"about":[{"href":"https:\/\/www.edugestores.pe\/index.php?rest_route=\/wp\/v2\/types\/post"}],"author":[{"embeddable":true,"href":"https:\/\/www.edugestores.pe\/index.php?rest_route=\/wp\/v2\/users\/63"}],"replies":[{"embeddable":true,"href":"https:\/\/www.edugestores.pe\/index.php?rest_route=%2Fwp%2Fv2%2Fcomments&post=26470"}],"version-history":[{"count":1,"href":"https:\/\/www.edugestores.pe\/index.php?rest_route=\/wp\/v2\/posts\/26470\/revisions"}],"predecessor-version":[{"id":26472,"href":"https:\/\/www.edugestores.pe\/index.php?rest_route=\/wp\/v2\/posts\/26470\/revisions\/26472"}],"wp:featuredmedia":[{"embeddable":true,"href":"https:\/\/www.edugestores.pe\/index.php?rest_route=\/wp\/v2\/media\/26471"}],"wp:attachment":[{"href":"https:\/\/www.edugestores.pe\/index.php?rest_route=%2Fwp%2Fv2%2Fmedia&parent=26470"}],"wp:term":[{"taxonomy":"category","embeddable":true,"href":"https:\/\/www.edugestores.pe\/index.php?rest_route=%2Fwp%2Fv2%2Fcategories&post=26470"},{"taxonomy":"post_tag","embeddable":true,"href":"https:\/\/www.edugestores.pe\/index.php?rest_route=%2Fwp%2Fv2%2Ftags&post=26470"}],"curies":[{"name":"wp","href":"https:\/\/api.w.org\/{rel}","templated":true}]}}