{"id":26721,"date":"2020-08-06T12:29:57","date_gmt":"2020-08-06T17:29:57","guid":{"rendered":"https:\/\/www.edugestores.pe\/?p=26721"},"modified":"2020-10-29T09:11:00","modified_gmt":"2020-10-29T14:11:00","slug":"martin-benavides-fue-ratificado-al-frente-del-minedu","status":"publish","type":"post","link":"https:\/\/www.edugestores.pe\/?p=26721","title":{"rendered":"Mart\u00edn Benavides fue ratificado al frente del Minedu"},"content":{"rendered":"<p style=\"text-align: justify;\">Mart\u00edn Benavides\u00a0fue ratificado como ministro de Educaci\u00f3n del nuevo Gabinete liderado por\u00a0Walter Martos. El funcionario jur\u00f3 esta ma\u00f1ana al cargo en una ceremonia encabezada por el presidente\u00a0Mart\u00edn Vizcarra, en Palacio de Gobierno.<\/p>\n<p style=\"text-align: justify;\">El ministro de Educaci\u00f3n deber\u00e1 presentarse ante el pleno del Congreso para responder\u00a0el pliego interpelatorio de 33 preguntas referidas a funciones que desempe\u00f1\u00f3 como jefe de la Superintendencia Nacional de Educaci\u00f3n Superior Universitaria (Sunedu).<\/p>\n<p style=\"text-align: justify;\">El \u00faltimo martes, el presidente de la Rep\u00fablica, Mart\u00edn Vizcarra, afirm\u00f3 que la reforma universitaria\u00a0<i>\u201cno se negocia\u201d<\/i>, luego de que el Congreso le negara el voto de confianza al Gabinete Ministerial, que lider\u00f3 Pedro Cateriano.<\/p>\n<p class=\"story-contents__font-paragraph \" style=\"text-align: justify;\">Vizcarra consider\u00f3 que en la pol\u00edtica \u201cno puede ser un obst\u00e1culo\u201d para la marcha del pa\u00eds y que \u201clos intereses subalternos\u201d no puede condicionar los objetivos que tiene el pa\u00eds para hacerle frente a la pandemia, reimpulsar el crecimiento econ\u00f3mico, generar empleo y garantizar la calidad de la educaci\u00f3n.<\/p>\n<div id=\"gpt_caja4\" style=\"text-align: justify;\" data-ads-name=\"\/28253241\/elcomercio\/web\/post\/politica\/caja4\" data-ads-dimensions-m=\"[[300, 100], [320, 50], [300, 50], [320, 100], [300, 250]]\" data-prebid-enabled=\"true\"><i>\u201cEl c\u00e1lculo pol\u00edtico que no busca el bienestar de la poblaci\u00f3n no ser\u00e1 aceptado, los acomodos bajo intereses particulares no nos har\u00e1n retroceder. Desde aqu\u00ed seguiremos impulsado la reforma universitaria, porque los j\u00f3venes son el presente y futuro de este pa\u00eds y merecen contar con una educaci\u00f3n de calidad. La reforma universitaria no se negocia\u201d<\/i>, manifest\u00f3.<\/div>\n<h2 class=\"\" style=\"text-align: justify;\">Trayectoria profesional<\/h2>\n<p class=\"story-contents__font-paragraph \" style=\"text-align: justify;\">Benavides Abanto fue designado como ministro de Educaci\u00f3n en febrero pasado, en reemplazo de Flor Pablo. Se desempe\u00f1\u00f3 como titular de la Sunedu, cargo que asumi\u00f3 en marzo del 2018. Es experto en pol\u00edticas educativas, sociolog\u00eda de la educaci\u00f3n y desigualdad.<\/p>\n<div id=\"gpt_caja5\" style=\"text-align: justify;\" data-ads-name=\"\/28253241\/elcomercio\/web\/post\/politica\/caja5\" data-ads-dimensions-m=\"[[300, 100], [320, 50], [300, 50], [320, 100], [300, 250]]\" data-prebid-enabled=\"true\">Es soci\u00f3logo de profesi\u00f3n por la Pontificia Universidad Cat\u00f3lica del Per\u00fa (PUCP) y doctor en Sociolog\u00eda por la Pennsylvania State University.<\/div>\n<p class=\"story-contents__font-paragraph \" style=\"text-align: justify;\">Asimismo, ha sido estudiante visitante del \u00e1rea de movilidad social y desigualdad en Nuffield College en la Universidad de Oxford en Inglaterra.<\/p>\n<p class=\"story-contents__font-paragraph \" style=\"text-align: justify;\">Se desempe\u00f1\u00f3 hasta antes de su juramentaci\u00f3n al cargo de titular del Minedu como superintendente de la Superintendencia Nacional de Educaci\u00f3n Superior Universitaria (Sunedu) desde marzo del 2018.<\/p>\n<p class=\"story-contents__font-paragraph \" style=\"text-align: justify;\">Anteriormente fue miembro del Consejo Directivo de la misma entidad entre 2015 y 2018. Durante su gesti\u00f3n en la Sunedu se impuls\u00f3 el proceso de licenciamiento de las universidades.<\/p>\n<p class=\"story-contents__font-paragraph \" style=\"text-align: justify;\">Benavides Abanto ha sido, adem\u00e1s, director Ejecutivo del Grupo de An\u00e1lisis para el Desarrollo (GRADE) y profesor principal de la Pontificia Universidad Cat\u00f3lica del Per\u00fa.<\/p>\n<p class=\"story-contents__font-paragraph \" style=\"text-align: justify;\">Tomado de El Comercio<\/p>\n","protected":false},"excerpt":{"rendered":"<p>Mart\u00edn Benavides\u00a0fue ratificado como ministro de Educaci\u00f3n del nuevo Gabinete liderado por\u00a0Walter Martos. El funcionario jur\u00f3 esta ma\u00f1ana al cargo [&hellip;]<\/p>\n","protected":false},"author":63,"featured_media":26722,"comment_status":"open","ping_status":"open","sticky":false,"template":"","format":"standard","meta":{"spay_email":""},"categories":[125],"tags":[],"yoast_head":"<!-- This site is optimized with the Yoast SEO plugin v18.0 - https:\/\/yoast.com\/wordpress\/plugins\/seo\/ -->\n<title>Mart\u00edn Benavides fue ratificado al frente del Minedu - Red Peruana de Gestores de la Educaci\u00f3n<\/title>\n<meta name=\"robots\" content=\"index, follow, max-snippet:-1, max-image-preview:large, max-video-preview:-1\" \/>\n<link rel=\"canonical\" href=\"https:\/\/www.edugestores.pe\/?p=26721\" \/>\n<meta property=\"og:locale\" content=\"es_ES\" \/>\n<meta property=\"og:type\" content=\"article\" \/>\n<meta property=\"og:title\" content=\"Mart\u00edn Benavides fue ratificado al frente del Minedu - Red Peruana de Gestores de la Educaci\u00f3n\" \/>\n<meta property=\"og:description\" content=\"Mart\u00edn Benavides\u00a0fue ratificado como ministro de Educaci\u00f3n del nuevo Gabinete liderado por\u00a0Walter Martos. El funcionario jur\u00f3 esta ma\u00f1ana al cargo [&hellip;]\" \/>\n<meta property=\"og:url\" content=\"https:\/\/www.edugestores.pe\/?p=26721\" \/>\n<meta property=\"og:site_name\" content=\"Red Peruana de Gestores de la Educaci\u00f3n\" \/>\n<meta property=\"article:published_time\" content=\"2020-08-06T17:29:57+00:00\" \/>\n<meta property=\"article:modified_time\" content=\"2020-10-29T14:11:00+00:00\" \/>\n<meta property=\"og:image\" content=\"https:\/\/www.edugestores.pe\/wp-content\/uploads\/2020\/08\/XPOOZRGT6VEPRLLHRSVPD6FFTI.jpg\" \/>\n\t<meta property=\"og:image:width\" content=\"580\" \/>\n\t<meta property=\"og:image:height\" content=\"330\" \/>\n\t<meta property=\"og:image:type\" content=\"image\/jpeg\" \/>\n<meta name=\"twitter:card\" content=\"summary_large_image\" \/>\n<meta name=\"twitter:label1\" content=\"Escrito por\" \/>\n\t<meta name=\"twitter:data1\" content=\"Administrador\" \/>\n\t<meta name=\"twitter:label2\" content=\"Tiempo de lectura\" \/>\n\t<meta name=\"twitter:data2\" content=\"2 minutos\" \/>\n<script type=\"application\/ld+json\" class=\"yoast-schema-graph\">{\"@context\":\"https:\/\/schema.org\",\"@graph\":[{\"@type\":\"WebSite\",\"@id\":\"https:\/\/www.edugestores.pe\/#website\",\"url\":\"https:\/\/www.edugestores.pe\/\",\"name\":\"Red Peruana de Gestores de la Educaci\u00f3n\",\"description\":\"Red Peruana de Gestores de la Educaci\u00f3n\",\"potentialAction\":[{\"@type\":\"SearchAction\",\"target\":{\"@type\":\"EntryPoint\",\"urlTemplate\":\"https:\/\/www.edugestores.pe\/?s={search_term_string}\"},\"query-input\":\"required name=search_term_string\"}],\"inLanguage\":\"es\"},{\"@type\":\"ImageObject\",\"@id\":\"https:\/\/www.edugestores.pe\/?p=26721#primaryimage\",\"inLanguage\":\"es\",\"url\":\"https:\/\/www.edugestores.pe\/wp-content\/uploads\/2020\/08\/XPOOZRGT6VEPRLLHRSVPD6FFTI.jpg\",\"contentUrl\":\"https:\/\/www.edugestores.pe\/wp-content\/uploads\/2020\/08\/XPOOZRGT6VEPRLLHRSVPD6FFTI.jpg\",\"width\":580,\"height\":330},{\"@type\":\"WebPage\",\"@id\":\"https:\/\/www.edugestores.pe\/?p=26721#webpage\",\"url\":\"https:\/\/www.edugestores.pe\/?p=26721\",\"name\":\"Mart\u00edn Benavides fue ratificado al frente del Minedu - Red Peruana de Gestores de la Educaci\u00f3n\",\"isPartOf\":{\"@id\":\"https:\/\/www.edugestores.pe\/#website\"},\"primaryImageOfPage\":{\"@id\":\"https:\/\/www.edugestores.pe\/?p=26721#primaryimage\"},\"datePublished\":\"2020-08-06T17:29:57+00:00\",\"dateModified\":\"2020-10-29T14:11:00+00:00\",\"author\":{\"@id\":\"https:\/\/www.edugestores.pe\/#\/schema\/person\/30dc82f35f5853289037a64b35c7c7d3\"},\"breadcrumb\":{\"@id\":\"https:\/\/www.edugestores.pe\/?p=26721#breadcrumb\"},\"inLanguage\":\"es\",\"potentialAction\":[{\"@type\":\"ReadAction\",\"target\":[\"https:\/\/www.edugestores.pe\/?p=26721\"]}]},{\"@type\":\"BreadcrumbList\",\"@id\":\"https:\/\/www.edugestores.pe\/?p=26721#breadcrumb\",\"itemListElement\":[{\"@type\":\"ListItem\",\"position\":1,\"name\":\"Portada\",\"item\":\"https:\/\/www.edugestores.pe\/\"},{\"@type\":\"ListItem\",\"position\":2,\"name\":\"Mart\u00edn Benavides fue ratificado al frente del Minedu\"}]},{\"@type\":\"Person\",\"@id\":\"https:\/\/www.edugestores.pe\/#\/schema\/person\/30dc82f35f5853289037a64b35c7c7d3\",\"name\":\"Administrador\",\"image\":{\"@type\":\"ImageObject\",\"@id\":\"https:\/\/www.edugestores.pe\/#personlogo\",\"inLanguage\":\"es\",\"url\":\"https:\/\/secure.gravatar.com\/avatar\/70960d1239c4d2c778bb3d2786a3c1ae?s=96&d=mm&r=g\",\"contentUrl\":\"https:\/\/secure.gravatar.com\/avatar\/70960d1239c4d2c778bb3d2786a3c1ae?s=96&d=mm&r=g\",\"caption\":\"Administrador\"},\"url\":\"https:\/\/www.edugestores.pe\/?author=63\"}]}<\/script>\n<!-- \/ Yoast SEO plugin. -->","yoast_head_json":{"title":"Mart\u00edn Benavides fue ratificado al frente del Minedu - Red Peruana de Gestores de la Educaci\u00f3n","robots":{"index":"index","follow":"follow","max-snippet":"max-snippet:-1","max-image-preview":"max-image-preview:large","max-video-preview":"max-video-preview:-1"},"canonical":"https:\/\/www.edugestores.pe\/?p=26721","og_locale":"es_ES","og_type":"article","og_title":"Mart\u00edn Benavides fue ratificado al frente del Minedu - Red Peruana de Gestores de la Educaci\u00f3n","og_description":"Mart\u00edn Benavides\u00a0fue ratificado como ministro de Educaci\u00f3n del nuevo Gabinete liderado por\u00a0Walter Martos. El funcionario jur\u00f3 esta ma\u00f1ana al cargo [&hellip;]","og_url":"https:\/\/www.edugestores.pe\/?p=26721","og_site_name":"Red Peruana de Gestores de la Educaci\u00f3n","article_published_time":"2020-08-06T17:29:57+00:00","article_modified_time":"2020-10-29T14:11:00+00:00","og_image":[{"width":580,"height":330,"url":"https:\/\/www.edugestores.pe\/wp-content\/uploads\/2020\/08\/XPOOZRGT6VEPRLLHRSVPD6FFTI.jpg","type":"image\/jpeg"}],"twitter_card":"summary_large_image","twitter_misc":{"Escrito por":"Administrador","Tiempo de lectura":"2 minutos"},"schema":{"@context":"https:\/\/schema.org","@graph":[{"@type":"WebSite","@id":"https:\/\/www.edugestores.pe\/#website","url":"https:\/\/www.edugestores.pe\/","name":"Red Peruana de Gestores de la Educaci\u00f3n","description":"Red Peruana de Gestores de la Educaci\u00f3n","potentialAction":[{"@type":"SearchAction","target":{"@type":"EntryPoint","urlTemplate":"https:\/\/www.edugestores.pe\/?s={search_term_string}"},"query-input":"required name=search_term_string"}],"inLanguage":"es"},{"@type":"ImageObject","@id":"https:\/\/www.edugestores.pe\/?p=26721#primaryimage","inLanguage":"es","url":"https:\/\/www.edugestores.pe\/wp-content\/uploads\/2020\/08\/XPOOZRGT6VEPRLLHRSVPD6FFTI.jpg","contentUrl":"https:\/\/www.edugestores.pe\/wp-content\/uploads\/2020\/08\/XPOOZRGT6VEPRLLHRSVPD6FFTI.jpg","width":580,"height":330},{"@type":"WebPage","@id":"https:\/\/www.edugestores.pe\/?p=26721#webpage","url":"https:\/\/www.edugestores.pe\/?p=26721","name":"Mart\u00edn Benavides fue ratificado al frente del Minedu - Red Peruana de Gestores de la Educaci\u00f3n","isPartOf":{"@id":"https:\/\/www.edugestores.pe\/#website"},"primaryImageOfPage":{"@id":"https:\/\/www.edugestores.pe\/?p=26721#primaryimage"},"datePublished":"2020-08-06T17:29:57+00:00","dateModified":"2020-10-29T14:11:00+00:00","author":{"@id":"https:\/\/www.edugestores.pe\/#\/schema\/person\/30dc82f35f5853289037a64b35c7c7d3"},"breadcrumb":{"@id":"https:\/\/www.edugestores.pe\/?p=26721#breadcrumb"},"inLanguage":"es","potentialAction":[{"@type":"ReadAction","target":["https:\/\/www.edugestores.pe\/?p=26721"]}]},{"@type":"BreadcrumbList","@id":"https:\/\/www.edugestores.pe\/?p=26721#breadcrumb","itemListElement":[{"@type":"ListItem","position":1,"name":"Portada","item":"https:\/\/www.edugestores.pe\/"},{"@type":"ListItem","position":2,"name":"Mart\u00edn Benavides fue ratificado al frente del Minedu"}]},{"@type":"Person","@id":"https:\/\/www.edugestores.pe\/#\/schema\/person\/30dc82f35f5853289037a64b35c7c7d3","name":"Administrador","image":{"@type":"ImageObject","@id":"https:\/\/www.edugestores.pe\/#personlogo","inLanguage":"es","url":"https:\/\/secure.gravatar.com\/avatar\/70960d1239c4d2c778bb3d2786a3c1ae?s=96&d=mm&r=g","contentUrl":"https:\/\/secure.gravatar.com\/avatar\/70960d1239c4d2c778bb3d2786a3c1ae?s=96&d=mm&r=g","caption":"Administrador"},"url":"https:\/\/www.edugestores.pe\/?author=63"}]}},"jetpack_featured_media_url":"https:\/\/www.edugestores.pe\/wp-content\/uploads\/2020\/08\/XPOOZRGT6VEPRLLHRSVPD6FFTI.jpg","_links":{"self":[{"href":"https:\/\/www.edugestores.pe\/index.php?rest_route=\/wp\/v2\/posts\/26721"}],"collection":[{"href":"https:\/\/www.edugestores.pe\/index.php?rest_route=\/wp\/v2\/posts"}],"about":[{"href":"https:\/\/www.edugestores.pe\/index.php?rest_route=\/wp\/v2\/types\/post"}],"author":[{"embeddable":true,"href":"https:\/\/www.edugestores.pe\/index.php?rest_route=\/wp\/v2\/users\/63"}],"replies":[{"embeddable":true,"href":"https:\/\/www.edugestores.pe\/index.php?rest_route=%2Fwp%2Fv2%2Fcomments&post=26721"}],"version-history":[{"count":1,"href":"https:\/\/www.edugestores.pe\/index.php?rest_route=\/wp\/v2\/posts\/26721\/revisions"}],"predecessor-version":[{"id":26723,"href":"https:\/\/www.edugestores.pe\/index.php?rest_route=\/wp\/v2\/posts\/26721\/revisions\/26723"}],"wp:featuredmedia":[{"embeddable":true,"href":"https:\/\/www.edugestores.pe\/index.php?rest_route=\/wp\/v2\/media\/26722"}],"wp:attachment":[{"href":"https:\/\/www.edugestores.pe\/index.php?rest_route=%2Fwp%2Fv2%2Fmedia&parent=26721"}],"wp:term":[{"taxonomy":"category","embeddable":true,"href":"https:\/\/www.edugestores.pe\/index.php?rest_route=%2Fwp%2Fv2%2Fcategories&post=26721"},{"taxonomy":"post_tag","embeddable":true,"href":"https:\/\/www.edugestores.pe\/index.php?rest_route=%2Fwp%2Fv2%2Ftags&post=26721"}],"curies":[{"name":"wp","href":"https:\/\/api.w.org\/{rel}","templated":true}]}}