{"id":26749,"date":"2020-08-10T14:03:10","date_gmt":"2020-08-10T19:03:10","guid":{"rendered":"https:\/\/www.edugestores.pe\/?p=26749"},"modified":"2020-08-24T18:16:32","modified_gmt":"2020-08-24T23:16:32","slug":"confianza-y-prioridades-para-la-educacion-articulo-de-flor-pablo","status":"publish","type":"post","link":"https:\/\/www.edugestores.pe\/?p=26749","title":{"rendered":"Confianza y prioridades para la educaci\u00f3n, art\u00edculo de Flor Pablo"},"content":{"rendered":"<p style=\"text-align: justify;\">Por Flor Pablo Medina, profesora y exministra de Educaci\u00f3n<\/p>\n<p style=\"text-align: justify;\">En estos momentos m\u00e1s que nunca se necesita un Minedu rector que asegure el derecho a la educaci\u00f3n de todos los peruanos y peruanas.<\/p>\n<p style=\"text-align: justify;\">La ratificaci\u00f3n del\u00a0ministro\u00a0Benavides\u00a0es una clara se\u00f1al del gobierno de respaldo a la reforma universitaria y de continuidad a la gesti\u00f3n del\u00a0Ministerio de Educaci\u00f3n\u00a0(Minedu). En este \u00faltimo a\u00f1o de gobierno, el gran desaf\u00edo es asegurar la educaci\u00f3n a distancia para la continuidad educativa de todos los estudiantes y mejorar las condiciones b\u00e1sicas en las instituciones educativas para un eventual retorno a la presencialidad.<\/p>\n<p class=\"\" style=\"text-align: justify;\">El expremier\u00a0Cateriano\u00a0anunci\u00f3 una serie de medidas en educaci\u00f3n superior y en educaci\u00f3n b\u00e1sica, sin embargo, por la magnitud de esta \u00faltima, donde estudian m\u00e1s de 8 millones de estudiantes, es necesario que la presentaci\u00f3n del premier\u00a0Martos\u00a0enfatice y desarrolle algunas prioridades:<\/p>\n<div>1. Mejores condiciones b\u00e1sicas, en esta emergencia no es suficiente atender a 762\u00a0colegios\u00a0con nuevas redes sanitarias como se anunci\u00f3. La necesidad es mayor si consideramos que existen cerca de 54 mil locales escolares y m\u00e1s del 60% no cuenta con servicios de agua, desag\u00fce ni\u00a0electricidad\u00a0(Minedu 2018). Es necesario anunciar programas descentralizados que alcancen a todos los colegios que requieran agua segura, servicios higi\u00e9nicos y mobiliario.<\/p>\n<p class=\"\" style=\"text-align: justify;\">2. M\u00e1s oferta p\u00fablica, el a\u00f1o 2020 m\u00e1s de 110 mil estudiantes migraron de la educaci\u00f3n privada a la p\u00fablica. Es necesario conocer cu\u00e1ntas nuevas vacantes y con qu\u00e9 presupuesto se financiar\u00e1 esta ampliaci\u00f3n en el a\u00f1o 2021. La educaci\u00f3n privada concentra m\u00e1s de un mill\u00f3n y medio de estudiantes y el 60% estudia en colegios cuyas pensiones est\u00e1n por debajo de S\/ 300 (IDENTICOLE 2019). Esta es la potencial demanda.<\/p>\n<p class=\"\" style=\"text-align: justify;\">3. Apoyo financiero a las familias, mientras se avanza en mayor oferta de educaci\u00f3n p\u00fablica, en el corto plazo, es necesario considerar mecanismos financieros que permitan que los estudiantes contin\u00faen sus estudios el siguiente a\u00f1o escolar. Hay que evitar que el deterioro de la econom\u00eda familiar perjudique la continuidad educativa.<\/p>\n<\/div>\n<p class=\"\">4. Educaci\u00f3n rural y atenci\u00f3n a las poblaciones biling\u00fces, de acuerdo a la informaci\u00f3n del Minedu, un 4% de estudiantes no son contactados por la estrategia\u00a0Aprendo en casa. Es necesario validar esta cifra con los reportes regionales y financiar programas educativos espec\u00edficos para evitar el incremento de las brechas educativas, especialmente en la\u00a0Amazon\u00eda.<\/p>\n<p class=\"\">5. Protecci\u00f3n a la infancia, a julio 2020 se report\u00f3 m\u00e1s de 500 casos de\u00a0ni\u00f1as y adolescentes violadas. Se necesita el compromiso del gobierno para articular programas ya existentes en los sectores de educaci\u00f3n, inclusi\u00f3n, salud y mujer y ser efectivos en prevenci\u00f3n, soporte y atenci\u00f3n ante casos de violencia.<\/p>\n<p class=\"\">6. Mensaje a los docentes, si bien se anunci\u00f3 la capacitaci\u00f3n y el plande datos para 373 mil docentes, es necesario saber si el compromiso de duplicar el sueldo del docente hacia el final del gobierno se mantiene, pasar de poco m\u00e1s de S\/ 1.300 a S\/ 2.600 en la primera escala en el a\u00f1o 2021. Otro compromiso de este gobierno fue el pago progresivo de la deuda por preparaci\u00f3n de clases \u201cdeuda social\u201d. Para cumplir con ambos compromisos se necesita m\u00e1s de S\/ 800 millones en el presupuesto 2021.<\/p>\n<p class=\"\">\n<p class=\"\">Tomado de La Rep\u00fablica<\/p>\n","protected":false},"excerpt":{"rendered":"<p>Por Flor Pablo Medina, profesora y exministra de Educaci\u00f3n En estos momentos m\u00e1s que nunca se necesita un Minedu rector [&hellip;]<\/p>\n","protected":false},"author":63,"featured_media":24200,"comment_status":"open","ping_status":"open","sticky":false,"template":"","format":"standard","meta":{"spay_email":""},"categories":[125],"tags":[],"yoast_head":"<!-- This site is optimized with the Yoast SEO plugin v18.0 - https:\/\/yoast.com\/wordpress\/plugins\/seo\/ -->\n<title>Confianza y prioridades para la educaci\u00f3n, art\u00edculo de Flor Pablo - Red Peruana de Gestores de la Educaci\u00f3n<\/title>\n<meta name=\"robots\" content=\"index, follow, max-snippet:-1, max-image-preview:large, max-video-preview:-1\" \/>\n<link rel=\"canonical\" href=\"https:\/\/www.edugestores.pe\/?p=26749\" \/>\n<meta property=\"og:locale\" content=\"es_ES\" \/>\n<meta property=\"og:type\" content=\"article\" \/>\n<meta property=\"og:title\" content=\"Confianza y prioridades para la educaci\u00f3n, art\u00edculo de Flor Pablo - Red Peruana de Gestores de la Educaci\u00f3n\" \/>\n<meta property=\"og:description\" content=\"Por Flor Pablo Medina, profesora y exministra de Educaci\u00f3n En estos momentos m\u00e1s que nunca se necesita un Minedu rector [&hellip;]\" \/>\n<meta property=\"og:url\" content=\"https:\/\/www.edugestores.pe\/?p=26749\" \/>\n<meta property=\"og:site_name\" content=\"Red Peruana de Gestores de la Educaci\u00f3n\" \/>\n<meta property=\"article:published_time\" content=\"2020-08-10T19:03:10+00:00\" \/>\n<meta property=\"article:modified_time\" content=\"2020-08-24T23:16:32+00:00\" \/>\n<meta property=\"og:image\" content=\"https:\/\/www.edugestores.pe\/wp-content\/uploads\/2020\/02\/flor-pablo-22.jpg\" \/>\n\t<meta property=\"og:image:width\" content=\"980\" \/>\n\t<meta property=\"og:image:height\" content=\"528\" \/>\n\t<meta property=\"og:image:type\" content=\"image\/jpeg\" \/>\n<meta name=\"twitter:card\" content=\"summary_large_image\" \/>\n<meta name=\"twitter:label1\" content=\"Escrito por\" \/>\n\t<meta name=\"twitter:data1\" content=\"Administrador\" \/>\n\t<meta name=\"twitter:label2\" content=\"Tiempo de lectura\" \/>\n\t<meta name=\"twitter:data2\" content=\"3 minutos\" \/>\n<script type=\"application\/ld+json\" class=\"yoast-schema-graph\">{\"@context\":\"https:\/\/schema.org\",\"@graph\":[{\"@type\":\"WebSite\",\"@id\":\"https:\/\/www.edugestores.pe\/#website\",\"url\":\"https:\/\/www.edugestores.pe\/\",\"name\":\"Red Peruana de Gestores de la Educaci\u00f3n\",\"description\":\"Red Peruana de Gestores de la Educaci\u00f3n\",\"potentialAction\":[{\"@type\":\"SearchAction\",\"target\":{\"@type\":\"EntryPoint\",\"urlTemplate\":\"https:\/\/www.edugestores.pe\/?s={search_term_string}\"},\"query-input\":\"required name=search_term_string\"}],\"inLanguage\":\"es\"},{\"@type\":\"ImageObject\",\"@id\":\"https:\/\/www.edugestores.pe\/?p=26749#primaryimage\",\"inLanguage\":\"es\",\"url\":\"https:\/\/www.edugestores.pe\/wp-content\/uploads\/2020\/02\/flor-pablo-22.jpg\",\"contentUrl\":\"https:\/\/www.edugestores.pe\/wp-content\/uploads\/2020\/02\/flor-pablo-22.jpg\",\"width\":980,\"height\":528},{\"@type\":\"WebPage\",\"@id\":\"https:\/\/www.edugestores.pe\/?p=26749#webpage\",\"url\":\"https:\/\/www.edugestores.pe\/?p=26749\",\"name\":\"Confianza y prioridades para la educaci\u00f3n, art\u00edculo de Flor Pablo - Red Peruana de Gestores de la Educaci\u00f3n\",\"isPartOf\":{\"@id\":\"https:\/\/www.edugestores.pe\/#website\"},\"primaryImageOfPage\":{\"@id\":\"https:\/\/www.edugestores.pe\/?p=26749#primaryimage\"},\"datePublished\":\"2020-08-10T19:03:10+00:00\",\"dateModified\":\"2020-08-24T23:16:32+00:00\",\"author\":{\"@id\":\"https:\/\/www.edugestores.pe\/#\/schema\/person\/30dc82f35f5853289037a64b35c7c7d3\"},\"breadcrumb\":{\"@id\":\"https:\/\/www.edugestores.pe\/?p=26749#breadcrumb\"},\"inLanguage\":\"es\",\"potentialAction\":[{\"@type\":\"ReadAction\",\"target\":[\"https:\/\/www.edugestores.pe\/?p=26749\"]}]},{\"@type\":\"BreadcrumbList\",\"@id\":\"https:\/\/www.edugestores.pe\/?p=26749#breadcrumb\",\"itemListElement\":[{\"@type\":\"ListItem\",\"position\":1,\"name\":\"Portada\",\"item\":\"https:\/\/www.edugestores.pe\/\"},{\"@type\":\"ListItem\",\"position\":2,\"name\":\"Confianza y prioridades para la educaci\u00f3n, art\u00edculo de Flor Pablo\"}]},{\"@type\":\"Person\",\"@id\":\"https:\/\/www.edugestores.pe\/#\/schema\/person\/30dc82f35f5853289037a64b35c7c7d3\",\"name\":\"Administrador\",\"image\":{\"@type\":\"ImageObject\",\"@id\":\"https:\/\/www.edugestores.pe\/#personlogo\",\"inLanguage\":\"es\",\"url\":\"https:\/\/secure.gravatar.com\/avatar\/70960d1239c4d2c778bb3d2786a3c1ae?s=96&d=mm&r=g\",\"contentUrl\":\"https:\/\/secure.gravatar.com\/avatar\/70960d1239c4d2c778bb3d2786a3c1ae?s=96&d=mm&r=g\",\"caption\":\"Administrador\"},\"url\":\"https:\/\/www.edugestores.pe\/?author=63\"}]}<\/script>\n<!-- \/ Yoast SEO plugin. -->","yoast_head_json":{"title":"Confianza y prioridades para la educaci\u00f3n, art\u00edculo de Flor Pablo - Red Peruana de Gestores de la Educaci\u00f3n","robots":{"index":"index","follow":"follow","max-snippet":"max-snippet:-1","max-image-preview":"max-image-preview:large","max-video-preview":"max-video-preview:-1"},"canonical":"https:\/\/www.edugestores.pe\/?p=26749","og_locale":"es_ES","og_type":"article","og_title":"Confianza y prioridades para la educaci\u00f3n, art\u00edculo de Flor Pablo - Red Peruana de Gestores de la Educaci\u00f3n","og_description":"Por Flor Pablo Medina, profesora y exministra de Educaci\u00f3n En estos momentos m\u00e1s que nunca se necesita un Minedu rector [&hellip;]","og_url":"https:\/\/www.edugestores.pe\/?p=26749","og_site_name":"Red Peruana de Gestores de la Educaci\u00f3n","article_published_time":"2020-08-10T19:03:10+00:00","article_modified_time":"2020-08-24T23:16:32+00:00","og_image":[{"width":980,"height":528,"url":"https:\/\/www.edugestores.pe\/wp-content\/uploads\/2020\/02\/flor-pablo-22.jpg","type":"image\/jpeg"}],"twitter_card":"summary_large_image","twitter_misc":{"Escrito por":"Administrador","Tiempo de lectura":"3 minutos"},"schema":{"@context":"https:\/\/schema.org","@graph":[{"@type":"WebSite","@id":"https:\/\/www.edugestores.pe\/#website","url":"https:\/\/www.edugestores.pe\/","name":"Red Peruana de Gestores de la Educaci\u00f3n","description":"Red Peruana de Gestores de la Educaci\u00f3n","potentialAction":[{"@type":"SearchAction","target":{"@type":"EntryPoint","urlTemplate":"https:\/\/www.edugestores.pe\/?s={search_term_string}"},"query-input":"required name=search_term_string"}],"inLanguage":"es"},{"@type":"ImageObject","@id":"https:\/\/www.edugestores.pe\/?p=26749#primaryimage","inLanguage":"es","url":"https:\/\/www.edugestores.pe\/wp-content\/uploads\/2020\/02\/flor-pablo-22.jpg","contentUrl":"https:\/\/www.edugestores.pe\/wp-content\/uploads\/2020\/02\/flor-pablo-22.jpg","width":980,"height":528},{"@type":"WebPage","@id":"https:\/\/www.edugestores.pe\/?p=26749#webpage","url":"https:\/\/www.edugestores.pe\/?p=26749","name":"Confianza y prioridades para la educaci\u00f3n, art\u00edculo de Flor Pablo - Red Peruana de Gestores de la Educaci\u00f3n","isPartOf":{"@id":"https:\/\/www.edugestores.pe\/#website"},"primaryImageOfPage":{"@id":"https:\/\/www.edugestores.pe\/?p=26749#primaryimage"},"datePublished":"2020-08-10T19:03:10+00:00","dateModified":"2020-08-24T23:16:32+00:00","author":{"@id":"https:\/\/www.edugestores.pe\/#\/schema\/person\/30dc82f35f5853289037a64b35c7c7d3"},"breadcrumb":{"@id":"https:\/\/www.edugestores.pe\/?p=26749#breadcrumb"},"inLanguage":"es","potentialAction":[{"@type":"ReadAction","target":["https:\/\/www.edugestores.pe\/?p=26749"]}]},{"@type":"BreadcrumbList","@id":"https:\/\/www.edugestores.pe\/?p=26749#breadcrumb","itemListElement":[{"@type":"ListItem","position":1,"name":"Portada","item":"https:\/\/www.edugestores.pe\/"},{"@type":"ListItem","position":2,"name":"Confianza y prioridades para la educaci\u00f3n, art\u00edculo de Flor Pablo"}]},{"@type":"Person","@id":"https:\/\/www.edugestores.pe\/#\/schema\/person\/30dc82f35f5853289037a64b35c7c7d3","name":"Administrador","image":{"@type":"ImageObject","@id":"https:\/\/www.edugestores.pe\/#personlogo","inLanguage":"es","url":"https:\/\/secure.gravatar.com\/avatar\/70960d1239c4d2c778bb3d2786a3c1ae?s=96&d=mm&r=g","contentUrl":"https:\/\/secure.gravatar.com\/avatar\/70960d1239c4d2c778bb3d2786a3c1ae?s=96&d=mm&r=g","caption":"Administrador"},"url":"https:\/\/www.edugestores.pe\/?author=63"}]}},"jetpack_featured_media_url":"https:\/\/www.edugestores.pe\/wp-content\/uploads\/2020\/02\/flor-pablo-22.jpg","_links":{"self":[{"href":"https:\/\/www.edugestores.pe\/index.php?rest_route=\/wp\/v2\/posts\/26749"}],"collection":[{"href":"https:\/\/www.edugestores.pe\/index.php?rest_route=\/wp\/v2\/posts"}],"about":[{"href":"https:\/\/www.edugestores.pe\/index.php?rest_route=\/wp\/v2\/types\/post"}],"author":[{"embeddable":true,"href":"https:\/\/www.edugestores.pe\/index.php?rest_route=\/wp\/v2\/users\/63"}],"replies":[{"embeddable":true,"href":"https:\/\/www.edugestores.pe\/index.php?rest_route=%2Fwp%2Fv2%2Fcomments&post=26749"}],"version-history":[{"count":1,"href":"https:\/\/www.edugestores.pe\/index.php?rest_route=\/wp\/v2\/posts\/26749\/revisions"}],"predecessor-version":[{"id":26750,"href":"https:\/\/www.edugestores.pe\/index.php?rest_route=\/wp\/v2\/posts\/26749\/revisions\/26750"}],"wp:featuredmedia":[{"embeddable":true,"href":"https:\/\/www.edugestores.pe\/index.php?rest_route=\/wp\/v2\/media\/24200"}],"wp:attachment":[{"href":"https:\/\/www.edugestores.pe\/index.php?rest_route=%2Fwp%2Fv2%2Fmedia&parent=26749"}],"wp:term":[{"taxonomy":"category","embeddable":true,"href":"https:\/\/www.edugestores.pe\/index.php?rest_route=%2Fwp%2Fv2%2Fcategories&post=26749"},{"taxonomy":"post_tag","embeddable":true,"href":"https:\/\/www.edugestores.pe\/index.php?rest_route=%2Fwp%2Fv2%2Ftags&post=26749"}],"curies":[{"name":"wp","href":"https:\/\/api.w.org\/{rel}","templated":true}]}}