{"id":26768,"date":"2020-08-13T11:06:08","date_gmt":"2020-08-13T16:06:08","guid":{"rendered":"https:\/\/www.edugestores.pe\/?p=26768"},"modified":"2020-08-24T18:16:57","modified_gmt":"2020-08-24T23:16:57","slug":"interpelacion-al-ministro-de-educacion-que-viene-respondiendo-martin-benavides-ante-el-pleno","status":"publish","type":"post","link":"https:\/\/www.edugestores.pe\/?p=26768","title":{"rendered":"Interpelaci\u00f3n al ministro de Educaci\u00f3n: \u00bfQu\u00e9 viene respondiendo Mart\u00edn Benavides ante el Pleno?"},"content":{"rendered":"<p style=\"text-align: justify;\">El ministro de Educaci\u00f3n, Mart\u00edn Benavides, inici\u00f3 su exposici\u00f3n en el marco del pliego interpelatorio de 33 preguntas formuladas por el Congreso de la Rep\u00fablica. &#8220;Venimos a comunicar el proceso de licenciamiento y las mejoras que ha habido para las universidades peruanas&#8221;, dijo\u00a0al inicio de su exposici\u00f3n.<\/p>\n<div>\n<div style=\"text-align: justify;\">Tambi\u00e9n, el ministro viene respondiendo preguntas referidas al licenciamiento otorgado a las filiales de las universidades Tecnol\u00f3gica del Per\u00fa (UTP) y Privada Peruano Alemana (UPAL). La moci\u00f3n de interpelaci\u00f3n N\u00b0 11348 est\u00e1 referida a su labor cuando se desempe\u00f1aba como titular de la Superintendencia Nacional de Educaci\u00f3n Superior Universitaria (Sunedu).<\/div>\n<div style=\"text-align: justify;\"><\/div>\n<div style=\"text-align: justify;\">Sobre si le parece constitucional que solo un tipo de universidades sean beneficiadas con el D.S 016-2019 Minedu, el ministro sostuvo que\u00a0\u201cEl referido DS no realiza un trato discriminatorio. El TC dijo que el principio de igualdad exige tratar por igual. Las universidad p\u00fablicas son personas jur\u00eddicas\u201d.\u00a0 \u201cCabe precisar que la Sunedu no autoriza la cantidad de vacantes a ofertar, el c\u00e1lculo no solo debe estimarse seg\u00fan el aforo, sino tambi\u00e9n al horario de uso para el cumplimiento del plan de estudios\u201d, sostuvo.<\/div>\n<div style=\"text-align: justify;\">\n<div><\/div>\n<div>Dijo que \u201cTodas las normas de\u00a0<b>Sunedu\u00a0<\/b>son en general, no existe ninguna norma hecha para una universidad en particular. Ser\u00eda imposible. Con las mismas reglas de juego, hubo universidades que lograron licenciarse y otras no\u201d.<\/div>\n<\/div>\n<div style=\"text-align: justify;\"><\/div>\n<div style=\"text-align: justify;\"><span class=\"css-901oao css-16my406 r-1qd0xha r-ad9z0x r-bcqeeo r-qvutc0\">Mart\u00edn <\/span><span class=\"css-901oao css-16my406 r-1qd0xha r-vw2c0b r-ad9z0x r-bcqeeo r-qvutc0\">Benavides<\/span><span class=\"css-901oao css-16my406 r-1qd0xha r-ad9z0x r-bcqeeo r-qvutc0\">, indic\u00f3 que\u00a0<\/span><span class=\"css-901oao css-16my406 r-1qd0xha r-ad9z0x r-bcqeeo r-qvutc0\">\u201cNo se pueden evaluar las condiciones b\u00e1sicas de calidad en base a criterios subjetivos. Hay que ver si la infraestructura cumple con las condiciones, si la oferta acad\u00e9mica es de calidad, entre otros criterios\u201d.<\/span><\/div>\n<div>\n<p class=\"\" style=\"text-align: justify;\">Sobre las preguntas referidas a la Universidad Peruano Alemana (Upal), Benavides indic\u00f3 que\u00a0\u201cEn el caso de la Universidad UPAL, esta solo obtuvo el licenciamiento para funcionar con dos programas acad\u00e9micos\u201d.<\/p>\n<div style=\"text-align: justify;\">(Con informaci\u00f3n de Andina y Radio Nacional).<\/div>\n<div style=\"text-align: justify;\"><\/div>\n<\/div>\n<div style=\"text-align: justify;\">Puede seguir la exposici\u00f3n y debate, aqu\u00ed:<\/div>\n<div><\/div>\n<\/div>\n<p><iframe loading=\"lazy\" style=\"border: none; overflow: hidden;\" src=\"https:\/\/www.facebook.com\/plugins\/video.php?href=https%3A%2F%2Fwww.facebook.com%2FCongresoPeru%2Fvideos%2F803285320480910%2F&amp;show_text=0&amp;width=560\" width=\"560\" height=\"315\" frameborder=\"0\" scrolling=\"no\" allowfullscreen=\"allowfullscreen\"><\/iframe><\/p>\n","protected":false},"excerpt":{"rendered":"<p>El ministro de Educaci\u00f3n, Mart\u00edn Benavides, inici\u00f3 su exposici\u00f3n en el marco del pliego interpelatorio de 33 preguntas formuladas por [&hellip;]<\/p>\n","protected":false},"author":63,"featured_media":26769,"comment_status":"open","ping_status":"open","sticky":false,"template":"","format":"standard","meta":{"spay_email":""},"categories":[125],"tags":[],"yoast_head":"<!-- This site is optimized with the Yoast SEO plugin v18.0 - https:\/\/yoast.com\/wordpress\/plugins\/seo\/ -->\n<title>Interpelaci\u00f3n al ministro de Educaci\u00f3n: \u00bfQu\u00e9 viene respondiendo Mart\u00edn Benavides ante el Pleno? - Red Peruana de Gestores de la Educaci\u00f3n<\/title>\n<meta name=\"robots\" content=\"index, follow, max-snippet:-1, max-image-preview:large, max-video-preview:-1\" \/>\n<link rel=\"canonical\" href=\"https:\/\/www.edugestores.pe\/?p=26768\" \/>\n<meta property=\"og:locale\" content=\"es_ES\" \/>\n<meta property=\"og:type\" content=\"article\" \/>\n<meta property=\"og:title\" content=\"Interpelaci\u00f3n al ministro de Educaci\u00f3n: \u00bfQu\u00e9 viene respondiendo Mart\u00edn Benavides ante el Pleno? - Red Peruana de Gestores de la Educaci\u00f3n\" \/>\n<meta property=\"og:description\" content=\"El ministro de Educaci\u00f3n, Mart\u00edn Benavides, inici\u00f3 su exposici\u00f3n en el marco del pliego interpelatorio de 33 preguntas formuladas por [&hellip;]\" \/>\n<meta property=\"og:url\" content=\"https:\/\/www.edugestores.pe\/?p=26768\" \/>\n<meta property=\"og:site_name\" content=\"Red Peruana de Gestores de la Educaci\u00f3n\" \/>\n<meta property=\"article:published_time\" content=\"2020-08-13T16:06:08+00:00\" \/>\n<meta property=\"article:modified_time\" content=\"2020-08-24T23:16:57+00:00\" \/>\n<meta property=\"og:image\" content=\"https:\/\/www.edugestores.pe\/wp-content\/uploads\/2020\/08\/000701149W-1.jpg\" \/>\n\t<meta property=\"og:image:width\" content=\"1800\" \/>\n\t<meta property=\"og:image:height\" content=\"1200\" \/>\n\t<meta property=\"og:image:type\" content=\"image\/jpeg\" \/>\n<meta name=\"twitter:card\" content=\"summary_large_image\" \/>\n<meta name=\"twitter:label1\" content=\"Escrito por\" \/>\n\t<meta name=\"twitter:data1\" content=\"Administrador\" \/>\n\t<meta name=\"twitter:label2\" content=\"Tiempo de lectura\" \/>\n\t<meta name=\"twitter:data2\" content=\"2 minutos\" \/>\n<script type=\"application\/ld+json\" class=\"yoast-schema-graph\">{\"@context\":\"https:\/\/schema.org\",\"@graph\":[{\"@type\":\"WebSite\",\"@id\":\"https:\/\/www.edugestores.pe\/#website\",\"url\":\"https:\/\/www.edugestores.pe\/\",\"name\":\"Red Peruana de Gestores de la Educaci\u00f3n\",\"description\":\"Red Peruana de Gestores de la Educaci\u00f3n\",\"potentialAction\":[{\"@type\":\"SearchAction\",\"target\":{\"@type\":\"EntryPoint\",\"urlTemplate\":\"https:\/\/www.edugestores.pe\/?s={search_term_string}\"},\"query-input\":\"required name=search_term_string\"}],\"inLanguage\":\"es\"},{\"@type\":\"ImageObject\",\"@id\":\"https:\/\/www.edugestores.pe\/?p=26768#primaryimage\",\"inLanguage\":\"es\",\"url\":\"https:\/\/www.edugestores.pe\/wp-content\/uploads\/2020\/08\/000701149W-1.jpg\",\"contentUrl\":\"https:\/\/www.edugestores.pe\/wp-content\/uploads\/2020\/08\/000701149W-1.jpg\",\"width\":1800,\"height\":1200},{\"@type\":\"WebPage\",\"@id\":\"https:\/\/www.edugestores.pe\/?p=26768#webpage\",\"url\":\"https:\/\/www.edugestores.pe\/?p=26768\",\"name\":\"Interpelaci\u00f3n al ministro de Educaci\u00f3n: \u00bfQu\u00e9 viene respondiendo Mart\u00edn Benavides ante el Pleno? - Red Peruana de Gestores de la Educaci\u00f3n\",\"isPartOf\":{\"@id\":\"https:\/\/www.edugestores.pe\/#website\"},\"primaryImageOfPage\":{\"@id\":\"https:\/\/www.edugestores.pe\/?p=26768#primaryimage\"},\"datePublished\":\"2020-08-13T16:06:08+00:00\",\"dateModified\":\"2020-08-24T23:16:57+00:00\",\"author\":{\"@id\":\"https:\/\/www.edugestores.pe\/#\/schema\/person\/30dc82f35f5853289037a64b35c7c7d3\"},\"breadcrumb\":{\"@id\":\"https:\/\/www.edugestores.pe\/?p=26768#breadcrumb\"},\"inLanguage\":\"es\",\"potentialAction\":[{\"@type\":\"ReadAction\",\"target\":[\"https:\/\/www.edugestores.pe\/?p=26768\"]}]},{\"@type\":\"BreadcrumbList\",\"@id\":\"https:\/\/www.edugestores.pe\/?p=26768#breadcrumb\",\"itemListElement\":[{\"@type\":\"ListItem\",\"position\":1,\"name\":\"Portada\",\"item\":\"https:\/\/www.edugestores.pe\/\"},{\"@type\":\"ListItem\",\"position\":2,\"name\":\"Interpelaci\u00f3n al ministro de Educaci\u00f3n: \u00bfQu\u00e9 viene respondiendo Mart\u00edn Benavides ante el Pleno?\"}]},{\"@type\":\"Person\",\"@id\":\"https:\/\/www.edugestores.pe\/#\/schema\/person\/30dc82f35f5853289037a64b35c7c7d3\",\"name\":\"Administrador\",\"image\":{\"@type\":\"ImageObject\",\"@id\":\"https:\/\/www.edugestores.pe\/#personlogo\",\"inLanguage\":\"es\",\"url\":\"https:\/\/secure.gravatar.com\/avatar\/70960d1239c4d2c778bb3d2786a3c1ae?s=96&d=mm&r=g\",\"contentUrl\":\"https:\/\/secure.gravatar.com\/avatar\/70960d1239c4d2c778bb3d2786a3c1ae?s=96&d=mm&r=g\",\"caption\":\"Administrador\"},\"url\":\"https:\/\/www.edugestores.pe\/?author=63\"}]}<\/script>\n<!-- \/ Yoast SEO plugin. -->","yoast_head_json":{"title":"Interpelaci\u00f3n al ministro de Educaci\u00f3n: \u00bfQu\u00e9 viene respondiendo Mart\u00edn Benavides ante el Pleno? - Red Peruana de Gestores de la Educaci\u00f3n","robots":{"index":"index","follow":"follow","max-snippet":"max-snippet:-1","max-image-preview":"max-image-preview:large","max-video-preview":"max-video-preview:-1"},"canonical":"https:\/\/www.edugestores.pe\/?p=26768","og_locale":"es_ES","og_type":"article","og_title":"Interpelaci\u00f3n al ministro de Educaci\u00f3n: \u00bfQu\u00e9 viene respondiendo Mart\u00edn Benavides ante el Pleno? - Red Peruana de Gestores de la Educaci\u00f3n","og_description":"El ministro de Educaci\u00f3n, Mart\u00edn Benavides, inici\u00f3 su exposici\u00f3n en el marco del pliego interpelatorio de 33 preguntas formuladas por [&hellip;]","og_url":"https:\/\/www.edugestores.pe\/?p=26768","og_site_name":"Red Peruana de Gestores de la Educaci\u00f3n","article_published_time":"2020-08-13T16:06:08+00:00","article_modified_time":"2020-08-24T23:16:57+00:00","og_image":[{"width":1800,"height":1200,"url":"https:\/\/www.edugestores.pe\/wp-content\/uploads\/2020\/08\/000701149W-1.jpg","type":"image\/jpeg"}],"twitter_card":"summary_large_image","twitter_misc":{"Escrito por":"Administrador","Tiempo de lectura":"2 minutos"},"schema":{"@context":"https:\/\/schema.org","@graph":[{"@type":"WebSite","@id":"https:\/\/www.edugestores.pe\/#website","url":"https:\/\/www.edugestores.pe\/","name":"Red Peruana de Gestores de la Educaci\u00f3n","description":"Red Peruana de Gestores de la Educaci\u00f3n","potentialAction":[{"@type":"SearchAction","target":{"@type":"EntryPoint","urlTemplate":"https:\/\/www.edugestores.pe\/?s={search_term_string}"},"query-input":"required name=search_term_string"}],"inLanguage":"es"},{"@type":"ImageObject","@id":"https:\/\/www.edugestores.pe\/?p=26768#primaryimage","inLanguage":"es","url":"https:\/\/www.edugestores.pe\/wp-content\/uploads\/2020\/08\/000701149W-1.jpg","contentUrl":"https:\/\/www.edugestores.pe\/wp-content\/uploads\/2020\/08\/000701149W-1.jpg","width":1800,"height":1200},{"@type":"WebPage","@id":"https:\/\/www.edugestores.pe\/?p=26768#webpage","url":"https:\/\/www.edugestores.pe\/?p=26768","name":"Interpelaci\u00f3n al ministro de Educaci\u00f3n: \u00bfQu\u00e9 viene respondiendo Mart\u00edn Benavides ante el Pleno? - Red Peruana de Gestores de la Educaci\u00f3n","isPartOf":{"@id":"https:\/\/www.edugestores.pe\/#website"},"primaryImageOfPage":{"@id":"https:\/\/www.edugestores.pe\/?p=26768#primaryimage"},"datePublished":"2020-08-13T16:06:08+00:00","dateModified":"2020-08-24T23:16:57+00:00","author":{"@id":"https:\/\/www.edugestores.pe\/#\/schema\/person\/30dc82f35f5853289037a64b35c7c7d3"},"breadcrumb":{"@id":"https:\/\/www.edugestores.pe\/?p=26768#breadcrumb"},"inLanguage":"es","potentialAction":[{"@type":"ReadAction","target":["https:\/\/www.edugestores.pe\/?p=26768"]}]},{"@type":"BreadcrumbList","@id":"https:\/\/www.edugestores.pe\/?p=26768#breadcrumb","itemListElement":[{"@type":"ListItem","position":1,"name":"Portada","item":"https:\/\/www.edugestores.pe\/"},{"@type":"ListItem","position":2,"name":"Interpelaci\u00f3n al ministro de Educaci\u00f3n: \u00bfQu\u00e9 viene respondiendo Mart\u00edn Benavides ante el Pleno?"}]},{"@type":"Person","@id":"https:\/\/www.edugestores.pe\/#\/schema\/person\/30dc82f35f5853289037a64b35c7c7d3","name":"Administrador","image":{"@type":"ImageObject","@id":"https:\/\/www.edugestores.pe\/#personlogo","inLanguage":"es","url":"https:\/\/secure.gravatar.com\/avatar\/70960d1239c4d2c778bb3d2786a3c1ae?s=96&d=mm&r=g","contentUrl":"https:\/\/secure.gravatar.com\/avatar\/70960d1239c4d2c778bb3d2786a3c1ae?s=96&d=mm&r=g","caption":"Administrador"},"url":"https:\/\/www.edugestores.pe\/?author=63"}]}},"jetpack_featured_media_url":"https:\/\/www.edugestores.pe\/wp-content\/uploads\/2020\/08\/000701149W-1.jpg","_links":{"self":[{"href":"https:\/\/www.edugestores.pe\/index.php?rest_route=\/wp\/v2\/posts\/26768"}],"collection":[{"href":"https:\/\/www.edugestores.pe\/index.php?rest_route=\/wp\/v2\/posts"}],"about":[{"href":"https:\/\/www.edugestores.pe\/index.php?rest_route=\/wp\/v2\/types\/post"}],"author":[{"embeddable":true,"href":"https:\/\/www.edugestores.pe\/index.php?rest_route=\/wp\/v2\/users\/63"}],"replies":[{"embeddable":true,"href":"https:\/\/www.edugestores.pe\/index.php?rest_route=%2Fwp%2Fv2%2Fcomments&post=26768"}],"version-history":[{"count":1,"href":"https:\/\/www.edugestores.pe\/index.php?rest_route=\/wp\/v2\/posts\/26768\/revisions"}],"predecessor-version":[{"id":26770,"href":"https:\/\/www.edugestores.pe\/index.php?rest_route=\/wp\/v2\/posts\/26768\/revisions\/26770"}],"wp:featuredmedia":[{"embeddable":true,"href":"https:\/\/www.edugestores.pe\/index.php?rest_route=\/wp\/v2\/media\/26769"}],"wp:attachment":[{"href":"https:\/\/www.edugestores.pe\/index.php?rest_route=%2Fwp%2Fv2%2Fmedia&parent=26768"}],"wp:term":[{"taxonomy":"category","embeddable":true,"href":"https:\/\/www.edugestores.pe\/index.php?rest_route=%2Fwp%2Fv2%2Fcategories&post=26768"},{"taxonomy":"post_tag","embeddable":true,"href":"https:\/\/www.edugestores.pe\/index.php?rest_route=%2Fwp%2Fv2%2Ftags&post=26768"}],"curies":[{"name":"wp","href":"https:\/\/api.w.org\/{rel}","templated":true}]}}