{"id":26834,"date":"2020-09-08T12:14:17","date_gmt":"2020-09-08T17:14:17","guid":{"rendered":"https:\/\/www.edugestores.pe\/?p=26834"},"modified":"2020-10-17T18:21:16","modified_gmt":"2020-10-17T23:21:16","slug":"minedu-lanza-concurso-de-buenas-practicas-de-gestion-educativa-edicion-especial-2020","status":"publish","type":"post","link":"https:\/\/www.edugestores.pe\/?p=26834","title":{"rendered":"Minedu lanza Concurso de Buenas Pr\u00e1cticas de Gesti\u00f3n Educativa edici\u00f3n especial 2020"},"content":{"rendered":"<p style=\"text-align: justify;\">Hoy se public\u00f3 en Normas Legales del diario El Peruano la resoluci\u00f3n que aprueba las bases de la edici\u00f3n especial del <a href=\"https:\/\/www.edugestores.pe\/docs\/bases-de-la-edicion-especial-del-concurso-de-buenas-practicas-de-gestion-educativa-2020\/\">Concurso de Buenas Pr\u00e1cticas de Gesti\u00f3n Educativa en las Direcciones o Gerencias Regionales de Educaci\u00f3n y las Unidades de Gesti\u00f3n Educativa Local 2020<\/a>, que convoca a iniciativas destacables en el contexto actual. El concurso tiene\u00a0como objetivo reconocer y premiar las experiencias de gesti\u00f3n educativa que implementan las DRE\/GRE y UGEL como respuesta ante la emergencia sanitaria a consecuencia del COVID-19, con el prop\u00f3sito de dar continuidad al servicio educativo en el territorio.<\/p>\n<p style=\"text-align: justify;\">Estas iniciativas destacables de gesti\u00f3n educativa son descritas en las bases como acciones concretas y creativas implementadas por las DRE\/GRE y las UGEL en respuesta a la emergencia sanitaria por el COVID-19, y que constituyen un referente de las estrategias que el sector implementa, para contribuir a la continuidad del servicio educativo, para que cada estudiante de nuestro territorio reciba un servicio de calidad con equidad.<\/p>\n<p style=\"text-align: justify;\">Las bases tambi\u00e9n indican que estas iniciativas deben evidenciar cambios positivos y tienen potencial de r\u00e9plica. &#8220;Asimismo, para ser considerada una iniciativa de gesti\u00f3n educativa destacable, esta debe cumplir los siguientes requisitos: Tiene un m\u00ednimo de cuatro (4) meses de implementaci\u00f3n, se implementa en la modalidad de Educaci\u00f3n B\u00e1sica Regular (EBR), Educaci\u00f3n B\u00e1sica Especial (EBE), Educaci\u00f3n B\u00e1sica Alternativa (EBA), Educaci\u00f3n T\u00e9cnico- Productiva; y, promueve la implementaci\u00f3n de la estrategia Aprendo en Casa, de acuerdo a lo contemplado en las categor\u00edas precisadas en el numeral 7. Tambi\u00e9n, que se desarrolla en el marco de las disposiciones declaradas por el gobierno, referidas al aislamiento social obligatorio y a las medidas y protocolos de seguridad regulados por las instancias correspondientes. Y, finalmente, la iniciativa de gesti\u00f3n educativa fomenta espacios de articulaci\u00f3n y participaci\u00f3n de diversos actores p\u00fablicos y privados de la comunidad. \uf0b7 La iniciativa de gesti\u00f3n educativa evidencia su contribuci\u00f3n para la continuidad del servicio educativo en el territorio.<\/p>\n<p style=\"text-align: justify;\">La inscripci\u00f3n y presentaci\u00f3n del expediente al concurso es gratuita y se realizar\u00e1 en el formato disponible en la plataforma virtual Edutalentos Regiones, administrada por la DIFOCA, a trav\u00e9s del siguiente enlace, desde el 14 de setiembre: http:\/\/www.edutalentos.pe\/buenas-practicas<\/p>\n<p style=\"text-align: justify;\">Acceda a las <a href=\"https:\/\/www.edugestores.pe\/docs\/bases-de-la-edicion-especial-del-concurso-de-buenas-practicas-de-gestion-educativa-2020\/\">bases aqu\u00ed<\/a>.<\/p>\n","protected":false},"excerpt":{"rendered":"<p>Hoy se public\u00f3 en Normas Legales del diario El Peruano la resoluci\u00f3n que aprueba las bases de la edici\u00f3n especial [&hellip;]<\/p>\n","protected":false},"author":63,"featured_media":26835,"comment_status":"open","ping_status":"open","sticky":false,"template":"","format":"standard","meta":{"spay_email":""},"categories":[125,1413],"tags":[],"yoast_head":"<!-- This site is optimized with the Yoast SEO plugin v18.0 - https:\/\/yoast.com\/wordpress\/plugins\/seo\/ -->\n<title>Minedu lanza Concurso de Buenas Pr\u00e1cticas de Gesti\u00f3n Educativa edici\u00f3n especial 2020 - Red Peruana de Gestores de la Educaci\u00f3n<\/title>\n<meta name=\"robots\" content=\"index, follow, max-snippet:-1, max-image-preview:large, max-video-preview:-1\" \/>\n<link rel=\"canonical\" href=\"https:\/\/www.edugestores.pe\/?p=26834\" \/>\n<meta property=\"og:locale\" content=\"es_ES\" \/>\n<meta property=\"og:type\" content=\"article\" \/>\n<meta property=\"og:title\" content=\"Minedu lanza Concurso de Buenas Pr\u00e1cticas de Gesti\u00f3n Educativa edici\u00f3n especial 2020 - Red Peruana de Gestores de la Educaci\u00f3n\" \/>\n<meta property=\"og:description\" content=\"Hoy se public\u00f3 en Normas Legales del diario El Peruano la resoluci\u00f3n que aprueba las bases de la edici\u00f3n especial [&hellip;]\" \/>\n<meta property=\"og:url\" content=\"https:\/\/www.edugestores.pe\/?p=26834\" \/>\n<meta property=\"og:site_name\" content=\"Red Peruana de Gestores de la Educaci\u00f3n\" \/>\n<meta property=\"article:published_time\" content=\"2020-09-08T17:14:17+00:00\" \/>\n<meta property=\"article:modified_time\" content=\"2020-10-17T23:21:16+00:00\" \/>\n<meta property=\"og:image\" content=\"https:\/\/www.edugestores.pe\/wp-content\/uploads\/2020\/09\/WhatsApp-Image-2020-09-08-at-9.49.31-2AM.jpg\" \/>\n\t<meta property=\"og:image:width\" content=\"994\" \/>\n\t<meta property=\"og:image:height\" content=\"548\" \/>\n\t<meta property=\"og:image:type\" content=\"image\/jpeg\" \/>\n<meta name=\"twitter:card\" content=\"summary_large_image\" \/>\n<meta name=\"twitter:label1\" content=\"Escrito por\" \/>\n\t<meta name=\"twitter:data1\" content=\"Administrador\" \/>\n\t<meta name=\"twitter:label2\" content=\"Tiempo de lectura\" \/>\n\t<meta name=\"twitter:data2\" content=\"2 minutos\" \/>\n<script type=\"application\/ld+json\" class=\"yoast-schema-graph\">{\"@context\":\"https:\/\/schema.org\",\"@graph\":[{\"@type\":\"WebSite\",\"@id\":\"https:\/\/www.edugestores.pe\/#website\",\"url\":\"https:\/\/www.edugestores.pe\/\",\"name\":\"Red Peruana de Gestores de la Educaci\u00f3n\",\"description\":\"Red Peruana de Gestores de la Educaci\u00f3n\",\"potentialAction\":[{\"@type\":\"SearchAction\",\"target\":{\"@type\":\"EntryPoint\",\"urlTemplate\":\"https:\/\/www.edugestores.pe\/?s={search_term_string}\"},\"query-input\":\"required name=search_term_string\"}],\"inLanguage\":\"es\"},{\"@type\":\"ImageObject\",\"@id\":\"https:\/\/www.edugestores.pe\/?p=26834#primaryimage\",\"inLanguage\":\"es\",\"url\":\"https:\/\/www.edugestores.pe\/wp-content\/uploads\/2020\/09\/WhatsApp-Image-2020-09-08-at-9.49.31-2AM.jpg\",\"contentUrl\":\"https:\/\/www.edugestores.pe\/wp-content\/uploads\/2020\/09\/WhatsApp-Image-2020-09-08-at-9.49.31-2AM.jpg\",\"width\":994,\"height\":548},{\"@type\":\"WebPage\",\"@id\":\"https:\/\/www.edugestores.pe\/?p=26834#webpage\",\"url\":\"https:\/\/www.edugestores.pe\/?p=26834\",\"name\":\"Minedu lanza Concurso de Buenas Pr\u00e1cticas de Gesti\u00f3n Educativa edici\u00f3n especial 2020 - Red Peruana de Gestores de la Educaci\u00f3n\",\"isPartOf\":{\"@id\":\"https:\/\/www.edugestores.pe\/#website\"},\"primaryImageOfPage\":{\"@id\":\"https:\/\/www.edugestores.pe\/?p=26834#primaryimage\"},\"datePublished\":\"2020-09-08T17:14:17+00:00\",\"dateModified\":\"2020-10-17T23:21:16+00:00\",\"author\":{\"@id\":\"https:\/\/www.edugestores.pe\/#\/schema\/person\/30dc82f35f5853289037a64b35c7c7d3\"},\"breadcrumb\":{\"@id\":\"https:\/\/www.edugestores.pe\/?p=26834#breadcrumb\"},\"inLanguage\":\"es\",\"potentialAction\":[{\"@type\":\"ReadAction\",\"target\":[\"https:\/\/www.edugestores.pe\/?p=26834\"]}]},{\"@type\":\"BreadcrumbList\",\"@id\":\"https:\/\/www.edugestores.pe\/?p=26834#breadcrumb\",\"itemListElement\":[{\"@type\":\"ListItem\",\"position\":1,\"name\":\"Portada\",\"item\":\"https:\/\/www.edugestores.pe\/\"},{\"@type\":\"ListItem\",\"position\":2,\"name\":\"Minedu lanza Concurso de Buenas Pr\u00e1cticas de Gesti\u00f3n Educativa edici\u00f3n especial 2020\"}]},{\"@type\":\"Person\",\"@id\":\"https:\/\/www.edugestores.pe\/#\/schema\/person\/30dc82f35f5853289037a64b35c7c7d3\",\"name\":\"Administrador\",\"image\":{\"@type\":\"ImageObject\",\"@id\":\"https:\/\/www.edugestores.pe\/#personlogo\",\"inLanguage\":\"es\",\"url\":\"https:\/\/secure.gravatar.com\/avatar\/70960d1239c4d2c778bb3d2786a3c1ae?s=96&d=mm&r=g\",\"contentUrl\":\"https:\/\/secure.gravatar.com\/avatar\/70960d1239c4d2c778bb3d2786a3c1ae?s=96&d=mm&r=g\",\"caption\":\"Administrador\"},\"url\":\"https:\/\/www.edugestores.pe\/?author=63\"}]}<\/script>\n<!-- \/ Yoast SEO plugin. -->","yoast_head_json":{"title":"Minedu lanza Concurso de Buenas Pr\u00e1cticas de Gesti\u00f3n Educativa edici\u00f3n especial 2020 - Red Peruana de Gestores de la Educaci\u00f3n","robots":{"index":"index","follow":"follow","max-snippet":"max-snippet:-1","max-image-preview":"max-image-preview:large","max-video-preview":"max-video-preview:-1"},"canonical":"https:\/\/www.edugestores.pe\/?p=26834","og_locale":"es_ES","og_type":"article","og_title":"Minedu lanza Concurso de Buenas Pr\u00e1cticas de Gesti\u00f3n Educativa edici\u00f3n especial 2020 - Red Peruana de Gestores de la Educaci\u00f3n","og_description":"Hoy se public\u00f3 en Normas Legales del diario El Peruano la resoluci\u00f3n que aprueba las bases de la edici\u00f3n especial [&hellip;]","og_url":"https:\/\/www.edugestores.pe\/?p=26834","og_site_name":"Red Peruana de Gestores de la Educaci\u00f3n","article_published_time":"2020-09-08T17:14:17+00:00","article_modified_time":"2020-10-17T23:21:16+00:00","og_image":[{"width":994,"height":548,"url":"https:\/\/www.edugestores.pe\/wp-content\/uploads\/2020\/09\/WhatsApp-Image-2020-09-08-at-9.49.31-2AM.jpg","type":"image\/jpeg"}],"twitter_card":"summary_large_image","twitter_misc":{"Escrito por":"Administrador","Tiempo de lectura":"2 minutos"},"schema":{"@context":"https:\/\/schema.org","@graph":[{"@type":"WebSite","@id":"https:\/\/www.edugestores.pe\/#website","url":"https:\/\/www.edugestores.pe\/","name":"Red Peruana de Gestores de la Educaci\u00f3n","description":"Red Peruana de Gestores de la Educaci\u00f3n","potentialAction":[{"@type":"SearchAction","target":{"@type":"EntryPoint","urlTemplate":"https:\/\/www.edugestores.pe\/?s={search_term_string}"},"query-input":"required name=search_term_string"}],"inLanguage":"es"},{"@type":"ImageObject","@id":"https:\/\/www.edugestores.pe\/?p=26834#primaryimage","inLanguage":"es","url":"https:\/\/www.edugestores.pe\/wp-content\/uploads\/2020\/09\/WhatsApp-Image-2020-09-08-at-9.49.31-2AM.jpg","contentUrl":"https:\/\/www.edugestores.pe\/wp-content\/uploads\/2020\/09\/WhatsApp-Image-2020-09-08-at-9.49.31-2AM.jpg","width":994,"height":548},{"@type":"WebPage","@id":"https:\/\/www.edugestores.pe\/?p=26834#webpage","url":"https:\/\/www.edugestores.pe\/?p=26834","name":"Minedu lanza Concurso de Buenas Pr\u00e1cticas de Gesti\u00f3n Educativa edici\u00f3n especial 2020 - Red Peruana de Gestores de la Educaci\u00f3n","isPartOf":{"@id":"https:\/\/www.edugestores.pe\/#website"},"primaryImageOfPage":{"@id":"https:\/\/www.edugestores.pe\/?p=26834#primaryimage"},"datePublished":"2020-09-08T17:14:17+00:00","dateModified":"2020-10-17T23:21:16+00:00","author":{"@id":"https:\/\/www.edugestores.pe\/#\/schema\/person\/30dc82f35f5853289037a64b35c7c7d3"},"breadcrumb":{"@id":"https:\/\/www.edugestores.pe\/?p=26834#breadcrumb"},"inLanguage":"es","potentialAction":[{"@type":"ReadAction","target":["https:\/\/www.edugestores.pe\/?p=26834"]}]},{"@type":"BreadcrumbList","@id":"https:\/\/www.edugestores.pe\/?p=26834#breadcrumb","itemListElement":[{"@type":"ListItem","position":1,"name":"Portada","item":"https:\/\/www.edugestores.pe\/"},{"@type":"ListItem","position":2,"name":"Minedu lanza Concurso de Buenas Pr\u00e1cticas de Gesti\u00f3n Educativa edici\u00f3n especial 2020"}]},{"@type":"Person","@id":"https:\/\/www.edugestores.pe\/#\/schema\/person\/30dc82f35f5853289037a64b35c7c7d3","name":"Administrador","image":{"@type":"ImageObject","@id":"https:\/\/www.edugestores.pe\/#personlogo","inLanguage":"es","url":"https:\/\/secure.gravatar.com\/avatar\/70960d1239c4d2c778bb3d2786a3c1ae?s=96&d=mm&r=g","contentUrl":"https:\/\/secure.gravatar.com\/avatar\/70960d1239c4d2c778bb3d2786a3c1ae?s=96&d=mm&r=g","caption":"Administrador"},"url":"https:\/\/www.edugestores.pe\/?author=63"}]}},"jetpack_featured_media_url":"https:\/\/www.edugestores.pe\/wp-content\/uploads\/2020\/09\/WhatsApp-Image-2020-09-08-at-9.49.31-2AM.jpg","_links":{"self":[{"href":"https:\/\/www.edugestores.pe\/index.php?rest_route=\/wp\/v2\/posts\/26834"}],"collection":[{"href":"https:\/\/www.edugestores.pe\/index.php?rest_route=\/wp\/v2\/posts"}],"about":[{"href":"https:\/\/www.edugestores.pe\/index.php?rest_route=\/wp\/v2\/types\/post"}],"author":[{"embeddable":true,"href":"https:\/\/www.edugestores.pe\/index.php?rest_route=\/wp\/v2\/users\/63"}],"replies":[{"embeddable":true,"href":"https:\/\/www.edugestores.pe\/index.php?rest_route=%2Fwp%2Fv2%2Fcomments&post=26834"}],"version-history":[{"count":1,"href":"https:\/\/www.edugestores.pe\/index.php?rest_route=\/wp\/v2\/posts\/26834\/revisions"}],"predecessor-version":[{"id":26836,"href":"https:\/\/www.edugestores.pe\/index.php?rest_route=\/wp\/v2\/posts\/26834\/revisions\/26836"}],"wp:featuredmedia":[{"embeddable":true,"href":"https:\/\/www.edugestores.pe\/index.php?rest_route=\/wp\/v2\/media\/26835"}],"wp:attachment":[{"href":"https:\/\/www.edugestores.pe\/index.php?rest_route=%2Fwp%2Fv2%2Fmedia&parent=26834"}],"wp:term":[{"taxonomy":"category","embeddable":true,"href":"https:\/\/www.edugestores.pe\/index.php?rest_route=%2Fwp%2Fv2%2Fcategories&post=26834"},{"taxonomy":"post_tag","embeddable":true,"href":"https:\/\/www.edugestores.pe\/index.php?rest_route=%2Fwp%2Fv2%2Ftags&post=26834"}],"curies":[{"name":"wp","href":"https:\/\/api.w.org\/{rel}","templated":true}]}}