{"id":26853,"date":"2020-09-21T10:52:00","date_gmt":"2020-09-21T15:52:00","guid":{"rendered":"https:\/\/www.edugestores.pe\/?p=26853"},"modified":"2020-10-17T18:19:38","modified_gmt":"2020-10-17T23:19:38","slug":"minedu-anuncia-plan-para-garantizar-transito-de-5-de-secundaria-a-educacion-superior","status":"publish","type":"post","link":"https:\/\/www.edugestores.pe\/?p=26853","title":{"rendered":"Minedu anuncia plan para garantizar tr\u00e1nsito de 5\u00b0 de secundaria a educaci\u00f3n superior"},"content":{"rendered":"<p style=\"text-align: justify;\">El Ministerio de Educaci\u00f3n (Minedu) ha desarrollado una estrategia para atender las necesidades espec\u00edficas de la promoci\u00f3n 2020, es decir, a los estudiantes que est\u00e1n por culminar la educaci\u00f3n b\u00e1sica este a\u00f1o, con el fin de asegurar que lleven a buen t\u00e9rmino sus estudios y tengan una exitosa transici\u00f3n a la educaci\u00f3n superior o al mundo laboral.<\/p>\n<div style=\"text-align: justify;\">As\u00ed lo inform\u00f3 el ministro de Educaci\u00f3n, Mart\u00edn Benavides, al explicar que la estrategia<strong>\u00a0Somos Imparables, Somos Promo 2020<\/strong>\u00a0apunta a los m\u00e1s de 600,000 estudiantes de 5.\u00b0 de secundaria de educaci\u00f3n b\u00e1sica regular (EBR) y de 4.\u00b0 ciclo avanzado de educaci\u00f3n b\u00e1sica alternativa (EBA).<\/div>\n<div>\n<div style=\"text-align: justify;\"><\/div>\n<div style=\"text-align: justify;\">El objetivo, anot\u00f3 el titular del sector, es priorizar la preparaci\u00f3n de los estudiantes para que contin\u00faen sus estudios superiores o se inicien en el mundo laboral, reforzando conocimientos esenciales sobre modelos de negocio y finanzas personales.<\/div>\n<div style=\"text-align: justify;\"><\/div>\n<div style=\"text-align: justify;\">Benavides sostuvo que ning\u00fan estudiante de 5.\u00b0 de secundaria de EBR y 4.\u00b0 del ciclo avanzado de la EBA est\u00e1 solo en este desaf\u00edo e inform\u00f3 que,\u00a0a partir de octubre,\u00a0Aprendo en Casa\u00a0tendr\u00e1 un programa de televisi\u00f3n de media hora y contenido web\u00a0dedicado a la preparaci\u00f3n para la educaci\u00f3n superior.<\/div>\n<div style=\"text-align: justify;\"><\/div>\n<div style=\"text-align: justify;\">Asimismo explic\u00f3 que el contenido de este programa ha sido desarrollado con el apoyo de universidades e institutos de educaci\u00f3n superior para brindar a los adolescentes recursos educativos dise\u00f1ados especialmente para esta etapa.<\/div>\n<div style=\"text-align: justify;\"><\/div>\n<div style=\"text-align: justify;\">Adem\u00e1s, se difundir\u00e1 informaci\u00f3n sobre becas y orientaci\u00f3n vocacional, en alianza con el Programa Nacional de Becas y Cr\u00e9dito Educativo (Pronabec) y el portal\u00a0Ponte en Carrera.<\/div>\n<div style=\"text-align: justify;\"><\/div>\n<div style=\"text-align: justify;\"><strong>Becas y competencias laborales.\u00a0<\/strong>Por otro lado, Benavides indic\u00f3 que el alumnado de 5.\u00b0 de secundaria y 4.\u00b0 ciclo avanzado de educaci\u00f3n b\u00e1sica alternativa de colegios p\u00fablicos tambi\u00e9n podr\u00e1 acceder a\u00a0100,000 becas ofrecidas por Cisco Networking Academy\u00a0para el \u201cPrograma de competencias digitales y socioemocionales para estudiantes que culminan la educaci\u00f3n b\u00e1sica&#8221;.<\/div>\n<div style=\"text-align: justify;\">\n<img decoding=\"async\" title=\"Aprendo en casa tambi\u00e9n tendr\u00e1 oferta de becas\" src=\"https:\/\/portal.andina.pe\/EDPFotografia3\/thumbnail\/2020\/09\/18\/000711266M.jpg\" alt=\"Minedu\" width=\"580px\" \/><\/div>\n<div style=\"text-align: justify;\"><\/div>\n<div style=\"text-align: justify;\">Este programa tiene de tres m\u00f3dulos y se dicta de manera virtual. Adem\u00e1s, en coordinaci\u00f3n con el Ministerio de Trabajo se viene desarrollando un programa de certificaciones laborales y el acceso a bolsas de trabajo para todos aquellos que culminen con \u00e9xito su \u00faltimo a\u00f1o de estudios.<\/div>\n<div style=\"text-align: justify;\"><\/div>\n<div style=\"text-align: justify;\">Benavides dijo que la estrategia tambi\u00e9n se est\u00e1 desarrollando a escala regional y como ejemplo mencion\u00f3 el programa\u00a0<strong>Progresa Quinto<\/strong>, implementado por la Direcci\u00f3n Regional de Educaci\u00f3n de Lima Metropolitana, que permite acceder a recursos para fortalecer competencias en las \u00e1reas de Matem\u00e1tica, Comunicaci\u00f3n, Desarrollo Personal, Ciudadan\u00eda y C\u00edvica, as\u00ed como a un repositorio y conferencias sobre orientaci\u00f3n vocacional y apoyo socioemocional.<\/div>\n<div style=\"text-align: justify;\">Tomado de Andina.<\/div>\n<\/div>\n","protected":false},"excerpt":{"rendered":"<p>El Ministerio de Educaci\u00f3n (Minedu) ha desarrollado una estrategia para atender las necesidades espec\u00edficas de la promoci\u00f3n 2020, es decir, [&hellip;]<\/p>\n","protected":false},"author":63,"featured_media":26854,"comment_status":"open","ping_status":"open","sticky":false,"template":"","format":"standard","meta":{"spay_email":""},"categories":[125],"tags":[],"yoast_head":"<!-- This site is optimized with the Yoast SEO plugin v18.0 - https:\/\/yoast.com\/wordpress\/plugins\/seo\/ -->\n<title>Minedu anuncia plan para garantizar tr\u00e1nsito de 5\u00b0 de secundaria a educaci\u00f3n superior - Red Peruana de Gestores de la Educaci\u00f3n<\/title>\n<meta name=\"robots\" content=\"index, follow, max-snippet:-1, max-image-preview:large, max-video-preview:-1\" \/>\n<link rel=\"canonical\" href=\"https:\/\/www.edugestores.pe\/?p=26853\" \/>\n<meta property=\"og:locale\" content=\"es_ES\" \/>\n<meta property=\"og:type\" content=\"article\" \/>\n<meta property=\"og:title\" content=\"Minedu anuncia plan para garantizar tr\u00e1nsito de 5\u00b0 de secundaria a educaci\u00f3n superior - Red Peruana de Gestores de la Educaci\u00f3n\" \/>\n<meta property=\"og:description\" content=\"El Ministerio de Educaci\u00f3n (Minedu) ha desarrollado una estrategia para atender las necesidades espec\u00edficas de la promoci\u00f3n 2020, es decir, [&hellip;]\" \/>\n<meta property=\"og:url\" content=\"https:\/\/www.edugestores.pe\/?p=26853\" \/>\n<meta property=\"og:site_name\" content=\"Red Peruana de Gestores de la Educaci\u00f3n\" \/>\n<meta property=\"article:published_time\" content=\"2020-09-21T15:52:00+00:00\" \/>\n<meta property=\"article:modified_time\" content=\"2020-10-17T23:19:38+00:00\" \/>\n<meta property=\"og:image\" content=\"https:\/\/www.edugestores.pe\/wp-content\/uploads\/2020\/09\/000693123W.jpg\" \/>\n\t<meta property=\"og:image:width\" content=\"1800\" \/>\n\t<meta property=\"og:image:height\" content=\"1200\" \/>\n\t<meta property=\"og:image:type\" content=\"image\/jpeg\" \/>\n<meta name=\"twitter:card\" content=\"summary_large_image\" \/>\n<meta name=\"twitter:label1\" content=\"Escrito por\" \/>\n\t<meta name=\"twitter:data1\" content=\"Administrador\" \/>\n\t<meta name=\"twitter:label2\" content=\"Tiempo de lectura\" \/>\n\t<meta name=\"twitter:data2\" content=\"2 minutos\" \/>\n<script type=\"application\/ld+json\" class=\"yoast-schema-graph\">{\"@context\":\"https:\/\/schema.org\",\"@graph\":[{\"@type\":\"WebSite\",\"@id\":\"https:\/\/www.edugestores.pe\/#website\",\"url\":\"https:\/\/www.edugestores.pe\/\",\"name\":\"Red Peruana de Gestores de la Educaci\u00f3n\",\"description\":\"Red Peruana de Gestores de la Educaci\u00f3n\",\"potentialAction\":[{\"@type\":\"SearchAction\",\"target\":{\"@type\":\"EntryPoint\",\"urlTemplate\":\"https:\/\/www.edugestores.pe\/?s={search_term_string}\"},\"query-input\":\"required name=search_term_string\"}],\"inLanguage\":\"es\"},{\"@type\":\"ImageObject\",\"@id\":\"https:\/\/www.edugestores.pe\/?p=26853#primaryimage\",\"inLanguage\":\"es\",\"url\":\"https:\/\/www.edugestores.pe\/wp-content\/uploads\/2020\/09\/000693123W.jpg\",\"contentUrl\":\"https:\/\/www.edugestores.pe\/wp-content\/uploads\/2020\/09\/000693123W.jpg\",\"width\":1800,\"height\":1200},{\"@type\":\"WebPage\",\"@id\":\"https:\/\/www.edugestores.pe\/?p=26853#webpage\",\"url\":\"https:\/\/www.edugestores.pe\/?p=26853\",\"name\":\"Minedu anuncia plan para garantizar tr\u00e1nsito de 5\u00b0 de secundaria a educaci\u00f3n superior - Red Peruana de Gestores de la Educaci\u00f3n\",\"isPartOf\":{\"@id\":\"https:\/\/www.edugestores.pe\/#website\"},\"primaryImageOfPage\":{\"@id\":\"https:\/\/www.edugestores.pe\/?p=26853#primaryimage\"},\"datePublished\":\"2020-09-21T15:52:00+00:00\",\"dateModified\":\"2020-10-17T23:19:38+00:00\",\"author\":{\"@id\":\"https:\/\/www.edugestores.pe\/#\/schema\/person\/30dc82f35f5853289037a64b35c7c7d3\"},\"breadcrumb\":{\"@id\":\"https:\/\/www.edugestores.pe\/?p=26853#breadcrumb\"},\"inLanguage\":\"es\",\"potentialAction\":[{\"@type\":\"ReadAction\",\"target\":[\"https:\/\/www.edugestores.pe\/?p=26853\"]}]},{\"@type\":\"BreadcrumbList\",\"@id\":\"https:\/\/www.edugestores.pe\/?p=26853#breadcrumb\",\"itemListElement\":[{\"@type\":\"ListItem\",\"position\":1,\"name\":\"Portada\",\"item\":\"https:\/\/www.edugestores.pe\/\"},{\"@type\":\"ListItem\",\"position\":2,\"name\":\"Minedu anuncia plan para garantizar tr\u00e1nsito de 5\u00b0 de secundaria a educaci\u00f3n superior\"}]},{\"@type\":\"Person\",\"@id\":\"https:\/\/www.edugestores.pe\/#\/schema\/person\/30dc82f35f5853289037a64b35c7c7d3\",\"name\":\"Administrador\",\"image\":{\"@type\":\"ImageObject\",\"@id\":\"https:\/\/www.edugestores.pe\/#personlogo\",\"inLanguage\":\"es\",\"url\":\"https:\/\/secure.gravatar.com\/avatar\/70960d1239c4d2c778bb3d2786a3c1ae?s=96&d=mm&r=g\",\"contentUrl\":\"https:\/\/secure.gravatar.com\/avatar\/70960d1239c4d2c778bb3d2786a3c1ae?s=96&d=mm&r=g\",\"caption\":\"Administrador\"},\"url\":\"https:\/\/www.edugestores.pe\/?author=63\"}]}<\/script>\n<!-- \/ Yoast SEO plugin. -->","yoast_head_json":{"title":"Minedu anuncia plan para garantizar tr\u00e1nsito de 5\u00b0 de secundaria a educaci\u00f3n superior - Red Peruana de Gestores de la Educaci\u00f3n","robots":{"index":"index","follow":"follow","max-snippet":"max-snippet:-1","max-image-preview":"max-image-preview:large","max-video-preview":"max-video-preview:-1"},"canonical":"https:\/\/www.edugestores.pe\/?p=26853","og_locale":"es_ES","og_type":"article","og_title":"Minedu anuncia plan para garantizar tr\u00e1nsito de 5\u00b0 de secundaria a educaci\u00f3n superior - Red Peruana de Gestores de la Educaci\u00f3n","og_description":"El Ministerio de Educaci\u00f3n (Minedu) ha desarrollado una estrategia para atender las necesidades espec\u00edficas de la promoci\u00f3n 2020, es decir, [&hellip;]","og_url":"https:\/\/www.edugestores.pe\/?p=26853","og_site_name":"Red Peruana de Gestores de la Educaci\u00f3n","article_published_time":"2020-09-21T15:52:00+00:00","article_modified_time":"2020-10-17T23:19:38+00:00","og_image":[{"width":1800,"height":1200,"url":"https:\/\/www.edugestores.pe\/wp-content\/uploads\/2020\/09\/000693123W.jpg","type":"image\/jpeg"}],"twitter_card":"summary_large_image","twitter_misc":{"Escrito por":"Administrador","Tiempo de lectura":"2 minutos"},"schema":{"@context":"https:\/\/schema.org","@graph":[{"@type":"WebSite","@id":"https:\/\/www.edugestores.pe\/#website","url":"https:\/\/www.edugestores.pe\/","name":"Red Peruana de Gestores de la Educaci\u00f3n","description":"Red Peruana de Gestores de la Educaci\u00f3n","potentialAction":[{"@type":"SearchAction","target":{"@type":"EntryPoint","urlTemplate":"https:\/\/www.edugestores.pe\/?s={search_term_string}"},"query-input":"required name=search_term_string"}],"inLanguage":"es"},{"@type":"ImageObject","@id":"https:\/\/www.edugestores.pe\/?p=26853#primaryimage","inLanguage":"es","url":"https:\/\/www.edugestores.pe\/wp-content\/uploads\/2020\/09\/000693123W.jpg","contentUrl":"https:\/\/www.edugestores.pe\/wp-content\/uploads\/2020\/09\/000693123W.jpg","width":1800,"height":1200},{"@type":"WebPage","@id":"https:\/\/www.edugestores.pe\/?p=26853#webpage","url":"https:\/\/www.edugestores.pe\/?p=26853","name":"Minedu anuncia plan para garantizar tr\u00e1nsito de 5\u00b0 de secundaria a educaci\u00f3n superior - Red Peruana de Gestores de la Educaci\u00f3n","isPartOf":{"@id":"https:\/\/www.edugestores.pe\/#website"},"primaryImageOfPage":{"@id":"https:\/\/www.edugestores.pe\/?p=26853#primaryimage"},"datePublished":"2020-09-21T15:52:00+00:00","dateModified":"2020-10-17T23:19:38+00:00","author":{"@id":"https:\/\/www.edugestores.pe\/#\/schema\/person\/30dc82f35f5853289037a64b35c7c7d3"},"breadcrumb":{"@id":"https:\/\/www.edugestores.pe\/?p=26853#breadcrumb"},"inLanguage":"es","potentialAction":[{"@type":"ReadAction","target":["https:\/\/www.edugestores.pe\/?p=26853"]}]},{"@type":"BreadcrumbList","@id":"https:\/\/www.edugestores.pe\/?p=26853#breadcrumb","itemListElement":[{"@type":"ListItem","position":1,"name":"Portada","item":"https:\/\/www.edugestores.pe\/"},{"@type":"ListItem","position":2,"name":"Minedu anuncia plan para garantizar tr\u00e1nsito de 5\u00b0 de secundaria a educaci\u00f3n superior"}]},{"@type":"Person","@id":"https:\/\/www.edugestores.pe\/#\/schema\/person\/30dc82f35f5853289037a64b35c7c7d3","name":"Administrador","image":{"@type":"ImageObject","@id":"https:\/\/www.edugestores.pe\/#personlogo","inLanguage":"es","url":"https:\/\/secure.gravatar.com\/avatar\/70960d1239c4d2c778bb3d2786a3c1ae?s=96&d=mm&r=g","contentUrl":"https:\/\/secure.gravatar.com\/avatar\/70960d1239c4d2c778bb3d2786a3c1ae?s=96&d=mm&r=g","caption":"Administrador"},"url":"https:\/\/www.edugestores.pe\/?author=63"}]}},"jetpack_featured_media_url":"https:\/\/www.edugestores.pe\/wp-content\/uploads\/2020\/09\/000693123W.jpg","_links":{"self":[{"href":"https:\/\/www.edugestores.pe\/index.php?rest_route=\/wp\/v2\/posts\/26853"}],"collection":[{"href":"https:\/\/www.edugestores.pe\/index.php?rest_route=\/wp\/v2\/posts"}],"about":[{"href":"https:\/\/www.edugestores.pe\/index.php?rest_route=\/wp\/v2\/types\/post"}],"author":[{"embeddable":true,"href":"https:\/\/www.edugestores.pe\/index.php?rest_route=\/wp\/v2\/users\/63"}],"replies":[{"embeddable":true,"href":"https:\/\/www.edugestores.pe\/index.php?rest_route=%2Fwp%2Fv2%2Fcomments&post=26853"}],"version-history":[{"count":1,"href":"https:\/\/www.edugestores.pe\/index.php?rest_route=\/wp\/v2\/posts\/26853\/revisions"}],"predecessor-version":[{"id":26855,"href":"https:\/\/www.edugestores.pe\/index.php?rest_route=\/wp\/v2\/posts\/26853\/revisions\/26855"}],"wp:featuredmedia":[{"embeddable":true,"href":"https:\/\/www.edugestores.pe\/index.php?rest_route=\/wp\/v2\/media\/26854"}],"wp:attachment":[{"href":"https:\/\/www.edugestores.pe\/index.php?rest_route=%2Fwp%2Fv2%2Fmedia&parent=26853"}],"wp:term":[{"taxonomy":"category","embeddable":true,"href":"https:\/\/www.edugestores.pe\/index.php?rest_route=%2Fwp%2Fv2%2Fcategories&post=26853"},{"taxonomy":"post_tag","embeddable":true,"href":"https:\/\/www.edugestores.pe\/index.php?rest_route=%2Fwp%2Fv2%2Ftags&post=26853"}],"curies":[{"name":"wp","href":"https:\/\/api.w.org\/{rel}","templated":true}]}}