{"id":26856,"date":"2020-10-02T12:56:21","date_gmt":"2020-10-02T17:56:21","guid":{"rendered":"https:\/\/www.edugestores.pe\/?p=26856"},"modified":"2020-10-17T18:19:07","modified_gmt":"2020-10-17T23:19:07","slug":"fe-y-alegria-presenta-libro-que-revalora-la-educacion-como-elemento-clave-en-la-formacion-de-ciudadania","status":"publish","type":"post","link":"https:\/\/www.edugestores.pe\/?p=26856","title":{"rendered":"Fe y Alegr\u00eda presenta libro que revalora la educaci\u00f3n como elemento clave en la formaci\u00f3n de ciudadan\u00eda"},"content":{"rendered":"<div style=\"text-align: justify;\">Un libro que recoge las ponencias y conclusiones del 3\u00b0 Seminario Educativo de Fe y Alegr\u00eda del Per\u00fa, \u201cEducaci\u00f3n p\u00fablica. Responsabilidad de todos y todas en la formaci\u00f3n ciudadana&#8221; ha sido puesto a disposici\u00f3n de docentes, funcionarios y p\u00fablico en general, con el prop\u00f3sito de valorar la funci\u00f3n educativa como elemento generador de cambio y fundamental en la construcci\u00f3n de un pa\u00eds democr\u00e1tico.<\/div>\n<div style=\"text-align: justify;\"><\/div>\n<div style=\"text-align: justify;\">El P. Ernesto Cavassa, SJ, director general de Fe y Alegr\u00eda del Per\u00fa, se\u00f1ala que es urgente reflexionar en torno a la ciudadan\u00eda, desde las escuelas, porque si desde temprana edad no se forman ciudadanos responsables, ser\u00e1 imposible construir un pa\u00eds democr\u00e1tico y justo. \u201cSon tiempos de construir una Rep\u00fablica de ciudadanos, no de s\u00fabditos ni de subalternos. Necesitamos personas que apuesten por el bien com\u00fan, defienda sus derechos y luche contra la corrupci\u00f3n&#8221;, refiere.<\/div>\n<div style=\"text-align: justify;\"><\/div>\n<div style=\"text-align: justify;\">Cavassa afirma que este libro es un llamado a los docentes del Per\u00fa para motivar esa reflexi\u00f3n. &#8220;Hoy la conectividad y la tecnolog\u00eda pueden ser limitantes para el libre acceso a la educaci\u00f3n, pero si no formamos ciudadanos, las desigualdades permanecer\u00e1n por siempre\u201d, expresa.<\/div>\n<div style=\"text-align: justify;\"><\/div>\n<div style=\"text-align: justify;\">La presentaci\u00f3n del libro ser\u00e1 este mi\u00e9rcoles 7 de octubre a las 6.30 horas, v\u00eda Facebook live de Fe y Alegr\u00eda del Per\u00fa. En los comentarios estar\u00e1n la exministra de Educaci\u00f3n, Flor Pablo; Patricia McLauchlan, miembro del Consejo Nacional de Educaci\u00f3n, y Eduardo Vega, director del Instituto de \u00c9tica y Desarrollo de la UARM y exdefensor del pueblo. El libro estar\u00e1 disponible en la web de Fe y Alegr\u00eda para libre descarga.<\/div>\n<div style=\"text-align: justify;\"><\/div>\n<div style=\"text-align: justify;\">Fe y Alegr\u00eda del Per\u00fa, tiene a su cargo 280 instituciones educativas p\u00fablicas en 21 regiones y 55 a\u00f1os en el pa\u00eds. En los \u00faltimos tres a\u00f1os, viene organizando seminarios educativos que abordan estas tem\u00e1ticas y ha propiciado el di\u00e1logo entre especialistas y representantes de diferentes sectores.<\/div>\n<div style=\"text-align: justify;\"><\/div>\n<div style=\"text-align: justify;\"><strong>Sumilla del libro<\/strong><\/div>\n<div style=\"text-align: justify;\"><\/div>\n<div style=\"text-align: justify;\">-T\u00edtulo: Educaci\u00f3n p\u00fablica. Responsabilidad de todos y todas en la formaci\u00f3n ciudadana. Autor: Fe y Alegr\u00eda del Per\u00fa<\/div>\n<div style=\"text-align: justify;\"><\/div>\n<div style=\"text-align: justify;\">-Es una recopilaci\u00f3n de las conferencias magistrales, mesas de trabajo y di\u00e1logo del 3\u00b0 Seminario Educativo de Fe y Alegr\u00eda del Per\u00fa \u201cEducaci\u00f3n p\u00fablica. Responsabilidad de todos y todas en la formaci\u00f3n ciudadana\u201d.<\/div>\n<div style=\"text-align: justify;\"><\/div>\n<div style=\"text-align: justify;\">-Los especialistas reflexionan en torno a la importancia de la educaci\u00f3n p\u00fablica en la formaci\u00f3n de ciudadan\u00eda y c\u00f3mo esta se relaciona directamente con el aprendizaje de las bases para socializar y lograr una mejor convivencia social, con valores democr\u00e1ticos, y hacia una cultura de paz.<\/div>\n<div style=\"text-align: justify;\">Tomado de El Peruano<\/div>\n<div><\/div>\n","protected":false},"excerpt":{"rendered":"<p>Un libro que recoge las ponencias y conclusiones del 3\u00b0 Seminario Educativo de Fe y Alegr\u00eda del Per\u00fa, \u201cEducaci\u00f3n p\u00fablica. [&hellip;]<\/p>\n","protected":false},"author":63,"featured_media":26857,"comment_status":"open","ping_status":"open","sticky":false,"template":"","format":"standard","meta":{"spay_email":""},"categories":[125],"tags":[],"yoast_head":"<!-- This site is optimized with the Yoast SEO plugin v18.0 - https:\/\/yoast.com\/wordpress\/plugins\/seo\/ -->\n<title>Fe y Alegr\u00eda presenta libro que revalora la educaci\u00f3n como elemento clave en la formaci\u00f3n de ciudadan\u00eda - Red Peruana de Gestores de la Educaci\u00f3n<\/title>\n<meta name=\"robots\" content=\"index, follow, max-snippet:-1, max-image-preview:large, max-video-preview:-1\" \/>\n<link rel=\"canonical\" href=\"https:\/\/www.edugestores.pe\/?p=26856\" \/>\n<meta property=\"og:locale\" content=\"es_ES\" \/>\n<meta property=\"og:type\" content=\"article\" \/>\n<meta property=\"og:title\" content=\"Fe y Alegr\u00eda presenta libro que revalora la educaci\u00f3n como elemento clave en la formaci\u00f3n de ciudadan\u00eda - Red Peruana de Gestores de la Educaci\u00f3n\" \/>\n<meta property=\"og:description\" content=\"Un libro que recoge las ponencias y conclusiones del 3\u00b0 Seminario Educativo de Fe y Alegr\u00eda del Per\u00fa, \u201cEducaci\u00f3n p\u00fablica. [&hellip;]\" \/>\n<meta property=\"og:url\" content=\"https:\/\/www.edugestores.pe\/?p=26856\" \/>\n<meta property=\"og:site_name\" content=\"Red Peruana de Gestores de la Educaci\u00f3n\" \/>\n<meta property=\"article:published_time\" content=\"2020-10-02T17:56:21+00:00\" \/>\n<meta property=\"article:modified_time\" content=\"2020-10-17T23:19:07+00:00\" \/>\n<meta property=\"og:image\" content=\"https:\/\/www.edugestores.pe\/wp-content\/uploads\/2020\/10\/000093153M.jpg\" \/>\n\t<meta property=\"og:image:width\" content=\"760\" \/>\n\t<meta property=\"og:image:height\" content=\"507\" \/>\n\t<meta property=\"og:image:type\" content=\"image\/jpeg\" \/>\n<meta name=\"twitter:card\" content=\"summary_large_image\" \/>\n<meta name=\"twitter:label1\" content=\"Escrito por\" \/>\n\t<meta name=\"twitter:data1\" content=\"Administrador\" \/>\n\t<meta name=\"twitter:label2\" content=\"Tiempo de lectura\" \/>\n\t<meta name=\"twitter:data2\" content=\"2 minutos\" \/>\n<script type=\"application\/ld+json\" class=\"yoast-schema-graph\">{\"@context\":\"https:\/\/schema.org\",\"@graph\":[{\"@type\":\"WebSite\",\"@id\":\"https:\/\/www.edugestores.pe\/#website\",\"url\":\"https:\/\/www.edugestores.pe\/\",\"name\":\"Red Peruana de Gestores de la Educaci\u00f3n\",\"description\":\"Red Peruana de Gestores de la Educaci\u00f3n\",\"potentialAction\":[{\"@type\":\"SearchAction\",\"target\":{\"@type\":\"EntryPoint\",\"urlTemplate\":\"https:\/\/www.edugestores.pe\/?s={search_term_string}\"},\"query-input\":\"required name=search_term_string\"}],\"inLanguage\":\"es\"},{\"@type\":\"ImageObject\",\"@id\":\"https:\/\/www.edugestores.pe\/?p=26856#primaryimage\",\"inLanguage\":\"es\",\"url\":\"https:\/\/www.edugestores.pe\/wp-content\/uploads\/2020\/10\/000093153M.jpg\",\"contentUrl\":\"https:\/\/www.edugestores.pe\/wp-content\/uploads\/2020\/10\/000093153M.jpg\",\"width\":760,\"height\":507},{\"@type\":\"WebPage\",\"@id\":\"https:\/\/www.edugestores.pe\/?p=26856#webpage\",\"url\":\"https:\/\/www.edugestores.pe\/?p=26856\",\"name\":\"Fe y Alegr\u00eda presenta libro que revalora la educaci\u00f3n como elemento clave en la formaci\u00f3n de ciudadan\u00eda - Red Peruana de Gestores de la Educaci\u00f3n\",\"isPartOf\":{\"@id\":\"https:\/\/www.edugestores.pe\/#website\"},\"primaryImageOfPage\":{\"@id\":\"https:\/\/www.edugestores.pe\/?p=26856#primaryimage\"},\"datePublished\":\"2020-10-02T17:56:21+00:00\",\"dateModified\":\"2020-10-17T23:19:07+00:00\",\"author\":{\"@id\":\"https:\/\/www.edugestores.pe\/#\/schema\/person\/30dc82f35f5853289037a64b35c7c7d3\"},\"breadcrumb\":{\"@id\":\"https:\/\/www.edugestores.pe\/?p=26856#breadcrumb\"},\"inLanguage\":\"es\",\"potentialAction\":[{\"@type\":\"ReadAction\",\"target\":[\"https:\/\/www.edugestores.pe\/?p=26856\"]}]},{\"@type\":\"BreadcrumbList\",\"@id\":\"https:\/\/www.edugestores.pe\/?p=26856#breadcrumb\",\"itemListElement\":[{\"@type\":\"ListItem\",\"position\":1,\"name\":\"Portada\",\"item\":\"https:\/\/www.edugestores.pe\/\"},{\"@type\":\"ListItem\",\"position\":2,\"name\":\"Fe y Alegr\u00eda presenta libro que revalora la educaci\u00f3n como elemento clave en la formaci\u00f3n de ciudadan\u00eda\"}]},{\"@type\":\"Person\",\"@id\":\"https:\/\/www.edugestores.pe\/#\/schema\/person\/30dc82f35f5853289037a64b35c7c7d3\",\"name\":\"Administrador\",\"image\":{\"@type\":\"ImageObject\",\"@id\":\"https:\/\/www.edugestores.pe\/#personlogo\",\"inLanguage\":\"es\",\"url\":\"https:\/\/secure.gravatar.com\/avatar\/70960d1239c4d2c778bb3d2786a3c1ae?s=96&d=mm&r=g\",\"contentUrl\":\"https:\/\/secure.gravatar.com\/avatar\/70960d1239c4d2c778bb3d2786a3c1ae?s=96&d=mm&r=g\",\"caption\":\"Administrador\"},\"url\":\"https:\/\/www.edugestores.pe\/?author=63\"}]}<\/script>\n<!-- \/ Yoast SEO plugin. -->","yoast_head_json":{"title":"Fe y Alegr\u00eda presenta libro que revalora la educaci\u00f3n como elemento clave en la formaci\u00f3n de ciudadan\u00eda - Red Peruana de Gestores de la Educaci\u00f3n","robots":{"index":"index","follow":"follow","max-snippet":"max-snippet:-1","max-image-preview":"max-image-preview:large","max-video-preview":"max-video-preview:-1"},"canonical":"https:\/\/www.edugestores.pe\/?p=26856","og_locale":"es_ES","og_type":"article","og_title":"Fe y Alegr\u00eda presenta libro que revalora la educaci\u00f3n como elemento clave en la formaci\u00f3n de ciudadan\u00eda - Red Peruana de Gestores de la Educaci\u00f3n","og_description":"Un libro que recoge las ponencias y conclusiones del 3\u00b0 Seminario Educativo de Fe y Alegr\u00eda del Per\u00fa, \u201cEducaci\u00f3n p\u00fablica. [&hellip;]","og_url":"https:\/\/www.edugestores.pe\/?p=26856","og_site_name":"Red Peruana de Gestores de la Educaci\u00f3n","article_published_time":"2020-10-02T17:56:21+00:00","article_modified_time":"2020-10-17T23:19:07+00:00","og_image":[{"width":760,"height":507,"url":"https:\/\/www.edugestores.pe\/wp-content\/uploads\/2020\/10\/000093153M.jpg","type":"image\/jpeg"}],"twitter_card":"summary_large_image","twitter_misc":{"Escrito por":"Administrador","Tiempo de lectura":"2 minutos"},"schema":{"@context":"https:\/\/schema.org","@graph":[{"@type":"WebSite","@id":"https:\/\/www.edugestores.pe\/#website","url":"https:\/\/www.edugestores.pe\/","name":"Red Peruana de Gestores de la Educaci\u00f3n","description":"Red Peruana de Gestores de la Educaci\u00f3n","potentialAction":[{"@type":"SearchAction","target":{"@type":"EntryPoint","urlTemplate":"https:\/\/www.edugestores.pe\/?s={search_term_string}"},"query-input":"required name=search_term_string"}],"inLanguage":"es"},{"@type":"ImageObject","@id":"https:\/\/www.edugestores.pe\/?p=26856#primaryimage","inLanguage":"es","url":"https:\/\/www.edugestores.pe\/wp-content\/uploads\/2020\/10\/000093153M.jpg","contentUrl":"https:\/\/www.edugestores.pe\/wp-content\/uploads\/2020\/10\/000093153M.jpg","width":760,"height":507},{"@type":"WebPage","@id":"https:\/\/www.edugestores.pe\/?p=26856#webpage","url":"https:\/\/www.edugestores.pe\/?p=26856","name":"Fe y Alegr\u00eda presenta libro que revalora la educaci\u00f3n como elemento clave en la formaci\u00f3n de ciudadan\u00eda - Red Peruana de Gestores de la Educaci\u00f3n","isPartOf":{"@id":"https:\/\/www.edugestores.pe\/#website"},"primaryImageOfPage":{"@id":"https:\/\/www.edugestores.pe\/?p=26856#primaryimage"},"datePublished":"2020-10-02T17:56:21+00:00","dateModified":"2020-10-17T23:19:07+00:00","author":{"@id":"https:\/\/www.edugestores.pe\/#\/schema\/person\/30dc82f35f5853289037a64b35c7c7d3"},"breadcrumb":{"@id":"https:\/\/www.edugestores.pe\/?p=26856#breadcrumb"},"inLanguage":"es","potentialAction":[{"@type":"ReadAction","target":["https:\/\/www.edugestores.pe\/?p=26856"]}]},{"@type":"BreadcrumbList","@id":"https:\/\/www.edugestores.pe\/?p=26856#breadcrumb","itemListElement":[{"@type":"ListItem","position":1,"name":"Portada","item":"https:\/\/www.edugestores.pe\/"},{"@type":"ListItem","position":2,"name":"Fe y Alegr\u00eda presenta libro que revalora la educaci\u00f3n como elemento clave en la formaci\u00f3n de ciudadan\u00eda"}]},{"@type":"Person","@id":"https:\/\/www.edugestores.pe\/#\/schema\/person\/30dc82f35f5853289037a64b35c7c7d3","name":"Administrador","image":{"@type":"ImageObject","@id":"https:\/\/www.edugestores.pe\/#personlogo","inLanguage":"es","url":"https:\/\/secure.gravatar.com\/avatar\/70960d1239c4d2c778bb3d2786a3c1ae?s=96&d=mm&r=g","contentUrl":"https:\/\/secure.gravatar.com\/avatar\/70960d1239c4d2c778bb3d2786a3c1ae?s=96&d=mm&r=g","caption":"Administrador"},"url":"https:\/\/www.edugestores.pe\/?author=63"}]}},"jetpack_featured_media_url":"https:\/\/www.edugestores.pe\/wp-content\/uploads\/2020\/10\/000093153M.jpg","_links":{"self":[{"href":"https:\/\/www.edugestores.pe\/index.php?rest_route=\/wp\/v2\/posts\/26856"}],"collection":[{"href":"https:\/\/www.edugestores.pe\/index.php?rest_route=\/wp\/v2\/posts"}],"about":[{"href":"https:\/\/www.edugestores.pe\/index.php?rest_route=\/wp\/v2\/types\/post"}],"author":[{"embeddable":true,"href":"https:\/\/www.edugestores.pe\/index.php?rest_route=\/wp\/v2\/users\/63"}],"replies":[{"embeddable":true,"href":"https:\/\/www.edugestores.pe\/index.php?rest_route=%2Fwp%2Fv2%2Fcomments&post=26856"}],"version-history":[{"count":1,"href":"https:\/\/www.edugestores.pe\/index.php?rest_route=\/wp\/v2\/posts\/26856\/revisions"}],"predecessor-version":[{"id":26858,"href":"https:\/\/www.edugestores.pe\/index.php?rest_route=\/wp\/v2\/posts\/26856\/revisions\/26858"}],"wp:featuredmedia":[{"embeddable":true,"href":"https:\/\/www.edugestores.pe\/index.php?rest_route=\/wp\/v2\/media\/26857"}],"wp:attachment":[{"href":"https:\/\/www.edugestores.pe\/index.php?rest_route=%2Fwp%2Fv2%2Fmedia&parent=26856"}],"wp:term":[{"taxonomy":"category","embeddable":true,"href":"https:\/\/www.edugestores.pe\/index.php?rest_route=%2Fwp%2Fv2%2Fcategories&post=26856"},{"taxonomy":"post_tag","embeddable":true,"href":"https:\/\/www.edugestores.pe\/index.php?rest_route=%2Fwp%2Fv2%2Ftags&post=26856"}],"curies":[{"name":"wp","href":"https:\/\/api.w.org\/{rel}","templated":true}]}}