{"id":26865,"date":"2020-10-06T09:04:00","date_gmt":"2020-10-06T14:04:00","guid":{"rendered":"https:\/\/www.edugestores.pe\/?p=26865"},"modified":"2020-10-17T18:20:52","modified_gmt":"2020-10-17T23:20:52","slug":"gerson-ames-el-profesor-peruano-nominado-al-nobel-de-educacion-y-como-ve-las-matematicas-hoy","status":"publish","type":"post","link":"https:\/\/www.edugestores.pe\/?p=26865","title":{"rendered":"Gerson Ames: el profesor peruano nominado al Nobel de Educaci\u00f3n y c\u00f3mo ve las matem\u00e1ticas hoy"},"content":{"rendered":"<p class=\"story-contents__font-paragraph \">Reproducimos esta entrevista publicada en el diario El Comercio al docente Gerson Ames, realizada por Luciana Villegas:<\/p>\n<p class=\"story-contents__font-paragraph \">Gerson Ames (45), el profesor huanca\u00edno que se hizo conocido por su innovador m\u00e9todo de ense\u00f1anza \u201cRuwaspa Yachany\u201d (Aprendo haciendo), hoy no solo carga bajo el brazo una carrera exitosa, decenas de premios nacionales y una nominaci\u00f3n internacional; tambi\u00e9n fue uno de los representantes peruanos de la pr\u00f3xima charla TEDxLima 2020.<\/p>\n<p class=\"story-contents__font-paragraph \" style=\"text-align: justify;\">Gerson postul\u00f3 una o dos veces (no recuerda con exactitud) a la carrera de Derecho en la Universidad Nacional Mayor de San Marcos; sin obtener \u00e9xito alguno. No fue hasta unos a\u00f1os despu\u00e9s, cuando postul\u00f3 a la facultad de Educaci\u00f3n, que el popular finalista del \u201cGlobal Teacher Prize 2019\u201d logr\u00f3 comenzar su camino como estudiante universitario. Lo suyo no fue una cuesti\u00f3n de puntuaci\u00f3n, de hecho su tercer intento super\u00f3 todos sus puntajes anteriores\u2026 lo que resulta ir\u00f3nico. Al parecer, la vocaci\u00f3n de maestro lo estaba esperando.<\/p>\n<div id=\"gpt_inline\" style=\"text-align: justify;\" data-ads-name=\"\/28253241\/elcomercio\/web\/post\/vamos\/inline\" data-ads-dimensions=\"[[1,1]]\" data-ads-dimensions-m=\"[[1,1]]\" data-google-query-id=\"CLrUlNWQoOwCFaszuQYda5cGKg\">\u00a0Pero Gerson nunca la tuvo f\u00e1cil. Huanca\u00edno de nacimiento, el entonces joven inexperto dej\u00f3 su ciudad natal y lleg\u00f3 a la capital junto a su padre con tan solo siete a\u00f1os de edad. Para \u00e9l (como para muchos), ser provinciano en la capital peruana no fue nada f\u00e1cil. Cuando termin\u00f3 la etapa colegial- una de las m\u00e1s felices de su vida, seg\u00fan recuerda- y no logr\u00f3 entrar a la carrera de Derecho, decidi\u00f3 conseguir un empleo. Primero, trabaj\u00f3 como cobrador de combi, hasta que se dio cuenta que su voz\u00a0<i>\u201cno pod\u00eda ser modulada como el oficio lo ameritaba\u201d<\/i>; luego se dedic\u00f3 a vender frutas con su hermana en un puesto de mercado, pero eso tampoco dur\u00f3 mucho. Un tiempo despu\u00e9s, se convirti\u00f3 en el encargado de limpieza en un supermercado local durante dos a\u00f1os. Y aunque no le fue nada mal, sab\u00eda que su destino estaba en otra parte.<\/div>\n<div style=\"text-align: justify;\" data-ads-name=\"\/28253241\/elcomercio\/web\/post\/vamos\/inline\" data-ads-dimensions=\"[[1,1]]\" data-ads-dimensions-m=\"[[1,1]]\" data-google-query-id=\"CLrUlNWQoOwCFaszuQYda5cGKg\"><\/div>\n<div style=\"text-align: justify;\" data-ads-name=\"\/28253241\/elcomercio\/web\/post\/vamos\/inline\" data-ads-dimensions=\"[[1,1]]\" data-ads-dimensions-m=\"[[1,1]]\" data-google-query-id=\"CLrUlNWQoOwCFaszuQYda5cGKg\">Hoy, el premiado profesor lleva quince a\u00f1os tras el gran pupitre y se ha convertido en un referente dentro de su campo. Dedica sus d\u00edas a ense\u00f1ar matem\u00e1ticas a chicos de tercero y quinto de secundaria en el colegio Mariscal C\u00e1ceres de Huancavelica, donde reside junto a su familia. Con una pizarra llena de c\u00e1lculos geom\u00e9tricos y una sonrisa amigable, el docente de matem\u00e1ticas nos habla desde el otro lado de la pantalla sobre los retos que enfrenta la educaci\u00f3n en tiempos de pandemia y su participaci\u00f3n como ponente en el\u00a0<b>TEDxLima 2020<\/b>.<\/div>\n<p class=\"story-contents__font-paragraph \" style=\"text-align: justify;\"><b>&#8211; La pandemia ha cambiado de forma radical la educaci\u00f3n. S\u00e9 que has implementado un aula virtual gratuita y das asesor\u00edas por tel\u00e9fono y hasta videoconferencias para reforzar algunos temas con tus alumnos. Adem\u00e1s, hace unos meses, un video donde apareces ense\u00f1ando de casa en casa se volvi\u00f3 viral y conmovi\u00f3 a cientos de internautas\u2026 \u00bfc\u00f3mo naci\u00f3 esta iniciativa?<\/b><\/p>\n<p class=\"story-contents__font-paragraph \" style=\"text-align: justify;\">&#8211; Para m\u00ed fue chocante cuando empez\u00f3 la cuarentena y pararon las clases presenciales. No sab\u00eda qu\u00e9 hacer. Pero me puse en la posici\u00f3n de los chicos y decid\u00ed continuar ense\u00f1ando. Algunos chicos no tienen computadora y se les dificulta continuar con su educaci\u00f3n. Otros no llevan bien el nuevo m\u00e9todo y necesitan refuerzos. Por eso, un d\u00eda agarr\u00e9 mi pizarra y pas\u00e9 de casa en casa para explicarles la situaci\u00f3n y decirles que estaba ah\u00ed para ellos. Quer\u00eda que sepan que estoy preocupado por ellos y estoy presente, que no los voy a abandonar. Colocaba mi pizarra, ellos se sentaban en una silla, y con la distancia debida y la mascarilla, les explicaba en las puertas de sus casas la clase de la semana. As\u00ed fue como continu\u00e9 con mi curso.<\/p>\n<p style=\"text-align: justify;\"><b>&#8211; El compromiso que tienes con tus alumnos es inspirador. Alguna vez dijiste que en tu vida ten\u00edas tres amores: tus hijas, tu esposa y tus alumnos.<\/b><\/p>\n<p class=\"story-contents__font-paragraph \" style=\"text-align: justify;\">&#8211; S\u00ed. Creo que un profesor debe ejercer un rol parental prestado. Debe estar ah\u00ed para ellos y ayudarlos a desarrollarse y cumplir sus sue\u00f1os. Quiero darles esperanza, desarrollar su autoestima y ayudarlos a seguir adelante. Sigo intentando hacerlo del mejor modo a pesar de las nuevas circunstancias. Pero ahora han surgido nuevos problemas. El n\u00famero de chicos que se conecta a las clases virtuales cada vez disminuye.<\/p>\n<p class=\"story-contents__font-paragraph \" style=\"text-align: justify;\"><b>&#8211; \u00bfA qu\u00e9 se debe esto?<\/b><\/p>\n<p class=\"story-contents__font-paragraph \" style=\"text-align: justify;\">&#8211; Principalmente, al tema econ\u00f3mico. Los chicos est\u00e1n priorizando sus trabajos en la siembra en lugar de su educaci\u00f3n. Cada vez participan menos. Adem\u00e1s, se cansan, se aburren\u2026a\u00fan no se acostumbran del todo al nuevo m\u00e9todo. Las clases virtuales en las zonas rurales no tienen una estrategia focalizada, lo que ocasiona que los chicos pierdan inter\u00e9s. Por eso, creo que es el momento ideal para que los profesores nos reinventemos y tratemos de mantenerlos enfocados en su educaci\u00f3n.<\/p>\n<p class=\"story-contents__font-paragraph \" style=\"text-align: justify;\"><b>&#8211; \u00bfQu\u00e9 medidas crees que los maestros pueden implementar en esta \u201cnueva normalidad\u201d?<\/b><\/p>\n<p class=\"story-contents__font-paragraph \" style=\"text-align: justify;\">&#8211; Obviamente, eso va a necesitar una capacitaci\u00f3n. A todos nos ha cogido desprevenidos. Pero creo que el camino es utilizar materiales que tengamos en casa, ser creativos e intentar crear una educaci\u00f3n participativa, que ellos sean parte activa de su educaci\u00f3n. As\u00ed se van a sentir m\u00e1s interesados. Adem\u00e1s, es importante utilizar la tecnolog\u00eda para conectar con los alumnos. Actualmente, muchos maestros estamos haciendo los esfuerzos necesarios, creando video tutoriales, seminarios virtuales y dem\u00e1s, para continuar educando.<\/p>\n<p class=\"story-contents__font-paragraph \" style=\"text-align: justify;\"><b>&#8211; La pandemia ha dejado en evidencia (a\u00fan m\u00e1s) la brecha educacional que existe en nuestro pa\u00eds. Anteriormente has mencionado que tu sue\u00f1o es convertirte alg\u00fan d\u00eda en Ministro de Educaci\u00f3n y defiendes un plan educativo regional y local\u2026<\/b><\/p>\n<p class=\"story-contents__font-paragraph \" style=\"text-align: justify;\">S\u00ed. Actualmente no existe una visi\u00f3n educativa focalizada en cada regi\u00f3n. Creo que es importante que la educaci\u00f3n se enfoque en potenciar las bondades de cada regi\u00f3n. En lugar que los chicos solo vean a Lima como su \u00fanica opci\u00f3n para estudiar; tengan otras alternativas en sus propias regiones. Las riquezas de cada departamento est\u00e1n ah\u00ed, solo falta potenciarlas.<\/p>\n<p style=\"text-align: justify;\"><b>&#8211; Tu pasi\u00f3n por la educaci\u00f3n te ha llevado a convertirte en uno de los referentes en tu campo. Ahora ser\u00e1s uno de los ponentes en la charla TEDxLima 2020, \u00bfqu\u00e9 nos puedes adelantar de tu participaci\u00f3n?<\/b><\/p>\n<p class=\"story-contents__font-paragraph \" style=\"text-align: justify;\">&#8211; S\u00ed, la verdad estoy muy emocionado por esta oportunidad. La idea es invitar a la sociedad a preocuparse y formar parte activa de la educaci\u00f3n. La pandemia ha visibilizado los problemas m\u00e1s grandes en cada pa\u00eds y el Per\u00fa no ha sido ajeno a la situaci\u00f3n. Ahora sabemos, m\u00e1s que nunca, que la educaci\u00f3n es sin\u00f3nimo de salud: un pa\u00eds educado es un pa\u00eds que va a sobrepasar tiempos dif\u00edciles como estos. Esto debe ser una preocupaci\u00f3n de todos. Todos educamos en nuestro d\u00eda a d\u00eda. No se trata de cumplir nuestro rol en la sociedad y quedarnos ah\u00ed, se trata de darnos cuenta que formamos parte de un todo y debemos dar lo mejor de nosotros. Quiero invocar a la sociedad en general a tener esto presente: una sociedad educada es una sociedad que sobrevive. Adem\u00e1s, quiero dirigirme a los profesores e invitarlos a que sean un \u201ctodo terreno\u201d. Compartir la idea que la escuela debe ser un lugar de escape, un lugar seguro y el profesor; un rol prestado de padre. El profesor debe ser apasionado y creativo para poder darle lo mejor de lo mejor a sus alumnos.<\/p>\n<h2 class=\"\" style=\"text-align: justify;\"><b>Sobre el TEDxLima 2020<\/b><\/h2>\n<p class=\"story-contents__font-paragraph \" style=\"text-align: justify;\">El\u00a0<b>TEDxLima 2020,\u00a0<\/b>uno de los eventos de\u00a0<i>speakers\u00a0<\/i>m\u00e1s importantes de nuestro pa\u00eds, se realizar\u00e1 por primera vez de manera virtual este s\u00e1bado 3 de octubre. El evento reunir\u00e1 a ponentes nacionales e internacionales, y se llevar\u00e1 a cabo de forma gratuita a trav\u00e9s de YouTube y Facebook Live.<\/p>\n","protected":false},"excerpt":{"rendered":"<p>Reproducimos esta entrevista publicada en el diario El Comercio al docente Gerson Ames, realizada por Luciana Villegas: Gerson Ames (45), [&hellip;]<\/p>\n","protected":false},"author":63,"featured_media":26866,"comment_status":"open","ping_status":"open","sticky":false,"template":"","format":"standard","meta":{"spay_email":""},"categories":[125],"tags":[],"yoast_head":"<!-- This site is optimized with the Yoast SEO plugin v18.0 - https:\/\/yoast.com\/wordpress\/plugins\/seo\/ -->\n<title>Gerson Ames: el profesor peruano nominado al Nobel de Educaci\u00f3n y c\u00f3mo ve las matem\u00e1ticas hoy - Red Peruana de Gestores de la Educaci\u00f3n<\/title>\n<meta name=\"robots\" content=\"index, follow, max-snippet:-1, max-image-preview:large, max-video-preview:-1\" \/>\n<link rel=\"canonical\" href=\"https:\/\/www.edugestores.pe\/?p=26865\" \/>\n<meta property=\"og:locale\" content=\"es_ES\" \/>\n<meta property=\"og:type\" content=\"article\" \/>\n<meta property=\"og:title\" content=\"Gerson Ames: el profesor peruano nominado al Nobel de Educaci\u00f3n y c\u00f3mo ve las matem\u00e1ticas hoy - Red Peruana de Gestores de la Educaci\u00f3n\" \/>\n<meta property=\"og:description\" content=\"Reproducimos esta entrevista publicada en el diario El Comercio al docente Gerson Ames, realizada por Luciana Villegas: Gerson Ames (45), [&hellip;]\" \/>\n<meta property=\"og:url\" content=\"https:\/\/www.edugestores.pe\/?p=26865\" \/>\n<meta property=\"og:site_name\" content=\"Red Peruana de Gestores de la Educaci\u00f3n\" \/>\n<meta property=\"article:published_time\" content=\"2020-10-06T14:04:00+00:00\" \/>\n<meta property=\"article:modified_time\" content=\"2020-10-17T23:20:52+00:00\" \/>\n<meta property=\"og:image\" content=\"https:\/\/www.edugestores.pe\/wp-content\/uploads\/2020\/10\/gerson-ames.jpg\" \/>\n\t<meta property=\"og:image:width\" content=\"580\" \/>\n\t<meta property=\"og:image:height\" content=\"330\" \/>\n\t<meta property=\"og:image:type\" content=\"image\/jpeg\" \/>\n<meta name=\"twitter:card\" content=\"summary_large_image\" \/>\n<meta name=\"twitter:label1\" content=\"Escrito por\" \/>\n\t<meta name=\"twitter:data1\" content=\"Administrador\" \/>\n\t<meta name=\"twitter:label2\" content=\"Tiempo de lectura\" \/>\n\t<meta name=\"twitter:data2\" content=\"7 minutos\" \/>\n<script type=\"application\/ld+json\" class=\"yoast-schema-graph\">{\"@context\":\"https:\/\/schema.org\",\"@graph\":[{\"@type\":\"WebSite\",\"@id\":\"https:\/\/www.edugestores.pe\/#website\",\"url\":\"https:\/\/www.edugestores.pe\/\",\"name\":\"Red Peruana de Gestores de la Educaci\u00f3n\",\"description\":\"Red Peruana de Gestores de la Educaci\u00f3n\",\"potentialAction\":[{\"@type\":\"SearchAction\",\"target\":{\"@type\":\"EntryPoint\",\"urlTemplate\":\"https:\/\/www.edugestores.pe\/?s={search_term_string}\"},\"query-input\":\"required name=search_term_string\"}],\"inLanguage\":\"es\"},{\"@type\":\"ImageObject\",\"@id\":\"https:\/\/www.edugestores.pe\/?p=26865#primaryimage\",\"inLanguage\":\"es\",\"url\":\"https:\/\/www.edugestores.pe\/wp-content\/uploads\/2020\/10\/gerson-ames.jpg\",\"contentUrl\":\"https:\/\/www.edugestores.pe\/wp-content\/uploads\/2020\/10\/gerson-ames.jpg\",\"width\":580,\"height\":330},{\"@type\":\"WebPage\",\"@id\":\"https:\/\/www.edugestores.pe\/?p=26865#webpage\",\"url\":\"https:\/\/www.edugestores.pe\/?p=26865\",\"name\":\"Gerson Ames: el profesor peruano nominado al Nobel de Educaci\u00f3n y c\u00f3mo ve las matem\u00e1ticas hoy - Red Peruana de Gestores de la Educaci\u00f3n\",\"isPartOf\":{\"@id\":\"https:\/\/www.edugestores.pe\/#website\"},\"primaryImageOfPage\":{\"@id\":\"https:\/\/www.edugestores.pe\/?p=26865#primaryimage\"},\"datePublished\":\"2020-10-06T14:04:00+00:00\",\"dateModified\":\"2020-10-17T23:20:52+00:00\",\"author\":{\"@id\":\"https:\/\/www.edugestores.pe\/#\/schema\/person\/30dc82f35f5853289037a64b35c7c7d3\"},\"breadcrumb\":{\"@id\":\"https:\/\/www.edugestores.pe\/?p=26865#breadcrumb\"},\"inLanguage\":\"es\",\"potentialAction\":[{\"@type\":\"ReadAction\",\"target\":[\"https:\/\/www.edugestores.pe\/?p=26865\"]}]},{\"@type\":\"BreadcrumbList\",\"@id\":\"https:\/\/www.edugestores.pe\/?p=26865#breadcrumb\",\"itemListElement\":[{\"@type\":\"ListItem\",\"position\":1,\"name\":\"Portada\",\"item\":\"https:\/\/www.edugestores.pe\/\"},{\"@type\":\"ListItem\",\"position\":2,\"name\":\"Gerson Ames: el profesor peruano nominado al Nobel de Educaci\u00f3n y c\u00f3mo ve las matem\u00e1ticas hoy\"}]},{\"@type\":\"Person\",\"@id\":\"https:\/\/www.edugestores.pe\/#\/schema\/person\/30dc82f35f5853289037a64b35c7c7d3\",\"name\":\"Administrador\",\"image\":{\"@type\":\"ImageObject\",\"@id\":\"https:\/\/www.edugestores.pe\/#personlogo\",\"inLanguage\":\"es\",\"url\":\"https:\/\/secure.gravatar.com\/avatar\/70960d1239c4d2c778bb3d2786a3c1ae?s=96&d=mm&r=g\",\"contentUrl\":\"https:\/\/secure.gravatar.com\/avatar\/70960d1239c4d2c778bb3d2786a3c1ae?s=96&d=mm&r=g\",\"caption\":\"Administrador\"},\"url\":\"https:\/\/www.edugestores.pe\/?author=63\"}]}<\/script>\n<!-- \/ Yoast SEO plugin. -->","yoast_head_json":{"title":"Gerson Ames: el profesor peruano nominado al Nobel de Educaci\u00f3n y c\u00f3mo ve las matem\u00e1ticas hoy - Red Peruana de Gestores de la Educaci\u00f3n","robots":{"index":"index","follow":"follow","max-snippet":"max-snippet:-1","max-image-preview":"max-image-preview:large","max-video-preview":"max-video-preview:-1"},"canonical":"https:\/\/www.edugestores.pe\/?p=26865","og_locale":"es_ES","og_type":"article","og_title":"Gerson Ames: el profesor peruano nominado al Nobel de Educaci\u00f3n y c\u00f3mo ve las matem\u00e1ticas hoy - Red Peruana de Gestores de la Educaci\u00f3n","og_description":"Reproducimos esta entrevista publicada en el diario El Comercio al docente Gerson Ames, realizada por Luciana Villegas: Gerson Ames (45), [&hellip;]","og_url":"https:\/\/www.edugestores.pe\/?p=26865","og_site_name":"Red Peruana de Gestores de la Educaci\u00f3n","article_published_time":"2020-10-06T14:04:00+00:00","article_modified_time":"2020-10-17T23:20:52+00:00","og_image":[{"width":580,"height":330,"url":"https:\/\/www.edugestores.pe\/wp-content\/uploads\/2020\/10\/gerson-ames.jpg","type":"image\/jpeg"}],"twitter_card":"summary_large_image","twitter_misc":{"Escrito por":"Administrador","Tiempo de lectura":"7 minutos"},"schema":{"@context":"https:\/\/schema.org","@graph":[{"@type":"WebSite","@id":"https:\/\/www.edugestores.pe\/#website","url":"https:\/\/www.edugestores.pe\/","name":"Red Peruana de Gestores de la Educaci\u00f3n","description":"Red Peruana de Gestores de la Educaci\u00f3n","potentialAction":[{"@type":"SearchAction","target":{"@type":"EntryPoint","urlTemplate":"https:\/\/www.edugestores.pe\/?s={search_term_string}"},"query-input":"required name=search_term_string"}],"inLanguage":"es"},{"@type":"ImageObject","@id":"https:\/\/www.edugestores.pe\/?p=26865#primaryimage","inLanguage":"es","url":"https:\/\/www.edugestores.pe\/wp-content\/uploads\/2020\/10\/gerson-ames.jpg","contentUrl":"https:\/\/www.edugestores.pe\/wp-content\/uploads\/2020\/10\/gerson-ames.jpg","width":580,"height":330},{"@type":"WebPage","@id":"https:\/\/www.edugestores.pe\/?p=26865#webpage","url":"https:\/\/www.edugestores.pe\/?p=26865","name":"Gerson Ames: el profesor peruano nominado al Nobel de Educaci\u00f3n y c\u00f3mo ve las matem\u00e1ticas hoy - Red Peruana de Gestores de la Educaci\u00f3n","isPartOf":{"@id":"https:\/\/www.edugestores.pe\/#website"},"primaryImageOfPage":{"@id":"https:\/\/www.edugestores.pe\/?p=26865#primaryimage"},"datePublished":"2020-10-06T14:04:00+00:00","dateModified":"2020-10-17T23:20:52+00:00","author":{"@id":"https:\/\/www.edugestores.pe\/#\/schema\/person\/30dc82f35f5853289037a64b35c7c7d3"},"breadcrumb":{"@id":"https:\/\/www.edugestores.pe\/?p=26865#breadcrumb"},"inLanguage":"es","potentialAction":[{"@type":"ReadAction","target":["https:\/\/www.edugestores.pe\/?p=26865"]}]},{"@type":"BreadcrumbList","@id":"https:\/\/www.edugestores.pe\/?p=26865#breadcrumb","itemListElement":[{"@type":"ListItem","position":1,"name":"Portada","item":"https:\/\/www.edugestores.pe\/"},{"@type":"ListItem","position":2,"name":"Gerson Ames: el profesor peruano nominado al Nobel de Educaci\u00f3n y c\u00f3mo ve las matem\u00e1ticas hoy"}]},{"@type":"Person","@id":"https:\/\/www.edugestores.pe\/#\/schema\/person\/30dc82f35f5853289037a64b35c7c7d3","name":"Administrador","image":{"@type":"ImageObject","@id":"https:\/\/www.edugestores.pe\/#personlogo","inLanguage":"es","url":"https:\/\/secure.gravatar.com\/avatar\/70960d1239c4d2c778bb3d2786a3c1ae?s=96&d=mm&r=g","contentUrl":"https:\/\/secure.gravatar.com\/avatar\/70960d1239c4d2c778bb3d2786a3c1ae?s=96&d=mm&r=g","caption":"Administrador"},"url":"https:\/\/www.edugestores.pe\/?author=63"}]}},"jetpack_featured_media_url":"https:\/\/www.edugestores.pe\/wp-content\/uploads\/2020\/10\/gerson-ames.jpg","_links":{"self":[{"href":"https:\/\/www.edugestores.pe\/index.php?rest_route=\/wp\/v2\/posts\/26865"}],"collection":[{"href":"https:\/\/www.edugestores.pe\/index.php?rest_route=\/wp\/v2\/posts"}],"about":[{"href":"https:\/\/www.edugestores.pe\/index.php?rest_route=\/wp\/v2\/types\/post"}],"author":[{"embeddable":true,"href":"https:\/\/www.edugestores.pe\/index.php?rest_route=\/wp\/v2\/users\/63"}],"replies":[{"embeddable":true,"href":"https:\/\/www.edugestores.pe\/index.php?rest_route=%2Fwp%2Fv2%2Fcomments&post=26865"}],"version-history":[{"count":1,"href":"https:\/\/www.edugestores.pe\/index.php?rest_route=\/wp\/v2\/posts\/26865\/revisions"}],"predecessor-version":[{"id":26867,"href":"https:\/\/www.edugestores.pe\/index.php?rest_route=\/wp\/v2\/posts\/26865\/revisions\/26867"}],"wp:featuredmedia":[{"embeddable":true,"href":"https:\/\/www.edugestores.pe\/index.php?rest_route=\/wp\/v2\/media\/26866"}],"wp:attachment":[{"href":"https:\/\/www.edugestores.pe\/index.php?rest_route=%2Fwp%2Fv2%2Fmedia&parent=26865"}],"wp:term":[{"taxonomy":"category","embeddable":true,"href":"https:\/\/www.edugestores.pe\/index.php?rest_route=%2Fwp%2Fv2%2Fcategories&post=26865"},{"taxonomy":"post_tag","embeddable":true,"href":"https:\/\/www.edugestores.pe\/index.php?rest_route=%2Fwp%2Fv2%2Ftags&post=26865"}],"curies":[{"name":"wp","href":"https:\/\/api.w.org\/{rel}","templated":true}]}}