{"id":26931,"date":"2020-10-21T19:15:49","date_gmt":"2020-10-22T00:15:49","guid":{"rendered":"https:\/\/www.edugestores.pe\/?p=26931"},"modified":"2020-10-29T09:12:24","modified_gmt":"2020-10-29T14:12:24","slug":"arequipa-es-la-primera-region-donde-inician-las-labores-escolares-presenciales","status":"publish","type":"post","link":"https:\/\/www.edugestores.pe\/?p=26931","title":{"rendered":"Arequipa es la primera regi\u00f3n donde inician las labores escolares presenciales"},"content":{"rendered":"<p class=\"\" style=\"text-align: justify;\">Los estudiantes y maestros del alejado\u00a0centro poblado de San Cristobal, del distrito de Yanaquihua, situado en la provincia arequipe\u00f1a de Condesuyos, iniciaron este mi\u00e9rcoles las labores presenciales, convirti\u00e9ndose as\u00ed en los primeros en retornar a las aulas, luego de la\u00a0pandemia. La medida fue adoptada debido a que en la zona no se registra ni un solo caso de coronavirus.<\/p>\n<div style=\"text-align: justify;\">A pesar que en junio pasado, el\u00a0Ministerio de Educaci\u00f3n (Minedu)\u00a0emiti\u00f3 la resoluci\u00f3n ministerial N\u00b0 229-2020, que permite el reinicio de las clases escolares en instituciones educativas ubicadas en zonas rurales del pa\u00eds, con riesgo bajo de contagio de la COVID-19, hasta el momento, ning\u00fan plantel hab\u00eda concretado dicha medida.<\/div>\n<p class=\"\" style=\"text-align: justify;\">Precisamente, est\u00e1 ma\u00f1ana el gobernador regional de Arequipa,\u00a0Elmer C\u00e1ceres Llica, acudi\u00f3 hasta la lejana localidad para presenciar este episodio en la I.E. San Crist\u00f3bal en Condesuyos, ubicada a 8 horas de la ciudad de\u00a0Arequipa.<\/p>\n<div style=\"text-align: justify;\">Con mucha alegr\u00eda y cumpliendo rigurosamente los protocolos de salud, como el uso de la mascarilla y protector facial, los 83 ni\u00f1os del plantel volvieron a sus aulas para seguir aprendiendo. C\u00e1ceres Llica felicit\u00f3 a los docentes, padres de familia y escolares por ser los primeros en el Per\u00fa que vuelven a sus aulas. \u201cSon un ejemplo para el Per\u00fa\u201d, les dijo.<\/div>\n<p class=\"\" style=\"text-align: justify;\">\u201cLos docentes dar\u00e1n clases por turnos y horarios diferenciados. Estamos dando una lecci\u00f3n hist\u00f3rica, porque no hay mejor futuro que la educaci\u00f3n para nuestros hijos\u201d, se\u00f1al\u00f3 C\u00e1ceres Llica.<\/p>\n<p class=\"\" style=\"text-align: justify;\">Para dar este paso, los 3.000 ciudadanos de San Cristobal cumplen\u00a0los<b> protocolos de bioseguridad<\/b>, por lo que no hay ning\u00fan caso de COVID-19 en este lugar. Esa es una de las principales razones por las que se reiniciaron las clases presenciales.<\/p>\n<p class=\"\" style=\"text-align: justify;\">El director de la I.E. San Crist\u00f3bal, Adri\u00e1n Arias Huaco, explic\u00f3 que la falta de internet y la mala se\u00f1al de televisi\u00f3n limita la ense\u00f1anza. No obstante, indic\u00f3 que los cinco docentes de la escuela \u201caman su labor y tienen vocaci\u00f3n\u201d. La comunidad educativa pas\u00f3 por\u00a0<b>pruebas moleculares\u00a0<\/b>aplicadas por la Gerencia Regional de Salud.<\/p>\n<p class=\"\" style=\"text-align: justify;\">Los profesores Luis Concha Paredes, Pablo Huaco Huashuayo, Uldarica Rosas Villegas, Gisel Manrique Yauri, son los primeros en volver a las aulas. Lucen tan felices como sus alumnos.<\/p>\n<p class=\"\" style=\"text-align: justify;\"><strong>Reiniciar labores a 3.000 m.s.n.m.<\/strong> Las circunstancias fueron aprovechadas por el gobernador de\u00a0Arequipa\u00a0para invocar al presidente Mart\u00edn Vizcarra a autorizar el inicio de las labores presenciales en colegios ubicadas por encima de los 3,000 metros sobre el nivel del mar (m.s.n.m.).<\/p>\n<div style=\"text-align: justify;\">\u201c\u00bfC\u00f3mo van a estudiar nuestros ni\u00f1os que viven en zonas altas por encima de 3.000 m.s.n.m. si no tienen internet ni televisi\u00f3n? Se\u00f1or Presidente, estos ni\u00f1os tienen derecho a la educaci\u00f3n. Habr\u00e1n las puertas de los colegios para estos ni\u00f1os. No solo en la parte alta de Arequipa, sino en Huancavelica, Cerro de Pasco, Ayacucho y otras regiones\u201d, cuestion\u00f3.<\/div>\n<div style=\"text-align: justify;\"><\/div>\n<div style=\"text-align: justify;\"><strong>Clases semipresenciales.<\/strong> El gerente regional de Educaci\u00f3n, Ra\u00fal S\u00e1nchez Miranda, inform\u00f3 que coordinan con la UGEL Condesuyos para iniciar clases semipresenciales en los centros poblados de Pachana, Ocoruro, Maucallacta, Huaytapampa, entre otras localidades, y de ese modo beneficiar a m\u00e1s de 3.000 escolares.<\/div>\n<div style=\"text-align: justify;\">Tomado de La Rep\u00fablica<\/div>\n","protected":false},"excerpt":{"rendered":"<p>Los estudiantes y maestros del alejado\u00a0centro poblado de San Cristobal, del distrito de Yanaquihua, situado en la provincia arequipe\u00f1a de [&hellip;]<\/p>\n","protected":false},"author":63,"featured_media":26932,"comment_status":"open","ping_status":"open","sticky":false,"template":"","format":"standard","meta":{"spay_email":""},"categories":[125],"tags":[],"yoast_head":"<!-- This site is optimized with the Yoast SEO plugin v18.0 - https:\/\/yoast.com\/wordpress\/plugins\/seo\/ -->\n<title>Arequipa es la primera regi\u00f3n donde inician las labores escolares presenciales - Red Peruana de Gestores de la Educaci\u00f3n<\/title>\n<meta name=\"robots\" content=\"index, follow, max-snippet:-1, max-image-preview:large, max-video-preview:-1\" \/>\n<link rel=\"canonical\" href=\"https:\/\/www.edugestores.pe\/?p=26931\" \/>\n<meta property=\"og:locale\" content=\"es_ES\" \/>\n<meta property=\"og:type\" content=\"article\" \/>\n<meta property=\"og:title\" content=\"Arequipa es la primera regi\u00f3n donde inician las labores escolares presenciales - Red Peruana de Gestores de la Educaci\u00f3n\" \/>\n<meta property=\"og:description\" content=\"Los estudiantes y maestros del alejado\u00a0centro poblado de San Cristobal, del distrito de Yanaquihua, situado en la provincia arequipe\u00f1a de [&hellip;]\" \/>\n<meta property=\"og:url\" content=\"https:\/\/www.edugestores.pe\/?p=26931\" \/>\n<meta property=\"og:site_name\" content=\"Red Peruana de Gestores de la Educaci\u00f3n\" \/>\n<meta property=\"article:published_time\" content=\"2020-10-22T00:15:49+00:00\" \/>\n<meta property=\"article:modified_time\" content=\"2020-10-29T14:12:24+00:00\" \/>\n<meta property=\"og:image\" content=\"https:\/\/www.edugestores.pe\/wp-content\/uploads\/2020\/10\/VVOCS742IVD73BNPVIN43PJJWQ.jpg\" \/>\n\t<meta property=\"og:image:width\" content=\"1250\" \/>\n\t<meta property=\"og:image:height\" content=\"735\" \/>\n\t<meta property=\"og:image:type\" content=\"image\/jpeg\" \/>\n<meta name=\"twitter:card\" content=\"summary_large_image\" \/>\n<meta name=\"twitter:label1\" content=\"Escrito por\" \/>\n\t<meta name=\"twitter:data1\" content=\"Administrador\" \/>\n\t<meta name=\"twitter:label2\" content=\"Tiempo de lectura\" \/>\n\t<meta name=\"twitter:data2\" content=\"3 minutos\" \/>\n<script type=\"application\/ld+json\" class=\"yoast-schema-graph\">{\"@context\":\"https:\/\/schema.org\",\"@graph\":[{\"@type\":\"WebSite\",\"@id\":\"https:\/\/www.edugestores.pe\/#website\",\"url\":\"https:\/\/www.edugestores.pe\/\",\"name\":\"Red Peruana de Gestores de la Educaci\u00f3n\",\"description\":\"Red Peruana de Gestores de la Educaci\u00f3n\",\"potentialAction\":[{\"@type\":\"SearchAction\",\"target\":{\"@type\":\"EntryPoint\",\"urlTemplate\":\"https:\/\/www.edugestores.pe\/?s={search_term_string}\"},\"query-input\":\"required name=search_term_string\"}],\"inLanguage\":\"es\"},{\"@type\":\"ImageObject\",\"@id\":\"https:\/\/www.edugestores.pe\/?p=26931#primaryimage\",\"inLanguage\":\"es\",\"url\":\"https:\/\/www.edugestores.pe\/wp-content\/uploads\/2020\/10\/VVOCS742IVD73BNPVIN43PJJWQ.jpg\",\"contentUrl\":\"https:\/\/www.edugestores.pe\/wp-content\/uploads\/2020\/10\/VVOCS742IVD73BNPVIN43PJJWQ.jpg\",\"width\":1250,\"height\":735},{\"@type\":\"WebPage\",\"@id\":\"https:\/\/www.edugestores.pe\/?p=26931#webpage\",\"url\":\"https:\/\/www.edugestores.pe\/?p=26931\",\"name\":\"Arequipa es la primera regi\u00f3n donde inician las labores escolares presenciales - Red Peruana de Gestores de la Educaci\u00f3n\",\"isPartOf\":{\"@id\":\"https:\/\/www.edugestores.pe\/#website\"},\"primaryImageOfPage\":{\"@id\":\"https:\/\/www.edugestores.pe\/?p=26931#primaryimage\"},\"datePublished\":\"2020-10-22T00:15:49+00:00\",\"dateModified\":\"2020-10-29T14:12:24+00:00\",\"author\":{\"@id\":\"https:\/\/www.edugestores.pe\/#\/schema\/person\/30dc82f35f5853289037a64b35c7c7d3\"},\"breadcrumb\":{\"@id\":\"https:\/\/www.edugestores.pe\/?p=26931#breadcrumb\"},\"inLanguage\":\"es\",\"potentialAction\":[{\"@type\":\"ReadAction\",\"target\":[\"https:\/\/www.edugestores.pe\/?p=26931\"]}]},{\"@type\":\"BreadcrumbList\",\"@id\":\"https:\/\/www.edugestores.pe\/?p=26931#breadcrumb\",\"itemListElement\":[{\"@type\":\"ListItem\",\"position\":1,\"name\":\"Portada\",\"item\":\"https:\/\/www.edugestores.pe\/\"},{\"@type\":\"ListItem\",\"position\":2,\"name\":\"Arequipa es la primera regi\u00f3n donde inician las labores escolares presenciales\"}]},{\"@type\":\"Person\",\"@id\":\"https:\/\/www.edugestores.pe\/#\/schema\/person\/30dc82f35f5853289037a64b35c7c7d3\",\"name\":\"Administrador\",\"image\":{\"@type\":\"ImageObject\",\"@id\":\"https:\/\/www.edugestores.pe\/#personlogo\",\"inLanguage\":\"es\",\"url\":\"https:\/\/secure.gravatar.com\/avatar\/70960d1239c4d2c778bb3d2786a3c1ae?s=96&d=mm&r=g\",\"contentUrl\":\"https:\/\/secure.gravatar.com\/avatar\/70960d1239c4d2c778bb3d2786a3c1ae?s=96&d=mm&r=g\",\"caption\":\"Administrador\"},\"url\":\"https:\/\/www.edugestores.pe\/?author=63\"}]}<\/script>\n<!-- \/ Yoast SEO plugin. -->","yoast_head_json":{"title":"Arequipa es la primera regi\u00f3n donde inician las labores escolares presenciales - Red Peruana de Gestores de la Educaci\u00f3n","robots":{"index":"index","follow":"follow","max-snippet":"max-snippet:-1","max-image-preview":"max-image-preview:large","max-video-preview":"max-video-preview:-1"},"canonical":"https:\/\/www.edugestores.pe\/?p=26931","og_locale":"es_ES","og_type":"article","og_title":"Arequipa es la primera regi\u00f3n donde inician las labores escolares presenciales - Red Peruana de Gestores de la Educaci\u00f3n","og_description":"Los estudiantes y maestros del alejado\u00a0centro poblado de San Cristobal, del distrito de Yanaquihua, situado en la provincia arequipe\u00f1a de [&hellip;]","og_url":"https:\/\/www.edugestores.pe\/?p=26931","og_site_name":"Red Peruana de Gestores de la Educaci\u00f3n","article_published_time":"2020-10-22T00:15:49+00:00","article_modified_time":"2020-10-29T14:12:24+00:00","og_image":[{"width":1250,"height":735,"url":"https:\/\/www.edugestores.pe\/wp-content\/uploads\/2020\/10\/VVOCS742IVD73BNPVIN43PJJWQ.jpg","type":"image\/jpeg"}],"twitter_card":"summary_large_image","twitter_misc":{"Escrito por":"Administrador","Tiempo de lectura":"3 minutos"},"schema":{"@context":"https:\/\/schema.org","@graph":[{"@type":"WebSite","@id":"https:\/\/www.edugestores.pe\/#website","url":"https:\/\/www.edugestores.pe\/","name":"Red Peruana de Gestores de la Educaci\u00f3n","description":"Red Peruana de Gestores de la Educaci\u00f3n","potentialAction":[{"@type":"SearchAction","target":{"@type":"EntryPoint","urlTemplate":"https:\/\/www.edugestores.pe\/?s={search_term_string}"},"query-input":"required name=search_term_string"}],"inLanguage":"es"},{"@type":"ImageObject","@id":"https:\/\/www.edugestores.pe\/?p=26931#primaryimage","inLanguage":"es","url":"https:\/\/www.edugestores.pe\/wp-content\/uploads\/2020\/10\/VVOCS742IVD73BNPVIN43PJJWQ.jpg","contentUrl":"https:\/\/www.edugestores.pe\/wp-content\/uploads\/2020\/10\/VVOCS742IVD73BNPVIN43PJJWQ.jpg","width":1250,"height":735},{"@type":"WebPage","@id":"https:\/\/www.edugestores.pe\/?p=26931#webpage","url":"https:\/\/www.edugestores.pe\/?p=26931","name":"Arequipa es la primera regi\u00f3n donde inician las labores escolares presenciales - Red Peruana de Gestores de la Educaci\u00f3n","isPartOf":{"@id":"https:\/\/www.edugestores.pe\/#website"},"primaryImageOfPage":{"@id":"https:\/\/www.edugestores.pe\/?p=26931#primaryimage"},"datePublished":"2020-10-22T00:15:49+00:00","dateModified":"2020-10-29T14:12:24+00:00","author":{"@id":"https:\/\/www.edugestores.pe\/#\/schema\/person\/30dc82f35f5853289037a64b35c7c7d3"},"breadcrumb":{"@id":"https:\/\/www.edugestores.pe\/?p=26931#breadcrumb"},"inLanguage":"es","potentialAction":[{"@type":"ReadAction","target":["https:\/\/www.edugestores.pe\/?p=26931"]}]},{"@type":"BreadcrumbList","@id":"https:\/\/www.edugestores.pe\/?p=26931#breadcrumb","itemListElement":[{"@type":"ListItem","position":1,"name":"Portada","item":"https:\/\/www.edugestores.pe\/"},{"@type":"ListItem","position":2,"name":"Arequipa es la primera regi\u00f3n donde inician las labores escolares presenciales"}]},{"@type":"Person","@id":"https:\/\/www.edugestores.pe\/#\/schema\/person\/30dc82f35f5853289037a64b35c7c7d3","name":"Administrador","image":{"@type":"ImageObject","@id":"https:\/\/www.edugestores.pe\/#personlogo","inLanguage":"es","url":"https:\/\/secure.gravatar.com\/avatar\/70960d1239c4d2c778bb3d2786a3c1ae?s=96&d=mm&r=g","contentUrl":"https:\/\/secure.gravatar.com\/avatar\/70960d1239c4d2c778bb3d2786a3c1ae?s=96&d=mm&r=g","caption":"Administrador"},"url":"https:\/\/www.edugestores.pe\/?author=63"}]}},"jetpack_featured_media_url":"https:\/\/www.edugestores.pe\/wp-content\/uploads\/2020\/10\/VVOCS742IVD73BNPVIN43PJJWQ.jpg","_links":{"self":[{"href":"https:\/\/www.edugestores.pe\/index.php?rest_route=\/wp\/v2\/posts\/26931"}],"collection":[{"href":"https:\/\/www.edugestores.pe\/index.php?rest_route=\/wp\/v2\/posts"}],"about":[{"href":"https:\/\/www.edugestores.pe\/index.php?rest_route=\/wp\/v2\/types\/post"}],"author":[{"embeddable":true,"href":"https:\/\/www.edugestores.pe\/index.php?rest_route=\/wp\/v2\/users\/63"}],"replies":[{"embeddable":true,"href":"https:\/\/www.edugestores.pe\/index.php?rest_route=%2Fwp%2Fv2%2Fcomments&post=26931"}],"version-history":[{"count":1,"href":"https:\/\/www.edugestores.pe\/index.php?rest_route=\/wp\/v2\/posts\/26931\/revisions"}],"predecessor-version":[{"id":26933,"href":"https:\/\/www.edugestores.pe\/index.php?rest_route=\/wp\/v2\/posts\/26931\/revisions\/26933"}],"wp:featuredmedia":[{"embeddable":true,"href":"https:\/\/www.edugestores.pe\/index.php?rest_route=\/wp\/v2\/media\/26932"}],"wp:attachment":[{"href":"https:\/\/www.edugestores.pe\/index.php?rest_route=%2Fwp%2Fv2%2Fmedia&parent=26931"}],"wp:term":[{"taxonomy":"category","embeddable":true,"href":"https:\/\/www.edugestores.pe\/index.php?rest_route=%2Fwp%2Fv2%2Fcategories&post=26931"},{"taxonomy":"post_tag","embeddable":true,"href":"https:\/\/www.edugestores.pe\/index.php?rest_route=%2Fwp%2Fv2%2Ftags&post=26931"}],"curies":[{"name":"wp","href":"https:\/\/api.w.org\/{rel}","templated":true}]}}