{"id":26945,"date":"2020-10-27T12:32:08","date_gmt":"2020-10-27T17:32:08","guid":{"rendered":"https:\/\/www.edugestores.pe\/?p=26945"},"modified":"2020-11-30T14:37:07","modified_gmt":"2020-11-30T19:37:07","slug":"maestros-seran-incluidos-en-el-primer-grupo-de-la-vacuna","status":"publish","type":"post","link":"https:\/\/www.edugestores.pe\/?p=26945","title":{"rendered":"Maestros ser\u00e1n incluidos en el primer grupo de la vacuna"},"content":{"rendered":"<p class=\"\" style=\"text-align: justify;\">El canciller Mario L\u00f3pez Ch\u00e1varry dijo que el Gobierno espera que en el primer trimestre del 2021 se cuente con las\u00a0vacunas\u00a0que permitan atender al 30% de la poblaci\u00f3n, especialmente a los que est\u00e1n en primera l\u00ednea en la lucha contra el\u00a0Covid-19, entre ellos, los maestros que volver\u00edan a las clases semipresenciales; polic\u00edas, militares, personal de salud y adultos mayores vulnerables.<\/p>\n<div style=\"text-align: justify;\">Al respecto, Lucio Castro, secretario general del\u00a0Sindicato Unitario de Trabajadores en la Educaci\u00f3n del Per\u00fa\u00a0(Sutep), se\u00f1ala que los maestros no volver\u00e1n a las aulas si antes no son vacunados junto con el personal auxiliar.<\/div>\n<p class=\"\" style=\"text-align: justify;\">\u201cLos maestros queremos volver a las clases presenciales y si las vacunas est\u00e1n listas estaremos en primera fila, pero la infraestructura sanitaria de los colegios debe estar garantizada\u201d, se\u00f1al\u00f3 Castro, quien recuerda que el 54% de los colegios p\u00fablicos del pa\u00eds no cuenta con servicios b\u00e1sicos como agua, luz, desag\u00fce, y en zonas rurales esto llega al 79%.<\/p>\n<div style=\"text-align: justify;\">Hay que precisar que hace unos d\u00edas el\u00a0Minedu\u00a0pidi\u00f3 al\u00a0Minsa\u00a0incluir a los docentes. Y poco antes el primer ministro, Walter Martos, indic\u00f3 que los profesores ser\u00edan vacunados para el retorno a las clases semipresenciales, pero el Minsa no los consider\u00f3 en el primer ni segundo grupo del plan de vacunaci\u00f3n.<\/div>\n<p class=\"\" style=\"text-align: justify;\">Por otro lado, el canciller\u00a0L\u00f3pez Ch\u00e1varri\u00a0destac\u00f3 que hay avances con laboratorios internacionales con los que el Per\u00fa tiene acuerdos de intenci\u00f3n y acuerdos vinculantes y estos est\u00e1n asegurando vacunas contra el Covid-19 para fines del primer trimestre del 2021.<\/p>\n<p class=\"\" style=\"text-align: justify;\">Explic\u00f3 en RPP que un acuerdo vinculante significa que hay una obligaci\u00f3n para entregar la vacuna, como es el caso del laboratorio Pfizer, y se le pagar\u00e1 un adelanto en noviembre. Tambi\u00e9n record\u00f3 que ya se ha pagado un adelanto a Covax Facility para acceder a una \u201ccanasta\u201d de vacunas.<\/p>\n<p class=\"\" style=\"text-align: justify;\"><strong>Vacuna de AstraZeneca tiene avances.<\/strong>\u00a0La vacuna contra el\u00a0Covid-19 que desarrolla la universidad de Oxford, en colaboraci\u00f3n con la farmac\u00e9utica\u00a0AstraZeneca, generar\u00eda una respuesta inmune en los adultos mayores, revel\u00f3 el Financial Times.<\/p>\n<p class=\"\" style=\"text-align: justify;\">La vacuna, al parecer, desencadena anticuerpos protectores y c\u00e9lulas T en grupos de mayor edad. Esta conclusi\u00f3n fue hecha por dos personas familiarizadas con este hallazgo. Esto ha animado a los investigadores a buscar m\u00e1s pruebas para ver si en efecto es as\u00ed. De ser confirmada, se podr\u00eda evitar que las personas adultas mayores tengan enfermedades graves o morir con el virus.<\/p>\n<p class=\"\" style=\"text-align: justify;\">Tomado de La Rep\u00fablica<\/p>\n","protected":false},"excerpt":{"rendered":"<p>El canciller Mario L\u00f3pez Ch\u00e1varry dijo que el Gobierno espera que en el primer trimestre del 2021 se cuente con [&hellip;]<\/p>\n","protected":false},"author":63,"featured_media":26946,"comment_status":"open","ping_status":"open","sticky":false,"template":"","format":"standard","meta":{"spay_email":""},"categories":[125],"tags":[],"yoast_head":"<!-- This site is optimized with the Yoast SEO plugin v18.0 - https:\/\/yoast.com\/wordpress\/plugins\/seo\/ -->\n<title>Maestros ser\u00e1n incluidos en el primer grupo de la vacuna - Red Peruana de Gestores de la Educaci\u00f3n<\/title>\n<meta name=\"robots\" content=\"index, follow, max-snippet:-1, max-image-preview:large, max-video-preview:-1\" \/>\n<link rel=\"canonical\" href=\"https:\/\/www.edugestores.pe\/?p=26945\" \/>\n<meta property=\"og:locale\" content=\"es_ES\" \/>\n<meta property=\"og:type\" content=\"article\" \/>\n<meta property=\"og:title\" content=\"Maestros ser\u00e1n incluidos en el primer grupo de la vacuna - Red Peruana de Gestores de la Educaci\u00f3n\" \/>\n<meta property=\"og:description\" content=\"El canciller Mario L\u00f3pez Ch\u00e1varry dijo que el Gobierno espera que en el primer trimestre del 2021 se cuente con [&hellip;]\" \/>\n<meta property=\"og:url\" content=\"https:\/\/www.edugestores.pe\/?p=26945\" \/>\n<meta property=\"og:site_name\" content=\"Red Peruana de Gestores de la Educaci\u00f3n\" \/>\n<meta property=\"article:published_time\" content=\"2020-10-27T17:32:08+00:00\" \/>\n<meta property=\"article:modified_time\" content=\"2020-11-30T19:37:07+00:00\" \/>\n<meta property=\"og:image\" content=\"https:\/\/www.edugestores.pe\/wp-content\/uploads\/2020\/10\/canciller.jpg\" \/>\n\t<meta property=\"og:image:width\" content=\"1250\" \/>\n\t<meta property=\"og:image:height\" content=\"735\" \/>\n\t<meta property=\"og:image:type\" content=\"image\/jpeg\" \/>\n<meta name=\"twitter:card\" content=\"summary_large_image\" \/>\n<meta name=\"twitter:label1\" content=\"Escrito por\" \/>\n\t<meta name=\"twitter:data1\" content=\"Administrador\" \/>\n\t<meta name=\"twitter:label2\" content=\"Tiempo de lectura\" \/>\n\t<meta name=\"twitter:data2\" content=\"2 minutos\" \/>\n<script type=\"application\/ld+json\" class=\"yoast-schema-graph\">{\"@context\":\"https:\/\/schema.org\",\"@graph\":[{\"@type\":\"WebSite\",\"@id\":\"https:\/\/www.edugestores.pe\/#website\",\"url\":\"https:\/\/www.edugestores.pe\/\",\"name\":\"Red Peruana de Gestores de la Educaci\u00f3n\",\"description\":\"Red Peruana de Gestores de la Educaci\u00f3n\",\"potentialAction\":[{\"@type\":\"SearchAction\",\"target\":{\"@type\":\"EntryPoint\",\"urlTemplate\":\"https:\/\/www.edugestores.pe\/?s={search_term_string}\"},\"query-input\":\"required name=search_term_string\"}],\"inLanguage\":\"es\"},{\"@type\":\"ImageObject\",\"@id\":\"https:\/\/www.edugestores.pe\/?p=26945#primaryimage\",\"inLanguage\":\"es\",\"url\":\"https:\/\/www.edugestores.pe\/wp-content\/uploads\/2020\/10\/canciller.jpg\",\"contentUrl\":\"https:\/\/www.edugestores.pe\/wp-content\/uploads\/2020\/10\/canciller.jpg\",\"width\":1250,\"height\":735},{\"@type\":\"WebPage\",\"@id\":\"https:\/\/www.edugestores.pe\/?p=26945#webpage\",\"url\":\"https:\/\/www.edugestores.pe\/?p=26945\",\"name\":\"Maestros ser\u00e1n incluidos en el primer grupo de la vacuna - Red Peruana de Gestores de la Educaci\u00f3n\",\"isPartOf\":{\"@id\":\"https:\/\/www.edugestores.pe\/#website\"},\"primaryImageOfPage\":{\"@id\":\"https:\/\/www.edugestores.pe\/?p=26945#primaryimage\"},\"datePublished\":\"2020-10-27T17:32:08+00:00\",\"dateModified\":\"2020-11-30T19:37:07+00:00\",\"author\":{\"@id\":\"https:\/\/www.edugestores.pe\/#\/schema\/person\/30dc82f35f5853289037a64b35c7c7d3\"},\"breadcrumb\":{\"@id\":\"https:\/\/www.edugestores.pe\/?p=26945#breadcrumb\"},\"inLanguage\":\"es\",\"potentialAction\":[{\"@type\":\"ReadAction\",\"target\":[\"https:\/\/www.edugestores.pe\/?p=26945\"]}]},{\"@type\":\"BreadcrumbList\",\"@id\":\"https:\/\/www.edugestores.pe\/?p=26945#breadcrumb\",\"itemListElement\":[{\"@type\":\"ListItem\",\"position\":1,\"name\":\"Portada\",\"item\":\"https:\/\/www.edugestores.pe\/\"},{\"@type\":\"ListItem\",\"position\":2,\"name\":\"Maestros ser\u00e1n incluidos en el primer grupo de la vacuna\"}]},{\"@type\":\"Person\",\"@id\":\"https:\/\/www.edugestores.pe\/#\/schema\/person\/30dc82f35f5853289037a64b35c7c7d3\",\"name\":\"Administrador\",\"image\":{\"@type\":\"ImageObject\",\"@id\":\"https:\/\/www.edugestores.pe\/#personlogo\",\"inLanguage\":\"es\",\"url\":\"https:\/\/secure.gravatar.com\/avatar\/70960d1239c4d2c778bb3d2786a3c1ae?s=96&d=mm&r=g\",\"contentUrl\":\"https:\/\/secure.gravatar.com\/avatar\/70960d1239c4d2c778bb3d2786a3c1ae?s=96&d=mm&r=g\",\"caption\":\"Administrador\"},\"url\":\"https:\/\/www.edugestores.pe\/?author=63\"}]}<\/script>\n<!-- \/ Yoast SEO plugin. -->","yoast_head_json":{"title":"Maestros ser\u00e1n incluidos en el primer grupo de la vacuna - Red Peruana de Gestores de la Educaci\u00f3n","robots":{"index":"index","follow":"follow","max-snippet":"max-snippet:-1","max-image-preview":"max-image-preview:large","max-video-preview":"max-video-preview:-1"},"canonical":"https:\/\/www.edugestores.pe\/?p=26945","og_locale":"es_ES","og_type":"article","og_title":"Maestros ser\u00e1n incluidos en el primer grupo de la vacuna - Red Peruana de Gestores de la Educaci\u00f3n","og_description":"El canciller Mario L\u00f3pez Ch\u00e1varry dijo que el Gobierno espera que en el primer trimestre del 2021 se cuente con [&hellip;]","og_url":"https:\/\/www.edugestores.pe\/?p=26945","og_site_name":"Red Peruana de Gestores de la Educaci\u00f3n","article_published_time":"2020-10-27T17:32:08+00:00","article_modified_time":"2020-11-30T19:37:07+00:00","og_image":[{"width":1250,"height":735,"url":"https:\/\/www.edugestores.pe\/wp-content\/uploads\/2020\/10\/canciller.jpg","type":"image\/jpeg"}],"twitter_card":"summary_large_image","twitter_misc":{"Escrito por":"Administrador","Tiempo de lectura":"2 minutos"},"schema":{"@context":"https:\/\/schema.org","@graph":[{"@type":"WebSite","@id":"https:\/\/www.edugestores.pe\/#website","url":"https:\/\/www.edugestores.pe\/","name":"Red Peruana de Gestores de la Educaci\u00f3n","description":"Red Peruana de Gestores de la Educaci\u00f3n","potentialAction":[{"@type":"SearchAction","target":{"@type":"EntryPoint","urlTemplate":"https:\/\/www.edugestores.pe\/?s={search_term_string}"},"query-input":"required name=search_term_string"}],"inLanguage":"es"},{"@type":"ImageObject","@id":"https:\/\/www.edugestores.pe\/?p=26945#primaryimage","inLanguage":"es","url":"https:\/\/www.edugestores.pe\/wp-content\/uploads\/2020\/10\/canciller.jpg","contentUrl":"https:\/\/www.edugestores.pe\/wp-content\/uploads\/2020\/10\/canciller.jpg","width":1250,"height":735},{"@type":"WebPage","@id":"https:\/\/www.edugestores.pe\/?p=26945#webpage","url":"https:\/\/www.edugestores.pe\/?p=26945","name":"Maestros ser\u00e1n incluidos en el primer grupo de la vacuna - Red Peruana de Gestores de la Educaci\u00f3n","isPartOf":{"@id":"https:\/\/www.edugestores.pe\/#website"},"primaryImageOfPage":{"@id":"https:\/\/www.edugestores.pe\/?p=26945#primaryimage"},"datePublished":"2020-10-27T17:32:08+00:00","dateModified":"2020-11-30T19:37:07+00:00","author":{"@id":"https:\/\/www.edugestores.pe\/#\/schema\/person\/30dc82f35f5853289037a64b35c7c7d3"},"breadcrumb":{"@id":"https:\/\/www.edugestores.pe\/?p=26945#breadcrumb"},"inLanguage":"es","potentialAction":[{"@type":"ReadAction","target":["https:\/\/www.edugestores.pe\/?p=26945"]}]},{"@type":"BreadcrumbList","@id":"https:\/\/www.edugestores.pe\/?p=26945#breadcrumb","itemListElement":[{"@type":"ListItem","position":1,"name":"Portada","item":"https:\/\/www.edugestores.pe\/"},{"@type":"ListItem","position":2,"name":"Maestros ser\u00e1n incluidos en el primer grupo de la vacuna"}]},{"@type":"Person","@id":"https:\/\/www.edugestores.pe\/#\/schema\/person\/30dc82f35f5853289037a64b35c7c7d3","name":"Administrador","image":{"@type":"ImageObject","@id":"https:\/\/www.edugestores.pe\/#personlogo","inLanguage":"es","url":"https:\/\/secure.gravatar.com\/avatar\/70960d1239c4d2c778bb3d2786a3c1ae?s=96&d=mm&r=g","contentUrl":"https:\/\/secure.gravatar.com\/avatar\/70960d1239c4d2c778bb3d2786a3c1ae?s=96&d=mm&r=g","caption":"Administrador"},"url":"https:\/\/www.edugestores.pe\/?author=63"}]}},"jetpack_featured_media_url":"https:\/\/www.edugestores.pe\/wp-content\/uploads\/2020\/10\/canciller.jpg","_links":{"self":[{"href":"https:\/\/www.edugestores.pe\/index.php?rest_route=\/wp\/v2\/posts\/26945"}],"collection":[{"href":"https:\/\/www.edugestores.pe\/index.php?rest_route=\/wp\/v2\/posts"}],"about":[{"href":"https:\/\/www.edugestores.pe\/index.php?rest_route=\/wp\/v2\/types\/post"}],"author":[{"embeddable":true,"href":"https:\/\/www.edugestores.pe\/index.php?rest_route=\/wp\/v2\/users\/63"}],"replies":[{"embeddable":true,"href":"https:\/\/www.edugestores.pe\/index.php?rest_route=%2Fwp%2Fv2%2Fcomments&post=26945"}],"version-history":[{"count":1,"href":"https:\/\/www.edugestores.pe\/index.php?rest_route=\/wp\/v2\/posts\/26945\/revisions"}],"predecessor-version":[{"id":26947,"href":"https:\/\/www.edugestores.pe\/index.php?rest_route=\/wp\/v2\/posts\/26945\/revisions\/26947"}],"wp:featuredmedia":[{"embeddable":true,"href":"https:\/\/www.edugestores.pe\/index.php?rest_route=\/wp\/v2\/media\/26946"}],"wp:attachment":[{"href":"https:\/\/www.edugestores.pe\/index.php?rest_route=%2Fwp%2Fv2%2Fmedia&parent=26945"}],"wp:term":[{"taxonomy":"category","embeddable":true,"href":"https:\/\/www.edugestores.pe\/index.php?rest_route=%2Fwp%2Fv2%2Fcategories&post=26945"},{"taxonomy":"post_tag","embeddable":true,"href":"https:\/\/www.edugestores.pe\/index.php?rest_route=%2Fwp%2Fv2%2Ftags&post=26945"}],"curies":[{"name":"wp","href":"https:\/\/api.w.org\/{rel}","templated":true}]}}