{"id":26948,"date":"2020-10-28T09:34:11","date_gmt":"2020-10-28T14:34:11","guid":{"rendered":"https:\/\/www.edugestores.pe\/?p=26948"},"modified":"2020-11-20T17:36:39","modified_gmt":"2020-11-20T22:36:39","slug":"ano-escolar-2021-el-59-esta-a-favor-de-las-clases-presenciales-en-los-colegios","status":"publish","type":"post","link":"https:\/\/www.edugestores.pe\/?p=26948","title":{"rendered":"A\u00f1o escolar 2021: El 59% est\u00e1 a favor de las clases presenciales en los colegios"},"content":{"rendered":"<p class=\"story-contents__font-paragraph \">A m\u00e1s de cuatro meses del inicio del a\u00f1o escolar 2021 y con la pandemia del\u00a0<u>COVID-19<\/u>\u00a0en un nivel de transmisi\u00f3n a\u00fan considerable y peligroso, la opini\u00f3n de los peruanos sobre el retorno a clases est\u00e1 dividida.<\/p>\n<p class=\"story-contents__font-paragraph \">Seg\u00fan la m\u00e1s reciente encuesta nacional urbano-rural de El Comercio-Ipsos, aplicada entre el 21 y 23 de octubre, el 59% de consultados considera que en el 2021 las clases en los colegios deben ser presenciales, mientras que un 37% piensa que se debe aplicar la modalidad virtual. Hay un 4% de personas que no precisa.<\/p>\n<div id=\"gpt_inline\" data-ads-name=\"\/28253241\/elcomercio\/web\/post\/peru\/inline\" data-ads-dimensions=\"[[1,1]]\" data-bloque=\"3\" data-ads-dimensions-m=\"[[1,1]]\" data-google-query-id=\"CPnBu8DA1-wCFUIN1AodmIQIpg\">\u00a0En caso de que el Gobierno disponga el retorno a clases presenciales para el pr\u00f3ximo a\u00f1o,\u00a0el 49% de la padres de familia s\u00ed enviar\u00e1 a sus hijos a la escuela, pero hay un 28% que no lo har\u00eda. Sobre el caso de las universidades e institutos, seis de cada diez consultados consideran que los estudiantes deben volver a las aulas.<\/div>\n<p><img decoding=\"async\" class=\"lazy story-contents__image w-full o-cover loaded\" src=\"https:\/\/elcomercio.pe\/resizer\/UmNUCu76I_bPu8KWkt810Vqrl7w=\/640x0\/smart\/filters:format(jpeg):quality(75)\/cloudfront-us-east-1.images.arcpublishing.com\/elcomercio\/YN3VEJUD7NC4FH43OTBQX5N4WI.jpg\" alt=\"(Infograf\u00eda\/Luis Huaitan Rojas)\" data-src=\"https:\/\/elcomercio.pe\/resizer\/UmNUCu76I_bPu8KWkt810Vqrl7w=\/640x0\/smart\/filters:format(jpeg):quality(75)\/cloudfront-us-east-1.images.arcpublishing.com\/elcomercio\/YN3VEJUD7NC4FH43OTBQX5N4WI.jpg\" data-was-processed=\"true\" \/>(Infograf\u00eda\/Luis Huaitan Rojas)<\/p>\n<p class=\"story-contents__font-paragraph \"><b>\u2014An\u00e1lisis\u2014<\/b><\/p>\n<div id=\"gpt_caja4\" data-ads-name=\"\/28253241\/elcomercio\/web\/post\/peru\/caja4\" data-ads-dimensions-m=\"[[300, 100], [320, 50], [300, 50], [320, 100], [300, 250]]\" data-bloque=\"3\" data-prebid-enabled=\"true\">\u00a0Para\u00a0el presidente del Comit\u00e9 de Salud P\u00fablica del Colegio M\u00e9dico del Per\u00fa, Augusto Tarazona, podr\u00eda pensarse en un retorno a los colegios, institutos y universidades solo si el nivel de transmisi\u00f3n del virus es bajo y si se toman estrictas medidas de bioseguridad. \u201c<i>Y ese es nuestro punto flaco: tenemos muchas debilidades en la aplicaci\u00f3n y control de estas medidas sanitarias<\/i>\u201d.<\/div>\n<p class=\"story-contents__font-paragraph \">Seg\u00fan este especialista, es posible que en el Per\u00fa haya un rebrote, pero focalizado en ciertas regiones, provincias o distritos y, por lo tanto, cree que la apertura de colegios podr\u00eda ser gradual, seg\u00fan la situaci\u00f3n epidemiol\u00f3gica de cada jurisdicci\u00f3n.<\/p>\n<p><img decoding=\"async\" class=\"lazy story-contents__image w-full o-cover loaded\" src=\"https:\/\/elcomercio.pe\/resizer\/K9JR-kXlt0sE5sAqJGCfl7RhuR8=\/640x0\/smart\/filters:format(jpeg):quality(75)\/cloudfront-us-east-1.images.arcpublishing.com\/elcomercio\/UD2465IHOFGUBAEST26PHBQ4UY.jpg\" alt=\"(Infograf\u00eda\/Luis Huaitan Rojas)\" data-src=\"https:\/\/elcomercio.pe\/resizer\/K9JR-kXlt0sE5sAqJGCfl7RhuR8=\/640x0\/smart\/filters:format(jpeg):quality(75)\/cloudfront-us-east-1.images.arcpublishing.com\/elcomercio\/UD2465IHOFGUBAEST26PHBQ4UY.jpg\" data-was-processed=\"true\" \/>(Infograf\u00eda\/Luis Huaitan Rojas)<\/p>\n<div id=\"gpt_caja5\" style=\"text-align: justify;\" data-ads-name=\"\/28253241\/elcomercio\/web\/post\/peru\/caja5\" data-ads-dimensions-m=\"[[300, 100], [320, 50], [300, 50], [320, 100], [300, 250]]\" data-bloque=\"4\" data-prebid-enabled=\"true\">El psic\u00f3logo social\u00a0Ricardo Cuenca, miembro fundador de la Sociedad de Investigaci\u00f3n Educativa Peruana (SIEP), opina que esta decisi\u00f3n no pasa solo por un tema educativo, sino tambi\u00e9n de informaci\u00f3n epidemiol\u00f3gica y de las condiciones sociales de cada jurisdicci\u00f3n y de las propias escuelas.<\/div>\n<p class=\"story-contents__font-paragraph \" style=\"text-align: justify;\">\u201c<i>De todas maneras hay una afectaci\u00f3n, porque no es lo mismo una educaci\u00f3n virtual que una presencial, pero adem\u00e1s ni el sistema educativo peruano ni los padres de familia ni los estudiantes han estado preparados para lo virtual, independientemente de las barreras de conectividad<\/i>\u201d, sostiene Cuenca cuando se refiere a los efectos de la pandemia sobre el aprendizaje de estudiantes.<\/p>\n<p class=\"story-contents__font-paragraph \" style=\"text-align: justify;\">Edgar Trejo, representante de la Coordinadora Nacional de Padres y Apafa del Per\u00fa, explica que hasta la \u00faltima asamblea de setiembre los padres de familia no estaban de acuerdo con enviar a sus hijos a los colegios, \u201c<i>dado que no hay ninguna garant\u00eda para la integridad y la salud<\/i>\u201d.<\/p>\n<p class=\"story-contents__font-paragraph \" style=\"text-align: justify;\">Con las nuevas disposiciones de distanciamiento social y la llegada de m\u00e1s estudiantes desde colegios privados, se requiere ampliar y construir nuevas aulas para que se puedan respetar las medidas de bioseguridad. A la fecha, este a\u00f1o no hemos visto que el Minedu haya trabajado en mejorar los sistemas sanitarios de las escuelas. \u201c<i>Esa es nuestra preocupaci\u00f3n<\/i>\u201d, dice Trejo.<\/p>\n<p class=\"story-contents__font-paragraph \" style=\"text-align: justify;\">A prop\u00f3sito de este tema,\u00a0el congresista Paul Garc\u00eda Oviedo, de Acci\u00f3n Popular, present\u00f3 ayer un proyecto de ley para suspender el inicio de clases presenciales en las instituciones educativas p\u00fablicas y privadas del pa\u00eds.<\/p>\n<p class=\"story-contents__font-paragraph \" style=\"text-align: justify;\">Seg\u00fan la propuesta del parlamentario, esta suspensi\u00f3n de clases presenciales deber\u00e1 ser reemplazada por la modalidad virtual hasta que haya\u00a0<i>\u201cvacunas eficaces y seguras contra el coronavirus\u201d<\/i>.<\/p>\n<p class=\"story-contents__font-paragraph \" style=\"text-align: justify;\"><b>Minedu se alista para un retorno \u201cseguro y voluntario\u201d.\u00a0<\/b>El retorno a las aulas para el a\u00f1o escolar 2021 va a depender del lugar donde se ubica la escuela, del n\u00famero y el tama\u00f1o de las aulas, de la respuesta de los padres de familia, de la cantidad de estudiantes, del aforo y de otros factores, explic\u00f3 a El Comercio\u00a0la viceministra de Gesti\u00f3n Pedag\u00f3gica, Diana Marchena.<\/p>\n<p class=\"story-contents__font-paragraph \" style=\"text-align: justify;\">Seg\u00fan dijo, el\u00a0Ministerio de Educaci\u00f3n (Minedu)\u00a0organiza el a\u00f1o escolar tomando \u201c<i>como principio un retorno seguro, flexible, gradual, voluntario y que asegure el acceso al servicio educativo<\/i>\u201d.<\/p>\n<p class=\"story-contents__font-paragraph \" style=\"text-align: justify;\">Cada escuela se organizar\u00e1 con sus autoridades locales y el Minedu se encargar\u00e1 de dar todos los protocolos por aplicar de acuerdo con las diferentes realidades de las escuelas del pa\u00eds.<\/p>\n<p class=\"story-contents__font-paragraph \" style=\"text-align: justify;\">Con relaci\u00f3n al mejoramiento de la infraestructura educativa, la viceministra Marchena precis\u00f3 que se invertir\u00e1n\u00a0S\/275 millones\u00a0para el mantenimiento escolar 2021 y otros\u00a0S\/90 millones\u00a0para la adquisici\u00f3n de kits de higiene.<\/p>\n<p class=\"story-contents__font-paragraph \" style=\"text-align: justify;\">Coment\u00f3, adem\u00e1s, que el \u00faltimo fin de semana el Minedu actualiz\u00f3 los criterios sanitarios para que las UGEL autoricen a las escuelas rurales a brindar el servicio educativo presencial. Son \u2013detall\u00f3\u2013\u00a0199 colegios en proceso de evaluaci\u00f3n.<\/p>\n<p class=\"story-contents__font-paragraph \" style=\"text-align: justify;\">Sobre el proyecto de ley del legislador Garc\u00eda Oviedo, opin\u00f3 que es una propuesta que responde a una preocupaci\u00f3n por los ni\u00f1os y que deber\u00e1n analizar los argumentos y escuchar la voz de los expertos.<\/p>\n<p class=\"story-contents__font-paragraph \" style=\"text-align: justify;\">Tomado de El Comercio<\/p>\n<p class=\"story-contents__font-paragraph \" style=\"text-align: justify;\">Foto:\u00a0Ilustraci\u00f3n\/Luis Huaitan Rojas<\/p>\n","protected":false},"excerpt":{"rendered":"<p>A m\u00e1s de cuatro meses del inicio del a\u00f1o escolar 2021 y con la pandemia del\u00a0COVID-19\u00a0en un nivel de transmisi\u00f3n [&hellip;]<\/p>\n","protected":false},"author":63,"featured_media":26949,"comment_status":"open","ping_status":"open","sticky":false,"template":"","format":"standard","meta":{"spay_email":""},"categories":[125],"tags":[],"yoast_head":"<!-- This site is optimized with the Yoast SEO plugin v18.0 - https:\/\/yoast.com\/wordpress\/plugins\/seo\/ -->\n<title>A\u00f1o escolar 2021: El 59% est\u00e1 a favor de las clases presenciales en los colegios - Red Peruana de Gestores de la Educaci\u00f3n<\/title>\n<meta name=\"robots\" content=\"index, follow, max-snippet:-1, max-image-preview:large, max-video-preview:-1\" \/>\n<link rel=\"canonical\" href=\"https:\/\/www.edugestores.pe\/?p=26948\" \/>\n<meta property=\"og:locale\" content=\"es_ES\" \/>\n<meta property=\"og:type\" content=\"article\" \/>\n<meta property=\"og:title\" content=\"A\u00f1o escolar 2021: El 59% est\u00e1 a favor de las clases presenciales en los colegios - Red Peruana de Gestores de la Educaci\u00f3n\" \/>\n<meta property=\"og:description\" content=\"A m\u00e1s de cuatro meses del inicio del a\u00f1o escolar 2021 y con la pandemia del\u00a0COVID-19\u00a0en un nivel de transmisi\u00f3n [&hellip;]\" \/>\n<meta property=\"og:url\" content=\"https:\/\/www.edugestores.pe\/?p=26948\" \/>\n<meta property=\"og:site_name\" content=\"Red Peruana de Gestores de la Educaci\u00f3n\" \/>\n<meta property=\"article:published_time\" content=\"2020-10-28T14:34:11+00:00\" \/>\n<meta property=\"article:modified_time\" content=\"2020-11-20T22:36:39+00:00\" \/>\n<meta property=\"og:image\" content=\"https:\/\/www.edugestores.pe\/wp-content\/uploads\/2020\/10\/CGHJUAVTM5H6LNR6NDWRUPEFEY.jpg\" \/>\n\t<meta property=\"og:image:width\" content=\"580\" \/>\n\t<meta property=\"og:image:height\" content=\"330\" \/>\n\t<meta property=\"og:image:type\" content=\"image\/jpeg\" \/>\n<meta name=\"twitter:card\" content=\"summary_large_image\" \/>\n<meta name=\"twitter:label1\" content=\"Escrito por\" \/>\n\t<meta name=\"twitter:data1\" content=\"Administrador\" \/>\n\t<meta name=\"twitter:label2\" content=\"Tiempo de lectura\" \/>\n\t<meta name=\"twitter:data2\" content=\"4 minutos\" \/>\n<script type=\"application\/ld+json\" class=\"yoast-schema-graph\">{\"@context\":\"https:\/\/schema.org\",\"@graph\":[{\"@type\":\"WebSite\",\"@id\":\"https:\/\/www.edugestores.pe\/#website\",\"url\":\"https:\/\/www.edugestores.pe\/\",\"name\":\"Red Peruana de Gestores de la Educaci\u00f3n\",\"description\":\"Red Peruana de Gestores de la Educaci\u00f3n\",\"potentialAction\":[{\"@type\":\"SearchAction\",\"target\":{\"@type\":\"EntryPoint\",\"urlTemplate\":\"https:\/\/www.edugestores.pe\/?s={search_term_string}\"},\"query-input\":\"required name=search_term_string\"}],\"inLanguage\":\"es\"},{\"@type\":\"ImageObject\",\"@id\":\"https:\/\/www.edugestores.pe\/?p=26948#primaryimage\",\"inLanguage\":\"es\",\"url\":\"https:\/\/www.edugestores.pe\/wp-content\/uploads\/2020\/10\/CGHJUAVTM5H6LNR6NDWRUPEFEY.jpg\",\"contentUrl\":\"https:\/\/www.edugestores.pe\/wp-content\/uploads\/2020\/10\/CGHJUAVTM5H6LNR6NDWRUPEFEY.jpg\",\"width\":580,\"height\":330},{\"@type\":\"WebPage\",\"@id\":\"https:\/\/www.edugestores.pe\/?p=26948#webpage\",\"url\":\"https:\/\/www.edugestores.pe\/?p=26948\",\"name\":\"A\u00f1o escolar 2021: El 59% est\u00e1 a favor de las clases presenciales en los colegios - Red Peruana de Gestores de la Educaci\u00f3n\",\"isPartOf\":{\"@id\":\"https:\/\/www.edugestores.pe\/#website\"},\"primaryImageOfPage\":{\"@id\":\"https:\/\/www.edugestores.pe\/?p=26948#primaryimage\"},\"datePublished\":\"2020-10-28T14:34:11+00:00\",\"dateModified\":\"2020-11-20T22:36:39+00:00\",\"author\":{\"@id\":\"https:\/\/www.edugestores.pe\/#\/schema\/person\/30dc82f35f5853289037a64b35c7c7d3\"},\"breadcrumb\":{\"@id\":\"https:\/\/www.edugestores.pe\/?p=26948#breadcrumb\"},\"inLanguage\":\"es\",\"potentialAction\":[{\"@type\":\"ReadAction\",\"target\":[\"https:\/\/www.edugestores.pe\/?p=26948\"]}]},{\"@type\":\"BreadcrumbList\",\"@id\":\"https:\/\/www.edugestores.pe\/?p=26948#breadcrumb\",\"itemListElement\":[{\"@type\":\"ListItem\",\"position\":1,\"name\":\"Portada\",\"item\":\"https:\/\/www.edugestores.pe\/\"},{\"@type\":\"ListItem\",\"position\":2,\"name\":\"A\u00f1o escolar 2021: El 59% est\u00e1 a favor de las clases presenciales en los colegios\"}]},{\"@type\":\"Person\",\"@id\":\"https:\/\/www.edugestores.pe\/#\/schema\/person\/30dc82f35f5853289037a64b35c7c7d3\",\"name\":\"Administrador\",\"image\":{\"@type\":\"ImageObject\",\"@id\":\"https:\/\/www.edugestores.pe\/#personlogo\",\"inLanguage\":\"es\",\"url\":\"https:\/\/secure.gravatar.com\/avatar\/70960d1239c4d2c778bb3d2786a3c1ae?s=96&d=mm&r=g\",\"contentUrl\":\"https:\/\/secure.gravatar.com\/avatar\/70960d1239c4d2c778bb3d2786a3c1ae?s=96&d=mm&r=g\",\"caption\":\"Administrador\"},\"url\":\"https:\/\/www.edugestores.pe\/?author=63\"}]}<\/script>\n<!-- \/ Yoast SEO plugin. -->","yoast_head_json":{"title":"A\u00f1o escolar 2021: El 59% est\u00e1 a favor de las clases presenciales en los colegios - Red Peruana de Gestores de la Educaci\u00f3n","robots":{"index":"index","follow":"follow","max-snippet":"max-snippet:-1","max-image-preview":"max-image-preview:large","max-video-preview":"max-video-preview:-1"},"canonical":"https:\/\/www.edugestores.pe\/?p=26948","og_locale":"es_ES","og_type":"article","og_title":"A\u00f1o escolar 2021: El 59% est\u00e1 a favor de las clases presenciales en los colegios - Red Peruana de Gestores de la Educaci\u00f3n","og_description":"A m\u00e1s de cuatro meses del inicio del a\u00f1o escolar 2021 y con la pandemia del\u00a0COVID-19\u00a0en un nivel de transmisi\u00f3n [&hellip;]","og_url":"https:\/\/www.edugestores.pe\/?p=26948","og_site_name":"Red Peruana de Gestores de la Educaci\u00f3n","article_published_time":"2020-10-28T14:34:11+00:00","article_modified_time":"2020-11-20T22:36:39+00:00","og_image":[{"width":580,"height":330,"url":"https:\/\/www.edugestores.pe\/wp-content\/uploads\/2020\/10\/CGHJUAVTM5H6LNR6NDWRUPEFEY.jpg","type":"image\/jpeg"}],"twitter_card":"summary_large_image","twitter_misc":{"Escrito por":"Administrador","Tiempo de lectura":"4 minutos"},"schema":{"@context":"https:\/\/schema.org","@graph":[{"@type":"WebSite","@id":"https:\/\/www.edugestores.pe\/#website","url":"https:\/\/www.edugestores.pe\/","name":"Red Peruana de Gestores de la Educaci\u00f3n","description":"Red Peruana de Gestores de la Educaci\u00f3n","potentialAction":[{"@type":"SearchAction","target":{"@type":"EntryPoint","urlTemplate":"https:\/\/www.edugestores.pe\/?s={search_term_string}"},"query-input":"required name=search_term_string"}],"inLanguage":"es"},{"@type":"ImageObject","@id":"https:\/\/www.edugestores.pe\/?p=26948#primaryimage","inLanguage":"es","url":"https:\/\/www.edugestores.pe\/wp-content\/uploads\/2020\/10\/CGHJUAVTM5H6LNR6NDWRUPEFEY.jpg","contentUrl":"https:\/\/www.edugestores.pe\/wp-content\/uploads\/2020\/10\/CGHJUAVTM5H6LNR6NDWRUPEFEY.jpg","width":580,"height":330},{"@type":"WebPage","@id":"https:\/\/www.edugestores.pe\/?p=26948#webpage","url":"https:\/\/www.edugestores.pe\/?p=26948","name":"A\u00f1o escolar 2021: El 59% est\u00e1 a favor de las clases presenciales en los colegios - Red Peruana de Gestores de la Educaci\u00f3n","isPartOf":{"@id":"https:\/\/www.edugestores.pe\/#website"},"primaryImageOfPage":{"@id":"https:\/\/www.edugestores.pe\/?p=26948#primaryimage"},"datePublished":"2020-10-28T14:34:11+00:00","dateModified":"2020-11-20T22:36:39+00:00","author":{"@id":"https:\/\/www.edugestores.pe\/#\/schema\/person\/30dc82f35f5853289037a64b35c7c7d3"},"breadcrumb":{"@id":"https:\/\/www.edugestores.pe\/?p=26948#breadcrumb"},"inLanguage":"es","potentialAction":[{"@type":"ReadAction","target":["https:\/\/www.edugestores.pe\/?p=26948"]}]},{"@type":"BreadcrumbList","@id":"https:\/\/www.edugestores.pe\/?p=26948#breadcrumb","itemListElement":[{"@type":"ListItem","position":1,"name":"Portada","item":"https:\/\/www.edugestores.pe\/"},{"@type":"ListItem","position":2,"name":"A\u00f1o escolar 2021: El 59% est\u00e1 a favor de las clases presenciales en los colegios"}]},{"@type":"Person","@id":"https:\/\/www.edugestores.pe\/#\/schema\/person\/30dc82f35f5853289037a64b35c7c7d3","name":"Administrador","image":{"@type":"ImageObject","@id":"https:\/\/www.edugestores.pe\/#personlogo","inLanguage":"es","url":"https:\/\/secure.gravatar.com\/avatar\/70960d1239c4d2c778bb3d2786a3c1ae?s=96&d=mm&r=g","contentUrl":"https:\/\/secure.gravatar.com\/avatar\/70960d1239c4d2c778bb3d2786a3c1ae?s=96&d=mm&r=g","caption":"Administrador"},"url":"https:\/\/www.edugestores.pe\/?author=63"}]}},"jetpack_featured_media_url":"https:\/\/www.edugestores.pe\/wp-content\/uploads\/2020\/10\/CGHJUAVTM5H6LNR6NDWRUPEFEY.jpg","_links":{"self":[{"href":"https:\/\/www.edugestores.pe\/index.php?rest_route=\/wp\/v2\/posts\/26948"}],"collection":[{"href":"https:\/\/www.edugestores.pe\/index.php?rest_route=\/wp\/v2\/posts"}],"about":[{"href":"https:\/\/www.edugestores.pe\/index.php?rest_route=\/wp\/v2\/types\/post"}],"author":[{"embeddable":true,"href":"https:\/\/www.edugestores.pe\/index.php?rest_route=\/wp\/v2\/users\/63"}],"replies":[{"embeddable":true,"href":"https:\/\/www.edugestores.pe\/index.php?rest_route=%2Fwp%2Fv2%2Fcomments&post=26948"}],"version-history":[{"count":1,"href":"https:\/\/www.edugestores.pe\/index.php?rest_route=\/wp\/v2\/posts\/26948\/revisions"}],"predecessor-version":[{"id":26950,"href":"https:\/\/www.edugestores.pe\/index.php?rest_route=\/wp\/v2\/posts\/26948\/revisions\/26950"}],"wp:featuredmedia":[{"embeddable":true,"href":"https:\/\/www.edugestores.pe\/index.php?rest_route=\/wp\/v2\/media\/26949"}],"wp:attachment":[{"href":"https:\/\/www.edugestores.pe\/index.php?rest_route=%2Fwp%2Fv2%2Fmedia&parent=26948"}],"wp:term":[{"taxonomy":"category","embeddable":true,"href":"https:\/\/www.edugestores.pe\/index.php?rest_route=%2Fwp%2Fv2%2Fcategories&post=26948"},{"taxonomy":"post_tag","embeddable":true,"href":"https:\/\/www.edugestores.pe\/index.php?rest_route=%2Fwp%2Fv2%2Ftags&post=26948"}],"curies":[{"name":"wp","href":"https:\/\/api.w.org\/{rel}","templated":true}]}}