{"id":26962,"date":"2020-11-02T12:35:01","date_gmt":"2020-11-02T17:35:01","guid":{"rendered":"https:\/\/www.edugestores.pe\/?p=26962"},"modified":"2020-11-30T14:35:19","modified_gmt":"2020-11-30T19:35:19","slug":"maria-amelia-palacios-es-la-nueva-presidenta-2020-2023-del-consejo-nacional-de-educacion","status":"publish","type":"post","link":"https:\/\/www.edugestores.pe\/?p=26962","title":{"rendered":"Mar\u00eda Amelia Palacios es la nueva presidenta 2020 -2023 del Consejo Nacional de Educaci\u00f3n"},"content":{"rendered":"<p style=\"text-align: justify;\">La educadora Mar\u00eda Amelia Palacios Vallejo ha sido elegida como presidenta del Comit\u00e9 Directivo para el periodo 2020-2023 del Consejo Nacional de Educaci\u00f3n (CNE). Se trata del primer comit\u00e9 de la gesti\u00f3n del colegiado recientemente designado. Como vicepresidenta fue elegida Patricia McLauchlan Jim\u00e9nez de Arregui; y como vocales Grimaldo Rengifo V\u00e1squez, Sandro Marcone Flores y Manuel Bello Dom\u00ednguez.<\/p>\n<p style=\"text-align: justify;\">Mar\u00eda Amelia Palacios Vallejo es mag\u00edster en Educaci\u00f3n por la Universidad de Toronto en Canad\u00e1 y licenciada en Educaci\u00f3n por la Pontificia Universidad Cat\u00f3lica del Per\u00fa.\u00a0 Ha sido coordinadora del Programa de Reforma Educativa de la Fundaci\u00f3n Ford para la Regi\u00f3n Andina y el Cono Sur y jefa de proyecto de USAID\/Per\u00fa. Fue Directora General de Desarrollo Docente en el Ministerio de Educaci\u00f3n en el\u00a0 per\u00edodo 2012-2013. Ha ejercido la docencia en la Pontificia Universidad Cat\u00f3lica del Per\u00fa, la Universidad Peruana Cayetano Heredia y la Universidad Antonio Ruiz de Montoya.\u00a0 Fue vicedecana de la Facultad de Educaci\u00f3n de la Universidad Cayetano Heredia e integrante de su Consejo de Facultad. Autora de diversos art\u00edculos y ensayos en educaci\u00f3n en publicaciones nacionales e internacionales. Es miembro y coordinadora de Gesti\u00f3n del Conocimiento de Edugestores.<\/p>\n<p style=\"text-align: justify;\">Como vocales suplentes fueron elegidas las consejeras Julia Constantina Enr\u00edquez Liz\u00e1rraga, Renata Anah\u00ed Bregaglio Lazarte y Patricia Salas O\u2019Brien. La conducci\u00f3n del proceso de elecci\u00f3n de las nuevas autoridades del CNE estuvo a cargo de un comit\u00e9 electoral, cuyo presidente fue el consejero Mario Rivera Orams y el secretario Edistio Miguel C\u00e1mere de la Torre Ugarte.<\/p>\n<p style=\"text-align: justify;\">Por su parte, Patricia Arregui es\u00a0soci\u00f3loga egresada de la Pontificia Universidad Cat\u00f3lica del Per\u00fa. Obtuvo el grado de Maestr\u00eda y concluy\u00f3 sus estudios doctorales en Sociolog\u00eda en la Universidad Johns Hopkins de Baltimore, Maryland. Trabaja en GRADE desde 1985 y fue Directora Ejecutiva de la instituci\u00f3n entre 1988 y 1998. Ha sido integrante y directiva en diversos periodos de actividad del Consejo Nacional de Educaci\u00f3n, del cual es actualmente\u00a0vicepresidenta. Ha participado en el Directorio de la Comisi\u00f3n Fullbright en Per\u00fa, en el Comit\u00e9 de Gesti\u00f3n de la Escuela de Directores y Gesti\u00f3n Educativa (EDYGE) del Instituto Peruano de Administraci\u00f3n de Empresas (IPAE), y en el Consejo Consultivo del Instituto Peruano de Evaluaci\u00f3n, Acreditaci\u00f3n y Certificaci\u00f3n de la Calidad de la Educaci\u00f3n B\u00e1sica y T\u00e9cnico Productiva \u2013 IPEBA.\u00a0Ha sido miembro de la Comisi\u00f3n T\u00e9cnica de Educaci\u00f3n de la Asamblea Nacional de Gobiernos Regionales y dirigi\u00f3 el\u00a0Proyecto \u00a8Fortalecimiento de la Gesti\u00f3n de la Educaci\u00f3n en el Per\u00fa \u2013 FORGE\u00a8,\u00a0apoyado por el Ministerio de Relaciones Exteriores, Comercio y Desarrollo de Canad\u00e1.<\/p>\n<p style=\"text-align: justify;\">El Consejo Nacional de Educaci\u00f3n, periodo 2020 \u2013 2026, inici\u00f3 oficialmente sus actividades el pasado 16 de octubre. Es un \u00f3rgano t\u00e9cnico, especializado, consultivo y aut\u00f3nomo, adscrito al Ministerio de Educaci\u00f3n, que tiene como finalidad aportar en la formulaci\u00f3n, concertaci\u00f3n, seguimiento y evaluaci\u00f3n del Proyecto Educativo Nacional, las pol\u00edticas y planes educativos de mediano y largo plazo y las pol\u00edticas multisectoriales que contribuyen al desarrollo de la educaci\u00f3n, en coordinaci\u00f3n con el Minedu.<\/p>\n<p style=\"text-align: center;\">Con informaci\u00f3n del CNE.<\/p>\n<p><a href=\"https:\/\/www.edugestores.pe\/wp-content\/uploads\/2020\/11\/nuevocd-delcne-mesa-de-trabajo-1.png\"><img decoding=\"async\" loading=\"lazy\" class=\"alignnone size-large wp-image-26963 aligncenter\" src=\"https:\/\/www.edugestores.pe\/wp-content\/uploads\/2020\/11\/nuevocd-delcne-mesa-de-trabajo-1-620x391.png\" alt=\"nuevocd-delcne-mesa-de-trabajo-1\" width=\"620\" height=\"391\" srcset=\"https:\/\/www.edugestores.pe\/wp-content\/uploads\/2020\/11\/nuevocd-delcne-mesa-de-trabajo-1-620x391.png 620w, https:\/\/www.edugestores.pe\/wp-content\/uploads\/2020\/11\/nuevocd-delcne-mesa-de-trabajo-1-300x189.png 300w, https:\/\/www.edugestores.pe\/wp-content\/uploads\/2020\/11\/nuevocd-delcne-mesa-de-trabajo-1-672x423.png 672w, https:\/\/www.edugestores.pe\/wp-content\/uploads\/2020\/11\/nuevocd-delcne-mesa-de-trabajo-1-1038x654.png 1038w, https:\/\/www.edugestores.pe\/wp-content\/uploads\/2020\/11\/nuevocd-delcne-mesa-de-trabajo-1-100x63.png 100w\" sizes=\"(max-width: 620px) 100vw, 620px\" \/><\/a><\/p>\n","protected":false},"excerpt":{"rendered":"<p>La educadora Mar\u00eda Amelia Palacios Vallejo ha sido elegida como presidenta del Comit\u00e9 Directivo para el periodo 2020-2023 del Consejo [&hellip;]<\/p>\n","protected":false},"author":63,"featured_media":26965,"comment_status":"open","ping_status":"open","sticky":false,"template":"","format":"standard","meta":{"spay_email":""},"categories":[125,1413],"tags":[],"yoast_head":"<!-- This site is optimized with the Yoast SEO plugin v18.0 - https:\/\/yoast.com\/wordpress\/plugins\/seo\/ -->\n<title>Mar\u00eda Amelia Palacios es la nueva presidenta 2020 -2023 del Consejo Nacional de Educaci\u00f3n - Red Peruana de Gestores de la Educaci\u00f3n<\/title>\n<meta name=\"robots\" content=\"index, follow, max-snippet:-1, max-image-preview:large, max-video-preview:-1\" \/>\n<link rel=\"canonical\" href=\"https:\/\/www.edugestores.pe\/?p=26962\" \/>\n<meta property=\"og:locale\" content=\"es_ES\" \/>\n<meta property=\"og:type\" content=\"article\" \/>\n<meta property=\"og:title\" content=\"Mar\u00eda Amelia Palacios es la nueva presidenta 2020 -2023 del Consejo Nacional de Educaci\u00f3n - Red Peruana de Gestores de la Educaci\u00f3n\" \/>\n<meta property=\"og:description\" content=\"La educadora Mar\u00eda Amelia Palacios Vallejo ha sido elegida como presidenta del Comit\u00e9 Directivo para el periodo 2020-2023 del Consejo [&hellip;]\" \/>\n<meta property=\"og:url\" content=\"https:\/\/www.edugestores.pe\/?p=26962\" \/>\n<meta property=\"og:site_name\" content=\"Red Peruana de Gestores de la Educaci\u00f3n\" \/>\n<meta property=\"article:published_time\" content=\"2020-11-02T17:35:01+00:00\" \/>\n<meta property=\"article:modified_time\" content=\"2020-11-30T19:35:19+00:00\" \/>\n<meta property=\"og:image\" content=\"https:\/\/www.edugestores.pe\/wp-content\/uploads\/2020\/11\/DgJpyjmX0AE_XG1.jpg\" \/>\n\t<meta property=\"og:image:width\" content=\"1200\" \/>\n\t<meta property=\"og:image:height\" content=\"900\" \/>\n\t<meta property=\"og:image:type\" content=\"image\/jpeg\" \/>\n<meta name=\"twitter:card\" content=\"summary_large_image\" \/>\n<meta name=\"twitter:label1\" content=\"Escrito por\" \/>\n\t<meta name=\"twitter:data1\" content=\"Administrador\" \/>\n\t<meta name=\"twitter:label2\" content=\"Tiempo de lectura\" \/>\n\t<meta name=\"twitter:data2\" content=\"3 minutos\" \/>\n<script type=\"application\/ld+json\" class=\"yoast-schema-graph\">{\"@context\":\"https:\/\/schema.org\",\"@graph\":[{\"@type\":\"WebSite\",\"@id\":\"https:\/\/www.edugestores.pe\/#website\",\"url\":\"https:\/\/www.edugestores.pe\/\",\"name\":\"Red Peruana de Gestores de la Educaci\u00f3n\",\"description\":\"Red Peruana de Gestores de la Educaci\u00f3n\",\"potentialAction\":[{\"@type\":\"SearchAction\",\"target\":{\"@type\":\"EntryPoint\",\"urlTemplate\":\"https:\/\/www.edugestores.pe\/?s={search_term_string}\"},\"query-input\":\"required name=search_term_string\"}],\"inLanguage\":\"es\"},{\"@type\":\"ImageObject\",\"@id\":\"https:\/\/www.edugestores.pe\/?p=26962#primaryimage\",\"inLanguage\":\"es\",\"url\":\"https:\/\/www.edugestores.pe\/wp-content\/uploads\/2020\/11\/DgJpyjmX0AE_XG1.jpg\",\"contentUrl\":\"https:\/\/www.edugestores.pe\/wp-content\/uploads\/2020\/11\/DgJpyjmX0AE_XG1.jpg\",\"width\":1200,\"height\":900},{\"@type\":\"WebPage\",\"@id\":\"https:\/\/www.edugestores.pe\/?p=26962#webpage\",\"url\":\"https:\/\/www.edugestores.pe\/?p=26962\",\"name\":\"Mar\u00eda Amelia Palacios es la nueva presidenta 2020 -2023 del Consejo Nacional de Educaci\u00f3n - Red Peruana de Gestores de la Educaci\u00f3n\",\"isPartOf\":{\"@id\":\"https:\/\/www.edugestores.pe\/#website\"},\"primaryImageOfPage\":{\"@id\":\"https:\/\/www.edugestores.pe\/?p=26962#primaryimage\"},\"datePublished\":\"2020-11-02T17:35:01+00:00\",\"dateModified\":\"2020-11-30T19:35:19+00:00\",\"author\":{\"@id\":\"https:\/\/www.edugestores.pe\/#\/schema\/person\/30dc82f35f5853289037a64b35c7c7d3\"},\"breadcrumb\":{\"@id\":\"https:\/\/www.edugestores.pe\/?p=26962#breadcrumb\"},\"inLanguage\":\"es\",\"potentialAction\":[{\"@type\":\"ReadAction\",\"target\":[\"https:\/\/www.edugestores.pe\/?p=26962\"]}]},{\"@type\":\"BreadcrumbList\",\"@id\":\"https:\/\/www.edugestores.pe\/?p=26962#breadcrumb\",\"itemListElement\":[{\"@type\":\"ListItem\",\"position\":1,\"name\":\"Portada\",\"item\":\"https:\/\/www.edugestores.pe\/\"},{\"@type\":\"ListItem\",\"position\":2,\"name\":\"Mar\u00eda Amelia Palacios es la nueva presidenta 2020 -2023 del Consejo Nacional de Educaci\u00f3n\"}]},{\"@type\":\"Person\",\"@id\":\"https:\/\/www.edugestores.pe\/#\/schema\/person\/30dc82f35f5853289037a64b35c7c7d3\",\"name\":\"Administrador\",\"image\":{\"@type\":\"ImageObject\",\"@id\":\"https:\/\/www.edugestores.pe\/#personlogo\",\"inLanguage\":\"es\",\"url\":\"https:\/\/secure.gravatar.com\/avatar\/70960d1239c4d2c778bb3d2786a3c1ae?s=96&d=mm&r=g\",\"contentUrl\":\"https:\/\/secure.gravatar.com\/avatar\/70960d1239c4d2c778bb3d2786a3c1ae?s=96&d=mm&r=g\",\"caption\":\"Administrador\"},\"url\":\"https:\/\/www.edugestores.pe\/?author=63\"}]}<\/script>\n<!-- \/ Yoast SEO plugin. -->","yoast_head_json":{"title":"Mar\u00eda Amelia Palacios es la nueva presidenta 2020 -2023 del Consejo Nacional de Educaci\u00f3n - Red Peruana de Gestores de la Educaci\u00f3n","robots":{"index":"index","follow":"follow","max-snippet":"max-snippet:-1","max-image-preview":"max-image-preview:large","max-video-preview":"max-video-preview:-1"},"canonical":"https:\/\/www.edugestores.pe\/?p=26962","og_locale":"es_ES","og_type":"article","og_title":"Mar\u00eda Amelia Palacios es la nueva presidenta 2020 -2023 del Consejo Nacional de Educaci\u00f3n - Red Peruana de Gestores de la Educaci\u00f3n","og_description":"La educadora Mar\u00eda Amelia Palacios Vallejo ha sido elegida como presidenta del Comit\u00e9 Directivo para el periodo 2020-2023 del Consejo [&hellip;]","og_url":"https:\/\/www.edugestores.pe\/?p=26962","og_site_name":"Red Peruana de Gestores de la Educaci\u00f3n","article_published_time":"2020-11-02T17:35:01+00:00","article_modified_time":"2020-11-30T19:35:19+00:00","og_image":[{"width":1200,"height":900,"url":"https:\/\/www.edugestores.pe\/wp-content\/uploads\/2020\/11\/DgJpyjmX0AE_XG1.jpg","type":"image\/jpeg"}],"twitter_card":"summary_large_image","twitter_misc":{"Escrito por":"Administrador","Tiempo de lectura":"3 minutos"},"schema":{"@context":"https:\/\/schema.org","@graph":[{"@type":"WebSite","@id":"https:\/\/www.edugestores.pe\/#website","url":"https:\/\/www.edugestores.pe\/","name":"Red Peruana de Gestores de la Educaci\u00f3n","description":"Red Peruana de Gestores de la Educaci\u00f3n","potentialAction":[{"@type":"SearchAction","target":{"@type":"EntryPoint","urlTemplate":"https:\/\/www.edugestores.pe\/?s={search_term_string}"},"query-input":"required name=search_term_string"}],"inLanguage":"es"},{"@type":"ImageObject","@id":"https:\/\/www.edugestores.pe\/?p=26962#primaryimage","inLanguage":"es","url":"https:\/\/www.edugestores.pe\/wp-content\/uploads\/2020\/11\/DgJpyjmX0AE_XG1.jpg","contentUrl":"https:\/\/www.edugestores.pe\/wp-content\/uploads\/2020\/11\/DgJpyjmX0AE_XG1.jpg","width":1200,"height":900},{"@type":"WebPage","@id":"https:\/\/www.edugestores.pe\/?p=26962#webpage","url":"https:\/\/www.edugestores.pe\/?p=26962","name":"Mar\u00eda Amelia Palacios es la nueva presidenta 2020 -2023 del Consejo Nacional de Educaci\u00f3n - Red Peruana de Gestores de la Educaci\u00f3n","isPartOf":{"@id":"https:\/\/www.edugestores.pe\/#website"},"primaryImageOfPage":{"@id":"https:\/\/www.edugestores.pe\/?p=26962#primaryimage"},"datePublished":"2020-11-02T17:35:01+00:00","dateModified":"2020-11-30T19:35:19+00:00","author":{"@id":"https:\/\/www.edugestores.pe\/#\/schema\/person\/30dc82f35f5853289037a64b35c7c7d3"},"breadcrumb":{"@id":"https:\/\/www.edugestores.pe\/?p=26962#breadcrumb"},"inLanguage":"es","potentialAction":[{"@type":"ReadAction","target":["https:\/\/www.edugestores.pe\/?p=26962"]}]},{"@type":"BreadcrumbList","@id":"https:\/\/www.edugestores.pe\/?p=26962#breadcrumb","itemListElement":[{"@type":"ListItem","position":1,"name":"Portada","item":"https:\/\/www.edugestores.pe\/"},{"@type":"ListItem","position":2,"name":"Mar\u00eda Amelia Palacios es la nueva presidenta 2020 -2023 del Consejo Nacional de Educaci\u00f3n"}]},{"@type":"Person","@id":"https:\/\/www.edugestores.pe\/#\/schema\/person\/30dc82f35f5853289037a64b35c7c7d3","name":"Administrador","image":{"@type":"ImageObject","@id":"https:\/\/www.edugestores.pe\/#personlogo","inLanguage":"es","url":"https:\/\/secure.gravatar.com\/avatar\/70960d1239c4d2c778bb3d2786a3c1ae?s=96&d=mm&r=g","contentUrl":"https:\/\/secure.gravatar.com\/avatar\/70960d1239c4d2c778bb3d2786a3c1ae?s=96&d=mm&r=g","caption":"Administrador"},"url":"https:\/\/www.edugestores.pe\/?author=63"}]}},"jetpack_featured_media_url":"https:\/\/www.edugestores.pe\/wp-content\/uploads\/2020\/11\/DgJpyjmX0AE_XG1.jpg","_links":{"self":[{"href":"https:\/\/www.edugestores.pe\/index.php?rest_route=\/wp\/v2\/posts\/26962"}],"collection":[{"href":"https:\/\/www.edugestores.pe\/index.php?rest_route=\/wp\/v2\/posts"}],"about":[{"href":"https:\/\/www.edugestores.pe\/index.php?rest_route=\/wp\/v2\/types\/post"}],"author":[{"embeddable":true,"href":"https:\/\/www.edugestores.pe\/index.php?rest_route=\/wp\/v2\/users\/63"}],"replies":[{"embeddable":true,"href":"https:\/\/www.edugestores.pe\/index.php?rest_route=%2Fwp%2Fv2%2Fcomments&post=26962"}],"version-history":[{"count":4,"href":"https:\/\/www.edugestores.pe\/index.php?rest_route=\/wp\/v2\/posts\/26962\/revisions"}],"predecessor-version":[{"id":26968,"href":"https:\/\/www.edugestores.pe\/index.php?rest_route=\/wp\/v2\/posts\/26962\/revisions\/26968"}],"wp:featuredmedia":[{"embeddable":true,"href":"https:\/\/www.edugestores.pe\/index.php?rest_route=\/wp\/v2\/media\/26965"}],"wp:attachment":[{"href":"https:\/\/www.edugestores.pe\/index.php?rest_route=%2Fwp%2Fv2%2Fmedia&parent=26962"}],"wp:term":[{"taxonomy":"category","embeddable":true,"href":"https:\/\/www.edugestores.pe\/index.php?rest_route=%2Fwp%2Fv2%2Fcategories&post=26962"},{"taxonomy":"post_tag","embeddable":true,"href":"https:\/\/www.edugestores.pe\/index.php?rest_route=%2Fwp%2Fv2%2Ftags&post=26962"}],"curies":[{"name":"wp","href":"https:\/\/api.w.org\/{rel}","templated":true}]}}