{"id":26986,"date":"2020-11-05T17:57:08","date_gmt":"2020-11-05T22:57:08","guid":{"rendered":"https:\/\/www.edugestores.pe\/?p=26986"},"modified":"2020-11-30T14:35:24","modified_gmt":"2020-11-30T19:35:24","slug":"accede-a-las-exposiciones-de-analisis-de-la-politica-nacional-de-educacion-eib","status":"publish","type":"post","link":"https:\/\/www.edugestores.pe\/?p=26986","title":{"rendered":"Accede a las exposiciones de an\u00e1lisis de la Pol\u00edtica Nacional de Educaci\u00f3n EIB"},"content":{"rendered":"<div id=\"js_4l4\" class=\"_5pbx userContent _3576\" data-testid=\"post_message\" data-ft=\"{&quot;tn&quot;:&quot;K&quot;}\">\n<p style=\"text-align: justify;\">En marzo, el Colectivo Equidad y Diversidad Cultural y el Ministerio de Educaci\u00f3n\u00a0organizaron la presentaci\u00f3n del \u201cBalance de la implementaci\u00f3n de la Pol\u00edtica de Educaci\u00f3n Intercultural y Educaci\u00f3n Intercultural Biling\u00fce al 2021\u2033, con el apoyo de\u00a0Universidad Peruana Cayetano Heredia,\u00a0UNICEF Per\u00fa\u00a0y\u00a0Edugestores.<\/p>\n<\/div>\n<div class=\"_3x-2\" style=\"text-align: justify;\" data-ft=\"{&quot;tn&quot;:&quot;H&quot;}\">Este evento convoc\u00f3 a tres direcciones regionales de educaci\u00f3n (Huancavelica, Ucayali y Loreto) y a la\u00a0Direcci\u00f3n General de Educaci\u00f3n Alternativa, Intercultural Biling\u00fce y de Servicios Educativos en el \u00c1mbito Rural (Digeibira) del Ministerio de Educaci\u00f3n, quienes compartieron importantes avances que parecen peque\u00f1os frente a los enormes desaf\u00edos de la EIB, pero que no lo son.<\/div>\n<p style=\"text-align: justify;\">Humberto Ccente Solano, jefe de gesti\u00f3n pedag\u00f3gica de la DRE Huancavelica, expuso el balance de su regi\u00f3n. Por su parte, \u00c1ngela Villacorta, directora de gesti\u00f3n Pedag\u00f3gica de la DRE Ucayali, y Luis Re\u00e1tegui D\u00e1vila, director de Gesti\u00f3n Pedag\u00f3gica de la DRE Loreto.<\/p>\n<p>Compartimos los videos con las exposiciones:<br \/>\n<iframe loading=\"lazy\" src=\"https:\/\/www.youtube.com\/embed\/-HG8APzSLjE\" width=\"560\" height=\"315\" frameborder=\"0\" allowfullscreen=\"allowfullscreen\"><\/iframe><\/p>\n<p><iframe loading=\"lazy\" src=\"https:\/\/www.youtube.com\/embed\/edrzO8vQlOc\" width=\"560\" height=\"315\" frameborder=\"0\" allowfullscreen=\"allowfullscreen\"><\/iframe><\/p>\n<p><iframe loading=\"lazy\" src=\"https:\/\/www.youtube.com\/embed\/vtwQgtk81tY\" width=\"560\" height=\"315\" frameborder=\"0\" allowfullscreen=\"allowfullscreen\"><\/iframe><\/p>\n<p><iframe loading=\"lazy\" src=\"https:\/\/www.youtube.com\/embed\/yfmHg1zSAU0\" width=\"560\" height=\"315\" frameborder=\"0\" allowfullscreen=\"allowfullscreen\"><\/iframe><\/p>\n<p>&nbsp;<\/p>\n","protected":false},"excerpt":{"rendered":"<p>En marzo, el Colectivo Equidad y Diversidad Cultural y el Ministerio de Educaci\u00f3n\u00a0organizaron la presentaci\u00f3n del \u201cBalance de la implementaci\u00f3n [&hellip;]<\/p>\n","protected":false},"author":63,"featured_media":24392,"comment_status":"open","ping_status":"open","sticky":false,"template":"","format":"standard","meta":{"spay_email":""},"categories":[125,1413],"tags":[],"yoast_head":"<!-- This site is optimized with the Yoast SEO plugin v18.0 - https:\/\/yoast.com\/wordpress\/plugins\/seo\/ -->\n<title>Accede a las exposiciones de an\u00e1lisis de la Pol\u00edtica Nacional de Educaci\u00f3n EIB - Red Peruana de Gestores de la Educaci\u00f3n<\/title>\n<meta name=\"robots\" content=\"index, follow, max-snippet:-1, max-image-preview:large, max-video-preview:-1\" \/>\n<link rel=\"canonical\" href=\"https:\/\/www.edugestores.pe\/?p=26986\" \/>\n<meta property=\"og:locale\" content=\"es_ES\" \/>\n<meta property=\"og:type\" content=\"article\" \/>\n<meta property=\"og:title\" content=\"Accede a las exposiciones de an\u00e1lisis de la Pol\u00edtica Nacional de Educaci\u00f3n EIB - Red Peruana de Gestores de la Educaci\u00f3n\" \/>\n<meta property=\"og:description\" content=\"En marzo, el Colectivo Equidad y Diversidad Cultural y el Ministerio de Educaci\u00f3n\u00a0organizaron la presentaci\u00f3n del \u201cBalance de la implementaci\u00f3n [&hellip;]\" \/>\n<meta property=\"og:url\" content=\"https:\/\/www.edugestores.pe\/?p=26986\" \/>\n<meta property=\"og:site_name\" content=\"Red Peruana de Gestores de la Educaci\u00f3n\" \/>\n<meta property=\"article:published_time\" content=\"2020-11-05T22:57:08+00:00\" \/>\n<meta property=\"article:modified_time\" content=\"2020-11-30T19:35:24+00:00\" \/>\n<meta property=\"og:image\" content=\"https:\/\/www.edugestores.pe\/wp-content\/uploads\/2020\/03\/eib-balance.jpg\" \/>\n\t<meta property=\"og:image:width\" content=\"960\" \/>\n\t<meta property=\"og:image:height\" content=\"720\" \/>\n\t<meta property=\"og:image:type\" content=\"image\/jpeg\" \/>\n<meta name=\"twitter:card\" content=\"summary_large_image\" \/>\n<meta name=\"twitter:label1\" content=\"Escrito por\" \/>\n\t<meta name=\"twitter:data1\" content=\"Administrador\" \/>\n\t<meta name=\"twitter:label2\" content=\"Tiempo de lectura\" \/>\n\t<meta name=\"twitter:data2\" content=\"1 minuto\" \/>\n<script type=\"application\/ld+json\" class=\"yoast-schema-graph\">{\"@context\":\"https:\/\/schema.org\",\"@graph\":[{\"@type\":\"WebSite\",\"@id\":\"https:\/\/www.edugestores.pe\/#website\",\"url\":\"https:\/\/www.edugestores.pe\/\",\"name\":\"Red Peruana de Gestores de la Educaci\u00f3n\",\"description\":\"Red Peruana de Gestores de la Educaci\u00f3n\",\"potentialAction\":[{\"@type\":\"SearchAction\",\"target\":{\"@type\":\"EntryPoint\",\"urlTemplate\":\"https:\/\/www.edugestores.pe\/?s={search_term_string}\"},\"query-input\":\"required name=search_term_string\"}],\"inLanguage\":\"es\"},{\"@type\":\"ImageObject\",\"@id\":\"https:\/\/www.edugestores.pe\/?p=26986#primaryimage\",\"inLanguage\":\"es\",\"url\":\"https:\/\/www.edugestores.pe\/wp-content\/uploads\/2020\/03\/eib-balance.jpg\",\"contentUrl\":\"https:\/\/www.edugestores.pe\/wp-content\/uploads\/2020\/03\/eib-balance.jpg\",\"width\":960,\"height\":720},{\"@type\":\"WebPage\",\"@id\":\"https:\/\/www.edugestores.pe\/?p=26986#webpage\",\"url\":\"https:\/\/www.edugestores.pe\/?p=26986\",\"name\":\"Accede a las exposiciones de an\u00e1lisis de la Pol\u00edtica Nacional de Educaci\u00f3n EIB - Red Peruana de Gestores de la Educaci\u00f3n\",\"isPartOf\":{\"@id\":\"https:\/\/www.edugestores.pe\/#website\"},\"primaryImageOfPage\":{\"@id\":\"https:\/\/www.edugestores.pe\/?p=26986#primaryimage\"},\"datePublished\":\"2020-11-05T22:57:08+00:00\",\"dateModified\":\"2020-11-30T19:35:24+00:00\",\"author\":{\"@id\":\"https:\/\/www.edugestores.pe\/#\/schema\/person\/30dc82f35f5853289037a64b35c7c7d3\"},\"breadcrumb\":{\"@id\":\"https:\/\/www.edugestores.pe\/?p=26986#breadcrumb\"},\"inLanguage\":\"es\",\"potentialAction\":[{\"@type\":\"ReadAction\",\"target\":[\"https:\/\/www.edugestores.pe\/?p=26986\"]}]},{\"@type\":\"BreadcrumbList\",\"@id\":\"https:\/\/www.edugestores.pe\/?p=26986#breadcrumb\",\"itemListElement\":[{\"@type\":\"ListItem\",\"position\":1,\"name\":\"Portada\",\"item\":\"https:\/\/www.edugestores.pe\/\"},{\"@type\":\"ListItem\",\"position\":2,\"name\":\"Accede a las exposiciones de an\u00e1lisis de la Pol\u00edtica Nacional de Educaci\u00f3n EIB\"}]},{\"@type\":\"Person\",\"@id\":\"https:\/\/www.edugestores.pe\/#\/schema\/person\/30dc82f35f5853289037a64b35c7c7d3\",\"name\":\"Administrador\",\"image\":{\"@type\":\"ImageObject\",\"@id\":\"https:\/\/www.edugestores.pe\/#personlogo\",\"inLanguage\":\"es\",\"url\":\"https:\/\/secure.gravatar.com\/avatar\/70960d1239c4d2c778bb3d2786a3c1ae?s=96&d=mm&r=g\",\"contentUrl\":\"https:\/\/secure.gravatar.com\/avatar\/70960d1239c4d2c778bb3d2786a3c1ae?s=96&d=mm&r=g\",\"caption\":\"Administrador\"},\"url\":\"https:\/\/www.edugestores.pe\/?author=63\"}]}<\/script>\n<!-- \/ Yoast SEO plugin. -->","yoast_head_json":{"title":"Accede a las exposiciones de an\u00e1lisis de la Pol\u00edtica Nacional de Educaci\u00f3n EIB - Red Peruana de Gestores de la Educaci\u00f3n","robots":{"index":"index","follow":"follow","max-snippet":"max-snippet:-1","max-image-preview":"max-image-preview:large","max-video-preview":"max-video-preview:-1"},"canonical":"https:\/\/www.edugestores.pe\/?p=26986","og_locale":"es_ES","og_type":"article","og_title":"Accede a las exposiciones de an\u00e1lisis de la Pol\u00edtica Nacional de Educaci\u00f3n EIB - Red Peruana de Gestores de la Educaci\u00f3n","og_description":"En marzo, el Colectivo Equidad y Diversidad Cultural y el Ministerio de Educaci\u00f3n\u00a0organizaron la presentaci\u00f3n del \u201cBalance de la implementaci\u00f3n [&hellip;]","og_url":"https:\/\/www.edugestores.pe\/?p=26986","og_site_name":"Red Peruana de Gestores de la Educaci\u00f3n","article_published_time":"2020-11-05T22:57:08+00:00","article_modified_time":"2020-11-30T19:35:24+00:00","og_image":[{"width":960,"height":720,"url":"https:\/\/www.edugestores.pe\/wp-content\/uploads\/2020\/03\/eib-balance.jpg","type":"image\/jpeg"}],"twitter_card":"summary_large_image","twitter_misc":{"Escrito por":"Administrador","Tiempo de lectura":"1 minuto"},"schema":{"@context":"https:\/\/schema.org","@graph":[{"@type":"WebSite","@id":"https:\/\/www.edugestores.pe\/#website","url":"https:\/\/www.edugestores.pe\/","name":"Red Peruana de Gestores de la Educaci\u00f3n","description":"Red Peruana de Gestores de la Educaci\u00f3n","potentialAction":[{"@type":"SearchAction","target":{"@type":"EntryPoint","urlTemplate":"https:\/\/www.edugestores.pe\/?s={search_term_string}"},"query-input":"required name=search_term_string"}],"inLanguage":"es"},{"@type":"ImageObject","@id":"https:\/\/www.edugestores.pe\/?p=26986#primaryimage","inLanguage":"es","url":"https:\/\/www.edugestores.pe\/wp-content\/uploads\/2020\/03\/eib-balance.jpg","contentUrl":"https:\/\/www.edugestores.pe\/wp-content\/uploads\/2020\/03\/eib-balance.jpg","width":960,"height":720},{"@type":"WebPage","@id":"https:\/\/www.edugestores.pe\/?p=26986#webpage","url":"https:\/\/www.edugestores.pe\/?p=26986","name":"Accede a las exposiciones de an\u00e1lisis de la Pol\u00edtica Nacional de Educaci\u00f3n EIB - Red Peruana de Gestores de la Educaci\u00f3n","isPartOf":{"@id":"https:\/\/www.edugestores.pe\/#website"},"primaryImageOfPage":{"@id":"https:\/\/www.edugestores.pe\/?p=26986#primaryimage"},"datePublished":"2020-11-05T22:57:08+00:00","dateModified":"2020-11-30T19:35:24+00:00","author":{"@id":"https:\/\/www.edugestores.pe\/#\/schema\/person\/30dc82f35f5853289037a64b35c7c7d3"},"breadcrumb":{"@id":"https:\/\/www.edugestores.pe\/?p=26986#breadcrumb"},"inLanguage":"es","potentialAction":[{"@type":"ReadAction","target":["https:\/\/www.edugestores.pe\/?p=26986"]}]},{"@type":"BreadcrumbList","@id":"https:\/\/www.edugestores.pe\/?p=26986#breadcrumb","itemListElement":[{"@type":"ListItem","position":1,"name":"Portada","item":"https:\/\/www.edugestores.pe\/"},{"@type":"ListItem","position":2,"name":"Accede a las exposiciones de an\u00e1lisis de la Pol\u00edtica Nacional de Educaci\u00f3n EIB"}]},{"@type":"Person","@id":"https:\/\/www.edugestores.pe\/#\/schema\/person\/30dc82f35f5853289037a64b35c7c7d3","name":"Administrador","image":{"@type":"ImageObject","@id":"https:\/\/www.edugestores.pe\/#personlogo","inLanguage":"es","url":"https:\/\/secure.gravatar.com\/avatar\/70960d1239c4d2c778bb3d2786a3c1ae?s=96&d=mm&r=g","contentUrl":"https:\/\/secure.gravatar.com\/avatar\/70960d1239c4d2c778bb3d2786a3c1ae?s=96&d=mm&r=g","caption":"Administrador"},"url":"https:\/\/www.edugestores.pe\/?author=63"}]}},"jetpack_featured_media_url":"https:\/\/www.edugestores.pe\/wp-content\/uploads\/2020\/03\/eib-balance.jpg","_links":{"self":[{"href":"https:\/\/www.edugestores.pe\/index.php?rest_route=\/wp\/v2\/posts\/26986"}],"collection":[{"href":"https:\/\/www.edugestores.pe\/index.php?rest_route=\/wp\/v2\/posts"}],"about":[{"href":"https:\/\/www.edugestores.pe\/index.php?rest_route=\/wp\/v2\/types\/post"}],"author":[{"embeddable":true,"href":"https:\/\/www.edugestores.pe\/index.php?rest_route=\/wp\/v2\/users\/63"}],"replies":[{"embeddable":true,"href":"https:\/\/www.edugestores.pe\/index.php?rest_route=%2Fwp%2Fv2%2Fcomments&post=26986"}],"version-history":[{"count":1,"href":"https:\/\/www.edugestores.pe\/index.php?rest_route=\/wp\/v2\/posts\/26986\/revisions"}],"predecessor-version":[{"id":26987,"href":"https:\/\/www.edugestores.pe\/index.php?rest_route=\/wp\/v2\/posts\/26986\/revisions\/26987"}],"wp:featuredmedia":[{"embeddable":true,"href":"https:\/\/www.edugestores.pe\/index.php?rest_route=\/wp\/v2\/media\/24392"}],"wp:attachment":[{"href":"https:\/\/www.edugestores.pe\/index.php?rest_route=%2Fwp%2Fv2%2Fmedia&parent=26986"}],"wp:term":[{"taxonomy":"category","embeddable":true,"href":"https:\/\/www.edugestores.pe\/index.php?rest_route=%2Fwp%2Fv2%2Fcategories&post=26986"},{"taxonomy":"post_tag","embeddable":true,"href":"https:\/\/www.edugestores.pe\/index.php?rest_route=%2Fwp%2Fv2%2Ftags&post=26986"}],"curies":[{"name":"wp","href":"https:\/\/api.w.org\/{rel}","templated":true}]}}