{"id":26990,"date":"2020-11-09T11:36:54","date_gmt":"2020-11-09T16:36:54","guid":{"rendered":"https:\/\/www.edugestores.pe\/?p=26990"},"modified":"2020-11-20T17:37:22","modified_gmt":"2020-11-20T22:37:22","slug":"loreto-dre-construye-su-proyecto-educativo-regional-al-2030","status":"publish","type":"post","link":"https:\/\/www.edugestores.pe\/?p=26990","title":{"rendered":"Loreto: DRE construye su proyecto educativo regional al 2030"},"content":{"rendered":"<p style=\"text-align: justify;\">En las instalaciones del IES Tecnol\u00f3gico P\u00fablico Amazonas, en Yurimaguas, el pasado viernes 6 de noviembre de 2020, en un taller de validaci\u00f3n, la Direcci\u00f3n Regional de Educaci\u00f3n de Loreto recogi\u00f3 los aportes de la sociedad civil y de representantes de instituciones del Estado, que deben ser incorporados a las pol\u00edticas p\u00fablicas educativas planteadas en el Proyecto Educativo Regional (PER) 2021 \u2013 2030.<\/p>\n<p style=\"text-align: justify;\">Mois\u00e9s Pe\u00f1a Herrera, miembro del equipo impulsor se\u00f1al\u00f3 que, el PER se viene elaborando desde hace dos a\u00f1os, y est\u00e1 en un 95%, faltando solo el proceso de validaci\u00f3n de las pol\u00edticas y lineamientos que ser\u00e1n consolidadas con los aportes de los altoamazonenses producto del taller realizado. \u201cOtro de los pasos es el marco presupuestal y el plan de monitoreo\u201d, sostuvo.<\/p>\n<p style=\"text-align: justify;\">Agreg\u00f3 que el Proyecto Educativo Regional se estima lanzar en diciembre de este a\u00f1o en un gran evento a desarrollarse en Iquitos.<\/p>\n<p style=\"text-align: justify;\">El PER plantea una educaci\u00f3n inclusiva y de calidad con visi\u00f3n al 2030 teniendo en cuenta la diversidad cultural de los pueblos de la regi\u00f3n, de tal manera que haya m\u00e1s atenci\u00f3n a sectores en el \u00e1mbito urbano y rural, en coherencia con el Proyecto Educativo Nacional.<\/p>\n<p style=\"text-align: justify;\">La primera pol\u00edtica plantea asegurar la cobertura y el aprendizaje pertinente, inclusiva y de calidad en los ni\u00f1os de 0 a 5 a\u00f1os especialmente en zonas periurbanas, rurales y de frontera, certificados dentro o fuera de la escolaridad.<\/p>\n<p style=\"text-align: justify;\">En estudiantes de 6 a 18 a\u00f1os se plantea mejorar el aprendizaje a trav\u00e9s de modelos educativos diversificados, pertinentes, oportunos, articulados e inclusivos que promuevan la indagaci\u00f3n y el pensamiento cient\u00edfico, generando el desarrollo de sus competencias productivas y tecnol\u00f3gicas disponibles, en armon\u00eda con su entorno f\u00edsico, natural y sociocultural.<\/p>\n<p style=\"text-align: justify;\">El viernes 6 tambi\u00e9n se form\u00f3 el equipo impulsor del Proyecto Educativo Regional y Local que ser\u00e1 reconocido mediante resoluci\u00f3n directoral regional.<\/p>\n<p style=\"text-align: justify;\">Nota de Roger Torres Chujutalli. Tomada del diario Voces<\/p>\n","protected":false},"excerpt":{"rendered":"<p>En las instalaciones del IES Tecnol\u00f3gico P\u00fablico Amazonas, en Yurimaguas, el pasado viernes 6 de noviembre de 2020, en un [&hellip;]<\/p>\n","protected":false},"author":63,"featured_media":26991,"comment_status":"open","ping_status":"open","sticky":false,"template":"","format":"standard","meta":{"spay_email":""},"categories":[125],"tags":[],"yoast_head":"<!-- This site is optimized with the Yoast SEO plugin v18.0 - https:\/\/yoast.com\/wordpress\/plugins\/seo\/ -->\n<title>Loreto: DRE construye su proyecto educativo regional al 2030 - Red Peruana de Gestores de la Educaci\u00f3n<\/title>\n<meta name=\"robots\" content=\"index, follow, max-snippet:-1, max-image-preview:large, max-video-preview:-1\" \/>\n<link rel=\"canonical\" href=\"https:\/\/www.edugestores.pe\/?p=26990\" \/>\n<meta property=\"og:locale\" content=\"es_ES\" \/>\n<meta property=\"og:type\" content=\"article\" \/>\n<meta property=\"og:title\" content=\"Loreto: DRE construye su proyecto educativo regional al 2030 - Red Peruana de Gestores de la Educaci\u00f3n\" \/>\n<meta property=\"og:description\" content=\"En las instalaciones del IES Tecnol\u00f3gico P\u00fablico Amazonas, en Yurimaguas, el pasado viernes 6 de noviembre de 2020, en un [&hellip;]\" \/>\n<meta property=\"og:url\" content=\"https:\/\/www.edugestores.pe\/?p=26990\" \/>\n<meta property=\"og:site_name\" content=\"Red Peruana de Gestores de la Educaci\u00f3n\" \/>\n<meta property=\"article:published_time\" content=\"2020-11-09T16:36:54+00:00\" \/>\n<meta property=\"article:modified_time\" content=\"2020-11-20T22:37:22+00:00\" \/>\n<meta property=\"og:image\" content=\"https:\/\/www.edugestores.pe\/wp-content\/uploads\/2020\/11\/Taller-de-Validacion-de-Proyecto-Educativo-Regiona.jpg\" \/>\n\t<meta property=\"og:image:width\" content=\"650\" \/>\n\t<meta property=\"og:image:height\" content=\"365\" \/>\n\t<meta property=\"og:image:type\" content=\"image\/jpeg\" \/>\n<meta name=\"twitter:card\" content=\"summary_large_image\" \/>\n<meta name=\"twitter:label1\" content=\"Escrito por\" \/>\n\t<meta name=\"twitter:data1\" content=\"Administrador\" \/>\n\t<meta name=\"twitter:label2\" content=\"Tiempo de lectura\" \/>\n\t<meta name=\"twitter:data2\" content=\"2 minutos\" \/>\n<script type=\"application\/ld+json\" class=\"yoast-schema-graph\">{\"@context\":\"https:\/\/schema.org\",\"@graph\":[{\"@type\":\"WebSite\",\"@id\":\"https:\/\/www.edugestores.pe\/#website\",\"url\":\"https:\/\/www.edugestores.pe\/\",\"name\":\"Red Peruana de Gestores de la Educaci\u00f3n\",\"description\":\"Red Peruana de Gestores de la Educaci\u00f3n\",\"potentialAction\":[{\"@type\":\"SearchAction\",\"target\":{\"@type\":\"EntryPoint\",\"urlTemplate\":\"https:\/\/www.edugestores.pe\/?s={search_term_string}\"},\"query-input\":\"required name=search_term_string\"}],\"inLanguage\":\"es\"},{\"@type\":\"ImageObject\",\"@id\":\"https:\/\/www.edugestores.pe\/?p=26990#primaryimage\",\"inLanguage\":\"es\",\"url\":\"https:\/\/www.edugestores.pe\/wp-content\/uploads\/2020\/11\/Taller-de-Validacion-de-Proyecto-Educativo-Regiona.jpg\",\"contentUrl\":\"https:\/\/www.edugestores.pe\/wp-content\/uploads\/2020\/11\/Taller-de-Validacion-de-Proyecto-Educativo-Regiona.jpg\",\"width\":650,\"height\":365},{\"@type\":\"WebPage\",\"@id\":\"https:\/\/www.edugestores.pe\/?p=26990#webpage\",\"url\":\"https:\/\/www.edugestores.pe\/?p=26990\",\"name\":\"Loreto: DRE construye su proyecto educativo regional al 2030 - Red Peruana de Gestores de la Educaci\u00f3n\",\"isPartOf\":{\"@id\":\"https:\/\/www.edugestores.pe\/#website\"},\"primaryImageOfPage\":{\"@id\":\"https:\/\/www.edugestores.pe\/?p=26990#primaryimage\"},\"datePublished\":\"2020-11-09T16:36:54+00:00\",\"dateModified\":\"2020-11-20T22:37:22+00:00\",\"author\":{\"@id\":\"https:\/\/www.edugestores.pe\/#\/schema\/person\/30dc82f35f5853289037a64b35c7c7d3\"},\"breadcrumb\":{\"@id\":\"https:\/\/www.edugestores.pe\/?p=26990#breadcrumb\"},\"inLanguage\":\"es\",\"potentialAction\":[{\"@type\":\"ReadAction\",\"target\":[\"https:\/\/www.edugestores.pe\/?p=26990\"]}]},{\"@type\":\"BreadcrumbList\",\"@id\":\"https:\/\/www.edugestores.pe\/?p=26990#breadcrumb\",\"itemListElement\":[{\"@type\":\"ListItem\",\"position\":1,\"name\":\"Portada\",\"item\":\"https:\/\/www.edugestores.pe\/\"},{\"@type\":\"ListItem\",\"position\":2,\"name\":\"Loreto: DRE construye su proyecto educativo regional al 2030\"}]},{\"@type\":\"Person\",\"@id\":\"https:\/\/www.edugestores.pe\/#\/schema\/person\/30dc82f35f5853289037a64b35c7c7d3\",\"name\":\"Administrador\",\"image\":{\"@type\":\"ImageObject\",\"@id\":\"https:\/\/www.edugestores.pe\/#personlogo\",\"inLanguage\":\"es\",\"url\":\"https:\/\/secure.gravatar.com\/avatar\/70960d1239c4d2c778bb3d2786a3c1ae?s=96&d=mm&r=g\",\"contentUrl\":\"https:\/\/secure.gravatar.com\/avatar\/70960d1239c4d2c778bb3d2786a3c1ae?s=96&d=mm&r=g\",\"caption\":\"Administrador\"},\"url\":\"https:\/\/www.edugestores.pe\/?author=63\"}]}<\/script>\n<!-- \/ Yoast SEO plugin. -->","yoast_head_json":{"title":"Loreto: DRE construye su proyecto educativo regional al 2030 - Red Peruana de Gestores de la Educaci\u00f3n","robots":{"index":"index","follow":"follow","max-snippet":"max-snippet:-1","max-image-preview":"max-image-preview:large","max-video-preview":"max-video-preview:-1"},"canonical":"https:\/\/www.edugestores.pe\/?p=26990","og_locale":"es_ES","og_type":"article","og_title":"Loreto: DRE construye su proyecto educativo regional al 2030 - Red Peruana de Gestores de la Educaci\u00f3n","og_description":"En las instalaciones del IES Tecnol\u00f3gico P\u00fablico Amazonas, en Yurimaguas, el pasado viernes 6 de noviembre de 2020, en un [&hellip;]","og_url":"https:\/\/www.edugestores.pe\/?p=26990","og_site_name":"Red Peruana de Gestores de la Educaci\u00f3n","article_published_time":"2020-11-09T16:36:54+00:00","article_modified_time":"2020-11-20T22:37:22+00:00","og_image":[{"width":650,"height":365,"url":"https:\/\/www.edugestores.pe\/wp-content\/uploads\/2020\/11\/Taller-de-Validacion-de-Proyecto-Educativo-Regiona.jpg","type":"image\/jpeg"}],"twitter_card":"summary_large_image","twitter_misc":{"Escrito por":"Administrador","Tiempo de lectura":"2 minutos"},"schema":{"@context":"https:\/\/schema.org","@graph":[{"@type":"WebSite","@id":"https:\/\/www.edugestores.pe\/#website","url":"https:\/\/www.edugestores.pe\/","name":"Red Peruana de Gestores de la Educaci\u00f3n","description":"Red Peruana de Gestores de la Educaci\u00f3n","potentialAction":[{"@type":"SearchAction","target":{"@type":"EntryPoint","urlTemplate":"https:\/\/www.edugestores.pe\/?s={search_term_string}"},"query-input":"required name=search_term_string"}],"inLanguage":"es"},{"@type":"ImageObject","@id":"https:\/\/www.edugestores.pe\/?p=26990#primaryimage","inLanguage":"es","url":"https:\/\/www.edugestores.pe\/wp-content\/uploads\/2020\/11\/Taller-de-Validacion-de-Proyecto-Educativo-Regiona.jpg","contentUrl":"https:\/\/www.edugestores.pe\/wp-content\/uploads\/2020\/11\/Taller-de-Validacion-de-Proyecto-Educativo-Regiona.jpg","width":650,"height":365},{"@type":"WebPage","@id":"https:\/\/www.edugestores.pe\/?p=26990#webpage","url":"https:\/\/www.edugestores.pe\/?p=26990","name":"Loreto: DRE construye su proyecto educativo regional al 2030 - Red Peruana de Gestores de la Educaci\u00f3n","isPartOf":{"@id":"https:\/\/www.edugestores.pe\/#website"},"primaryImageOfPage":{"@id":"https:\/\/www.edugestores.pe\/?p=26990#primaryimage"},"datePublished":"2020-11-09T16:36:54+00:00","dateModified":"2020-11-20T22:37:22+00:00","author":{"@id":"https:\/\/www.edugestores.pe\/#\/schema\/person\/30dc82f35f5853289037a64b35c7c7d3"},"breadcrumb":{"@id":"https:\/\/www.edugestores.pe\/?p=26990#breadcrumb"},"inLanguage":"es","potentialAction":[{"@type":"ReadAction","target":["https:\/\/www.edugestores.pe\/?p=26990"]}]},{"@type":"BreadcrumbList","@id":"https:\/\/www.edugestores.pe\/?p=26990#breadcrumb","itemListElement":[{"@type":"ListItem","position":1,"name":"Portada","item":"https:\/\/www.edugestores.pe\/"},{"@type":"ListItem","position":2,"name":"Loreto: DRE construye su proyecto educativo regional al 2030"}]},{"@type":"Person","@id":"https:\/\/www.edugestores.pe\/#\/schema\/person\/30dc82f35f5853289037a64b35c7c7d3","name":"Administrador","image":{"@type":"ImageObject","@id":"https:\/\/www.edugestores.pe\/#personlogo","inLanguage":"es","url":"https:\/\/secure.gravatar.com\/avatar\/70960d1239c4d2c778bb3d2786a3c1ae?s=96&d=mm&r=g","contentUrl":"https:\/\/secure.gravatar.com\/avatar\/70960d1239c4d2c778bb3d2786a3c1ae?s=96&d=mm&r=g","caption":"Administrador"},"url":"https:\/\/www.edugestores.pe\/?author=63"}]}},"jetpack_featured_media_url":"https:\/\/www.edugestores.pe\/wp-content\/uploads\/2020\/11\/Taller-de-Validacion-de-Proyecto-Educativo-Regiona.jpg","_links":{"self":[{"href":"https:\/\/www.edugestores.pe\/index.php?rest_route=\/wp\/v2\/posts\/26990"}],"collection":[{"href":"https:\/\/www.edugestores.pe\/index.php?rest_route=\/wp\/v2\/posts"}],"about":[{"href":"https:\/\/www.edugestores.pe\/index.php?rest_route=\/wp\/v2\/types\/post"}],"author":[{"embeddable":true,"href":"https:\/\/www.edugestores.pe\/index.php?rest_route=\/wp\/v2\/users\/63"}],"replies":[{"embeddable":true,"href":"https:\/\/www.edugestores.pe\/index.php?rest_route=%2Fwp%2Fv2%2Fcomments&post=26990"}],"version-history":[{"count":1,"href":"https:\/\/www.edugestores.pe\/index.php?rest_route=\/wp\/v2\/posts\/26990\/revisions"}],"predecessor-version":[{"id":26992,"href":"https:\/\/www.edugestores.pe\/index.php?rest_route=\/wp\/v2\/posts\/26990\/revisions\/26992"}],"wp:featuredmedia":[{"embeddable":true,"href":"https:\/\/www.edugestores.pe\/index.php?rest_route=\/wp\/v2\/media\/26991"}],"wp:attachment":[{"href":"https:\/\/www.edugestores.pe\/index.php?rest_route=%2Fwp%2Fv2%2Fmedia&parent=26990"}],"wp:term":[{"taxonomy":"category","embeddable":true,"href":"https:\/\/www.edugestores.pe\/index.php?rest_route=%2Fwp%2Fv2%2Fcategories&post=26990"},{"taxonomy":"post_tag","embeddable":true,"href":"https:\/\/www.edugestores.pe\/index.php?rest_route=%2Fwp%2Fv2%2Ftags&post=26990"}],"curies":[{"name":"wp","href":"https:\/\/api.w.org\/{rel}","templated":true}]}}