{"id":27022,"date":"2020-11-20T17:32:43","date_gmt":"2020-11-20T22:32:43","guid":{"rendered":"https:\/\/www.edugestores.pe\/?p=27022"},"modified":"2020-11-30T14:35:41","modified_gmt":"2020-11-30T19:35:41","slug":"gobierno-sentara-bases-para-repensar-una-nueva-descentralizacion-y-regionalizacion","status":"publish","type":"post","link":"https:\/\/www.edugestores.pe\/?p=27022","title":{"rendered":"Gobierno sentar\u00e1 bases para repensar una nueva descentralizaci\u00f3n y regionalizaci\u00f3n"},"content":{"rendered":"<p style=\"text-align: justify;\"><abbr class=\"flow-text\">El Presidente Sagasti en reuni\u00f3n con los gobernadores, plante\u00f3 redise\u00f1ar ambos procesos que han demostrado ciertas falencias.\u00a0<\/abbr>\u201cQueremos demostrar que se puede gobernar con la verdad, de manera honesta y en beneficio del pa\u00eds. Saldremos- quienes hemos entrado a este gobierno- tal como entramos, pero habiendo ganado la posibilidad de servir al Per\u00fa.\u201d, expres\u00f3 hoy el presidente de la Rep\u00fablica, Francisco Sagasti, durante la reuni\u00f3n que sostuvo con los gobernadores regionales del pa\u00eds. En ese sentido, reiter\u00f3 que el principal objetivo de su gesti\u00f3n es devolverle la confianza y esperanza a la ciudadan\u00eda que durante los \u00faltimos a\u00f1os ha perdido la fe en sus autoridades.<\/p>\n<div style=\"text-align: justify;\"><\/div>\n<div style=\"text-align: justify;\">\u201cSomos conscientes que ha existido abandono y falta de atenci\u00f3n a algunos de los problemas del pa\u00eds, a veces por la indiferencia de algunas autoridades del gobierno central o del mismo gobierno regional. Las protestas, el descontento, y el papel de la juventud nos demuestran que en los \u00faltimos gobiernos no hemos sentido que podemos confiar en nuestros gobernantes.\u201d, acot\u00f3.\u00a0 En esa l\u00ednea, el mandatario incidi\u00f3 que como gobierno de transici\u00f3n y en medio de una etapa de crisis, se enfocar\u00e1n en \u201cfijar un rumbo y renovar el pa\u00eds hacia el bicentenario\u201d, dejando iniciativas que sienten las bases de los cambios necesarios para fortalecer y encaminar el desarrollo nacional.\u00a0\u201cGobernaremos con modestia y humildad. Somos un gobierno de emergencia, pues estamos en un emergencia social, de salud, pol\u00edtica y econ\u00f3mica. Como gobierno vamos a enfrentar esto.\u201d, manifest\u00f3.<\/div>\n<div style=\"text-align: justify;\"><\/div>\n<div style=\"text-align: justify;\">Como parte de este objetivo, el jefe de Estado plante\u00f3 sentar las bases para repensar la descentralizaci\u00f3n y regionalizaci\u00f3n, procesos que han demostrado tener ciertas falencias. \u201cUn pa\u00eds tan diverso es dif\u00edcil de gobernar en forma centralizada. Todos los planteamientos dicen que este sistema de descentralizaci\u00f3n no est\u00e1 funcionando. Debemos repensar los procesos y trabajar en lineamientos y el redise\u00f1o de una nueva descentralizaci\u00f3n y regionalizaci\u00f3n para el bicentenario.\u201d, asever\u00f3.<\/div>\n<div style=\"text-align: justify;\"><\/div>\n<div style=\"text-align: justify;\"><strong class=\"fw700\">Exhortaci\u00f3n.\u00a0<\/strong>En otro momento, inst\u00f3 a las autoridades regionales a trabajar en conjunto; as\u00ed como a \u201ccambiar el chip de la pol\u00edtica peruana para hacer una sensata y balanceada.\u201d<\/div>\n<div style=\"text-align: justify;\"><\/div>\n<div style=\"text-align: justify;\">Por su parte, los gobernadores regionales mostraron su respaldo y compromiso a trabajar de manera articulada con el Ejecutivo. \u201cEl \u00e9xito de su gobierno, ser\u00e1 el \u00e9xito del Per\u00fa\u201d, se\u00f1al\u00f3 Francisco Pezo, gobernador regional de Ucayali. De igual forma, Mes\u00edas Guevara, gobernador de Cajamarca, mostr\u00f3 su inter\u00e9s por consolidar y fortalecer el proceso de descentralizaci\u00f3n; y a su turno, el gobernador de Hu\u00e1nuco, Juan Alvarado, precis\u00f3 que respalda la Constituci\u00f3n y el estado de derecho.<\/div>\n<div style=\"text-align: justify;\"><\/div>\n<div style=\"text-align: justify;\">En la cita participaron Servando Garc\u00eda Correa, presidente de la Asamblea Nacional de Gobiernos Regionales y gobernador regional de Piura; Wilmer Dios Benites, gobernador regional de Tumbes y presidente de la Macroregi\u00f3n Mancomunidad Nor Oriente; Maciste Diaz Abad, gobernador regional de Huancavelica y presidente de la Macroregi\u00f3n Mancomunidad de los Andes; y Ricardo Chavarr\u00eda Oria, gobernador regional de Lima y presidente de la Macroregi\u00f3n Mancomunidad Pacifico Centro Amaz\u00f3nico \u2013 PACA.<\/div>\n<div style=\"text-align: justify;\"><\/div>\n<div style=\"text-align: justify;\">Tambi\u00e9n acudieron Jean Paul Benavente Garc\u00eda, gobernador regional de Cuzco y representante de la Macroregi\u00f3n Mancomunidad del Sur; y Luis Hidalgo Okimura, gobernador regional de Madre de Dios y presidente de la Macroregi\u00f3n Mancomunidad de la Amazonia; entre otras autoridades regionales.<\/div>\n<div style=\"text-align: justify;\"><\/div>\n<div style=\"text-align: justify;\">Entre los temas abordados figuran aspectos de descentralizaci\u00f3n fiscal, transparencia en la asignaci\u00f3n y gesti\u00f3n del financiamiento de las inversiones y transferencias de diversos programas y proyectos ejecutados por el gobierno nacional, principalmente del Ministerio de Agricultura.<\/div>\n<div style=\"text-align: justify;\"><\/div>\n<div style=\"text-align: justify;\">En cuanto a la lucha contra la pandemia, se destac\u00f3 la implementaci\u00f3n de acciones para mejorar la capacidad instalada en los establecimientos de salud en las regiones para atender los casos covid-19 ante una eventual segunda ola; y en cuanto a las vacunas la continuidad de los esfuerzos para su adquisici\u00f3n.<\/div>\n<div style=\"text-align: justify;\"><\/div>\n<div style=\"text-align: justify;\">En materia de reactivaci\u00f3n econ\u00f3mica se eval\u00faa la priorizaci\u00f3n de planes regionales de inversi\u00f3n.<\/div>\n<div style=\"text-align: justify;\">Tomado de El Peruano.<\/div>\n","protected":false},"excerpt":{"rendered":"<p>El Presidente Sagasti en reuni\u00f3n con los gobernadores, plante\u00f3 redise\u00f1ar ambos procesos que han demostrado ciertas falencias.\u00a0\u201cQueremos demostrar que se [&hellip;]<\/p>\n","protected":false},"author":63,"featured_media":27023,"comment_status":"open","ping_status":"open","sticky":false,"template":"","format":"standard","meta":{"spay_email":""},"categories":[125],"tags":[],"yoast_head":"<!-- This site is optimized with the Yoast SEO plugin v18.0 - https:\/\/yoast.com\/wordpress\/plugins\/seo\/ -->\n<title>Gobierno sentar\u00e1 bases para repensar una nueva descentralizaci\u00f3n y regionalizaci\u00f3n - Red Peruana de Gestores de la Educaci\u00f3n<\/title>\n<meta name=\"robots\" content=\"index, follow, max-snippet:-1, max-image-preview:large, max-video-preview:-1\" \/>\n<link rel=\"canonical\" href=\"https:\/\/www.edugestores.pe\/?p=27022\" \/>\n<meta property=\"og:locale\" content=\"es_ES\" \/>\n<meta property=\"og:type\" content=\"article\" \/>\n<meta property=\"og:title\" content=\"Gobierno sentar\u00e1 bases para repensar una nueva descentralizaci\u00f3n y regionalizaci\u00f3n - Red Peruana de Gestores de la Educaci\u00f3n\" \/>\n<meta property=\"og:description\" content=\"El Presidente Sagasti en reuni\u00f3n con los gobernadores, plante\u00f3 redise\u00f1ar ambos procesos que han demostrado ciertas falencias.\u00a0\u201cQueremos demostrar que se [&hellip;]\" \/>\n<meta property=\"og:url\" content=\"https:\/\/www.edugestores.pe\/?p=27022\" \/>\n<meta property=\"og:site_name\" content=\"Red Peruana de Gestores de la Educaci\u00f3n\" \/>\n<meta property=\"article:published_time\" content=\"2020-11-20T22:32:43+00:00\" \/>\n<meta property=\"article:modified_time\" content=\"2020-11-30T19:35:41+00:00\" \/>\n<meta property=\"og:image\" content=\"https:\/\/www.edugestores.pe\/wp-content\/uploads\/2020\/11\/000099319M.jpg\" \/>\n\t<meta property=\"og:image:width\" content=\"760\" \/>\n\t<meta property=\"og:image:height\" content=\"507\" \/>\n\t<meta property=\"og:image:type\" content=\"image\/jpeg\" \/>\n<meta name=\"twitter:card\" content=\"summary_large_image\" \/>\n<meta name=\"twitter:label1\" content=\"Escrito por\" \/>\n\t<meta name=\"twitter:data1\" content=\"Administrador\" \/>\n\t<meta name=\"twitter:label2\" content=\"Tiempo de lectura\" \/>\n\t<meta name=\"twitter:data2\" content=\"3 minutos\" \/>\n<script type=\"application\/ld+json\" class=\"yoast-schema-graph\">{\"@context\":\"https:\/\/schema.org\",\"@graph\":[{\"@type\":\"WebSite\",\"@id\":\"https:\/\/www.edugestores.pe\/#website\",\"url\":\"https:\/\/www.edugestores.pe\/\",\"name\":\"Red Peruana de Gestores de la Educaci\u00f3n\",\"description\":\"Red Peruana de Gestores de la Educaci\u00f3n\",\"potentialAction\":[{\"@type\":\"SearchAction\",\"target\":{\"@type\":\"EntryPoint\",\"urlTemplate\":\"https:\/\/www.edugestores.pe\/?s={search_term_string}\"},\"query-input\":\"required name=search_term_string\"}],\"inLanguage\":\"es\"},{\"@type\":\"ImageObject\",\"@id\":\"https:\/\/www.edugestores.pe\/?p=27022#primaryimage\",\"inLanguage\":\"es\",\"url\":\"https:\/\/www.edugestores.pe\/wp-content\/uploads\/2020\/11\/000099319M.jpg\",\"contentUrl\":\"https:\/\/www.edugestores.pe\/wp-content\/uploads\/2020\/11\/000099319M.jpg\",\"width\":760,\"height\":507},{\"@type\":\"WebPage\",\"@id\":\"https:\/\/www.edugestores.pe\/?p=27022#webpage\",\"url\":\"https:\/\/www.edugestores.pe\/?p=27022\",\"name\":\"Gobierno sentar\u00e1 bases para repensar una nueva descentralizaci\u00f3n y regionalizaci\u00f3n - Red Peruana de Gestores de la Educaci\u00f3n\",\"isPartOf\":{\"@id\":\"https:\/\/www.edugestores.pe\/#website\"},\"primaryImageOfPage\":{\"@id\":\"https:\/\/www.edugestores.pe\/?p=27022#primaryimage\"},\"datePublished\":\"2020-11-20T22:32:43+00:00\",\"dateModified\":\"2020-11-30T19:35:41+00:00\",\"author\":{\"@id\":\"https:\/\/www.edugestores.pe\/#\/schema\/person\/30dc82f35f5853289037a64b35c7c7d3\"},\"breadcrumb\":{\"@id\":\"https:\/\/www.edugestores.pe\/?p=27022#breadcrumb\"},\"inLanguage\":\"es\",\"potentialAction\":[{\"@type\":\"ReadAction\",\"target\":[\"https:\/\/www.edugestores.pe\/?p=27022\"]}]},{\"@type\":\"BreadcrumbList\",\"@id\":\"https:\/\/www.edugestores.pe\/?p=27022#breadcrumb\",\"itemListElement\":[{\"@type\":\"ListItem\",\"position\":1,\"name\":\"Portada\",\"item\":\"https:\/\/www.edugestores.pe\/\"},{\"@type\":\"ListItem\",\"position\":2,\"name\":\"Gobierno sentar\u00e1 bases para repensar una nueva descentralizaci\u00f3n y regionalizaci\u00f3n\"}]},{\"@type\":\"Person\",\"@id\":\"https:\/\/www.edugestores.pe\/#\/schema\/person\/30dc82f35f5853289037a64b35c7c7d3\",\"name\":\"Administrador\",\"image\":{\"@type\":\"ImageObject\",\"@id\":\"https:\/\/www.edugestores.pe\/#personlogo\",\"inLanguage\":\"es\",\"url\":\"https:\/\/secure.gravatar.com\/avatar\/70960d1239c4d2c778bb3d2786a3c1ae?s=96&d=mm&r=g\",\"contentUrl\":\"https:\/\/secure.gravatar.com\/avatar\/70960d1239c4d2c778bb3d2786a3c1ae?s=96&d=mm&r=g\",\"caption\":\"Administrador\"},\"url\":\"https:\/\/www.edugestores.pe\/?author=63\"}]}<\/script>\n<!-- \/ Yoast SEO plugin. -->","yoast_head_json":{"title":"Gobierno sentar\u00e1 bases para repensar una nueva descentralizaci\u00f3n y regionalizaci\u00f3n - Red Peruana de Gestores de la Educaci\u00f3n","robots":{"index":"index","follow":"follow","max-snippet":"max-snippet:-1","max-image-preview":"max-image-preview:large","max-video-preview":"max-video-preview:-1"},"canonical":"https:\/\/www.edugestores.pe\/?p=27022","og_locale":"es_ES","og_type":"article","og_title":"Gobierno sentar\u00e1 bases para repensar una nueva descentralizaci\u00f3n y regionalizaci\u00f3n - Red Peruana de Gestores de la Educaci\u00f3n","og_description":"El Presidente Sagasti en reuni\u00f3n con los gobernadores, plante\u00f3 redise\u00f1ar ambos procesos que han demostrado ciertas falencias.\u00a0\u201cQueremos demostrar que se [&hellip;]","og_url":"https:\/\/www.edugestores.pe\/?p=27022","og_site_name":"Red Peruana de Gestores de la Educaci\u00f3n","article_published_time":"2020-11-20T22:32:43+00:00","article_modified_time":"2020-11-30T19:35:41+00:00","og_image":[{"width":760,"height":507,"url":"https:\/\/www.edugestores.pe\/wp-content\/uploads\/2020\/11\/000099319M.jpg","type":"image\/jpeg"}],"twitter_card":"summary_large_image","twitter_misc":{"Escrito por":"Administrador","Tiempo de lectura":"3 minutos"},"schema":{"@context":"https:\/\/schema.org","@graph":[{"@type":"WebSite","@id":"https:\/\/www.edugestores.pe\/#website","url":"https:\/\/www.edugestores.pe\/","name":"Red Peruana de Gestores de la Educaci\u00f3n","description":"Red Peruana de Gestores de la Educaci\u00f3n","potentialAction":[{"@type":"SearchAction","target":{"@type":"EntryPoint","urlTemplate":"https:\/\/www.edugestores.pe\/?s={search_term_string}"},"query-input":"required name=search_term_string"}],"inLanguage":"es"},{"@type":"ImageObject","@id":"https:\/\/www.edugestores.pe\/?p=27022#primaryimage","inLanguage":"es","url":"https:\/\/www.edugestores.pe\/wp-content\/uploads\/2020\/11\/000099319M.jpg","contentUrl":"https:\/\/www.edugestores.pe\/wp-content\/uploads\/2020\/11\/000099319M.jpg","width":760,"height":507},{"@type":"WebPage","@id":"https:\/\/www.edugestores.pe\/?p=27022#webpage","url":"https:\/\/www.edugestores.pe\/?p=27022","name":"Gobierno sentar\u00e1 bases para repensar una nueva descentralizaci\u00f3n y regionalizaci\u00f3n - Red Peruana de Gestores de la Educaci\u00f3n","isPartOf":{"@id":"https:\/\/www.edugestores.pe\/#website"},"primaryImageOfPage":{"@id":"https:\/\/www.edugestores.pe\/?p=27022#primaryimage"},"datePublished":"2020-11-20T22:32:43+00:00","dateModified":"2020-11-30T19:35:41+00:00","author":{"@id":"https:\/\/www.edugestores.pe\/#\/schema\/person\/30dc82f35f5853289037a64b35c7c7d3"},"breadcrumb":{"@id":"https:\/\/www.edugestores.pe\/?p=27022#breadcrumb"},"inLanguage":"es","potentialAction":[{"@type":"ReadAction","target":["https:\/\/www.edugestores.pe\/?p=27022"]}]},{"@type":"BreadcrumbList","@id":"https:\/\/www.edugestores.pe\/?p=27022#breadcrumb","itemListElement":[{"@type":"ListItem","position":1,"name":"Portada","item":"https:\/\/www.edugestores.pe\/"},{"@type":"ListItem","position":2,"name":"Gobierno sentar\u00e1 bases para repensar una nueva descentralizaci\u00f3n y regionalizaci\u00f3n"}]},{"@type":"Person","@id":"https:\/\/www.edugestores.pe\/#\/schema\/person\/30dc82f35f5853289037a64b35c7c7d3","name":"Administrador","image":{"@type":"ImageObject","@id":"https:\/\/www.edugestores.pe\/#personlogo","inLanguage":"es","url":"https:\/\/secure.gravatar.com\/avatar\/70960d1239c4d2c778bb3d2786a3c1ae?s=96&d=mm&r=g","contentUrl":"https:\/\/secure.gravatar.com\/avatar\/70960d1239c4d2c778bb3d2786a3c1ae?s=96&d=mm&r=g","caption":"Administrador"},"url":"https:\/\/www.edugestores.pe\/?author=63"}]}},"jetpack_featured_media_url":"https:\/\/www.edugestores.pe\/wp-content\/uploads\/2020\/11\/000099319M.jpg","_links":{"self":[{"href":"https:\/\/www.edugestores.pe\/index.php?rest_route=\/wp\/v2\/posts\/27022"}],"collection":[{"href":"https:\/\/www.edugestores.pe\/index.php?rest_route=\/wp\/v2\/posts"}],"about":[{"href":"https:\/\/www.edugestores.pe\/index.php?rest_route=\/wp\/v2\/types\/post"}],"author":[{"embeddable":true,"href":"https:\/\/www.edugestores.pe\/index.php?rest_route=\/wp\/v2\/users\/63"}],"replies":[{"embeddable":true,"href":"https:\/\/www.edugestores.pe\/index.php?rest_route=%2Fwp%2Fv2%2Fcomments&post=27022"}],"version-history":[{"count":1,"href":"https:\/\/www.edugestores.pe\/index.php?rest_route=\/wp\/v2\/posts\/27022\/revisions"}],"predecessor-version":[{"id":27024,"href":"https:\/\/www.edugestores.pe\/index.php?rest_route=\/wp\/v2\/posts\/27022\/revisions\/27024"}],"wp:featuredmedia":[{"embeddable":true,"href":"https:\/\/www.edugestores.pe\/index.php?rest_route=\/wp\/v2\/media\/27023"}],"wp:attachment":[{"href":"https:\/\/www.edugestores.pe\/index.php?rest_route=%2Fwp%2Fv2%2Fmedia&parent=27022"}],"wp:term":[{"taxonomy":"category","embeddable":true,"href":"https:\/\/www.edugestores.pe\/index.php?rest_route=%2Fwp%2Fv2%2Fcategories&post=27022"},{"taxonomy":"post_tag","embeddable":true,"href":"https:\/\/www.edugestores.pe\/index.php?rest_route=%2Fwp%2Fv2%2Ftags&post=27022"}],"curies":[{"name":"wp","href":"https:\/\/api.w.org\/{rel}","templated":true}]}}