{"id":27025,"date":"2020-11-23T08:41:36","date_gmt":"2020-11-23T13:41:36","guid":{"rendered":"https:\/\/www.edugestores.pe\/?p=27025"},"modified":"2020-11-30T14:36:29","modified_gmt":"2020-11-30T19:36:29","slug":"ricardo-cuenca-le-planteare-al-congreso-dialogo-para-seguir-en-las-reformas","status":"publish","type":"post","link":"https:\/\/www.edugestores.pe\/?p=27025","title":{"rendered":"Ricardo Cuenca: \u201cLe plantear\u00e9 al Congreso di\u00e1logo para seguir en las reformas&#8221;"},"content":{"rendered":"<p class=\"\" style=\"text-align: justify;\">Compartimos esta entrevista de David Pereda, publicada el domingo 22 de noviembre en el diario La Rep\u00fablica, al actual ministro de Educaci\u00f3n,\u00a0<b>Ricardo Cuenca<\/b>, sic\u00f3logo social, ex director general e investigador principal del Instituto de Estudios Peruanos. Ha sido profesor del Departamento de Educaci\u00f3n de la Universidad Peruana Cayetano Heredia:<\/p>\n<p class=\"\" style=\"text-align: justify;\">El ministro anuncia pr\u00f3ximos acercamientos al\u00a0Congreso\u00a0para avanzar en la agenda de su sector y evitar iniciativas populistas que crispen la relaci\u00f3n entre el nuevo Ejecutivo y el Legislativo.<\/p>\n<div style=\"text-align: justify;\">\u00a0<b>Viene de la academia. \u00bfYa vislumbr\u00f3 el peso de la burocracia? \u00bfC\u00f3mo lo enfrentar\u00eda?<\/b><\/div>\n<p class=\"\" style=\"text-align: justify;\">He encontrado un ministerio muy ordenado. Facilita el proceso de trabajo. Es agobiante porque es un sector muy grande, pero encontrar la situaci\u00f3n ordenada y trabajar sobre eso ayudar\u00e1 a que el paso de la academia a la gesti\u00f3n sea m\u00e1s f\u00e1cil.<\/p>\n<div style=\"text-align: justify;\">\u00a0<b>\u00bfY lo que sucedi\u00f3 con las tablets? Se est\u00e1n entregando cuando casi se cierra el a\u00f1o&#8230;<\/b><\/div>\n<p class=\"\" style=\"text-align: justify;\">Una de las primeras reuniones que tuve fue para evaluar lo que pas\u00f3 con las tablets. Felizmente se est\u00e1 retomando. Hay 60 mil en camino y 10 mil en los colegios. Esperamos hasta diciembre entregarlas todas. Hay que romper con la idea de que este es un a\u00f1o escolar calendario. Hay que mirarlo distinto, por eso hay actividades en enero, febrero, marzo, abril y mayo para compensar carencias. El uso de las tablets ser\u00e1 muy potente en lo que viene. El a\u00f1o se acabar\u00e1 en el otro diciembre.<\/p>\n<p class=\"\" style=\"text-align: justify;\"><b>\u00bfQu\u00e9 \u00e9nfasis le dar\u00e1 a su gesti\u00f3n en el Ministerio?<\/b><\/p>\n<p class=\"\" style=\"text-align: justify;\">El compromiso principal es tener un a\u00f1o escolar seguro y flexible el pr\u00f3ximo (2021) para la educaci\u00f3n b\u00e1sica y la superior. Para eso hay un paquete de experiencias que se han venido haciendo, pero tambi\u00e9n convocando a otros actores que ayuden a pensar este otro sistema. Una de las cuestiones m\u00e1s positivas que ha salido de todo esto es que en el sector educaci\u00f3n es posible trabajar en conjunto.<\/p>\n<p class=\"\" style=\"text-align: justify;\"><b>\u00bfEstuvo en riesgo la reforma universitaria con el gabinete Flores-Ar\u00e1oz?<\/b><\/p>\n<p class=\"\" style=\"text-align: justify;\">Lo ha estado desde el 2014. Hay varios asedios. Hemos tenido en el Congreso anterior y este muchas iniciativas para trasformar la reforma. Es perfectible, pero no debemos retroceder.<\/p>\n<p class=\"\" style=\"text-align: justify;\"><b>\u00bfHubo particular riesgo en el gabinete Flores-Ar\u00e1oz o fue un fantasma de unos sectores?<\/b><\/p>\n<p class=\"\" style=\"text-align: justify;\">Fue un riesgo porque es la misma manera en que se ha ido pensando que deb\u00eda evitarse la reforma. Hay una corriente que piensa que no debe funcionar.<\/p>\n<p class=\"\" style=\"text-align: justify;\"><b>\u00bfEst\u00e1 a salvo esa reforma?<\/b><\/p>\n<p class=\"\" style=\"text-align: justify;\">Por lo menos vamos a defenderla profundamente.<\/p>\n<p class=\"\" style=\"text-align: justify;\"><b>\u00bfQu\u00e9 mejoras le har\u00eda?<\/b><\/p>\n<p class=\"\" style=\"text-align: justify;\">He dicho que necesitamos un Viceministerio de Educaci\u00f3n Superior porque sin ello la reforma se va a caer. Hace semanas, el Ministerio hab\u00eda sometido a consulta p\u00fablica un cambio que incluye esto. Es una continuidad interesante para quienes creemos que esto funcione. Lo otro es una articulaci\u00f3n en el sistema de calidad: fortalecimiento de\u00a0<b>Sunedu\u00a0<\/b>y Sineace. La pr\u00f3xima semana tenemos una reuni\u00f3n.<\/p>\n<p class=\"\" style=\"text-align: justify;\"><b>Se pisaban los pasadores.<\/b><\/p>\n<p class=\"\" style=\"text-align: justify;\">Exacto. Hay que ordenar eso. Es un proceso. Per\u00fa es uno de los pa\u00edses que est\u00e1n dise\u00f1ando de modo m\u00e1s sensato y tranquilo un sistema de aseguramiento de la calidad que se necesita.<\/p>\n<p class=\"\" style=\"text-align: justify;\"><b>\u00bfY qu\u00e9 otras reformas y prioridades hay en su sector?<\/b><\/p>\n<p class=\"\" style=\"text-align: justify;\">Me promet\u00ed no empezar algo nuevo porque no lo acabar\u00edamos. En el inicio de un a\u00f1o escolar flexible y seguro se pueden incluir cosas como una idea clara de c\u00f3mo fortalecer la profesi\u00f3n docente al fortalecer la reforma docente, con programas de capacitaci\u00f3n m\u00e1s adaptados.<\/p>\n<p class=\"\" style=\"text-align: justify;\"><b>\u00bfYa podemos prever c\u00f3mo ser\u00e1 el 2021: presencial, no presencial o quiz\u00e1 mixto?<\/b><\/p>\n<p class=\"\" style=\"text-align: justify;\">La idea inicial es tener la flexibilidad de poder movernos en esas tres modalidades. La decisi\u00f3n no es solo pedag\u00f3gica sino social. Necesitamos tener informaci\u00f3n muy territorializada.\u00a0Esto nos permitir\u00e1 decidir que en algunas zonas haya presencialidad,en otras modalidad mixta o mantener lo virtual.<\/p>\n<p class=\"\" style=\"text-align: justify;\"><b>\u00bfY la infraestructura? Se tienen que lavar las manos y hay colegios que no tienen servicios.<\/b><\/p>\n<p class=\"\" style=\"text-align: justify;\">La pr\u00f3xima semana tendremos absoluta claridad de c\u00f3mo manejaremos tres niveles: dotaci\u00f3n de infraestructura necesaria, paquetes de kits sanitarios para suplir carencias y hacer una iversi\u00f3n en las escuelas.<\/p>\n<p class=\"\" style=\"text-align: justify;\"><b>\u00bfHabr\u00e1 impulso al ideal de 6% de presupuesto en educaci\u00f3n?<\/b><\/p>\n<p class=\"\" style=\"text-align: justify;\">Quisi\u00e9ramos pero tenemos un a\u00f1o duro y la reactivaci\u00f3n es fundamental para gastar. El 6% es bandera pero quiz\u00e1 necesitamos m\u00e1s. No veo tan posible llegar a esa cifra r\u00e1pido, pero no hay que perder el camino a eso.<\/p>\n<p class=\"\" style=\"text-align: justify;\"><b>\u00bfCu\u00e1l ha sido el impacto de la pandemia en el sector en sus aspectos significativos?<\/b><\/p>\n<p class=\"\" style=\"text-align: justify;\">La pandemia ha mostrado la desigualdad. Se alert\u00f3 de que 300 mil j\u00f3venes dejar\u00edan la educaci\u00f3n remota. En el 2019, el abandono era 6 de cada 10. Habr\u00e1 aumento de deserci\u00f3n pero no cambia tanto. Hay colegios privados muy golpeados, sobre todo los de bajo costo. Los estudiantes se han trasladado a la escuela p\u00fablica. Probablemente eso sea m\u00e1s permanente luego.<\/p>\n<p class=\"\" style=\"text-align: justify;\"><b>\u00bfHay posibilidad de apoyo econ\u00f3mico a colegios privados?<\/b><\/p>\n<p class=\"\" style=\"text-align: justify;\">Se discuti\u00f3 el primer semestre y se opt\u00f3 por fortalecer la escuela p\u00fablica: lo que hago es recibir. Creo que hay que seguir fortaleciendo la escuela p\u00fablica.<\/p>\n<p class=\"\" style=\"text-align: justify;\"><b>\u00bfCu\u00e1l ser\u00e1 su relaci\u00f3n con grupos anti enfoque de g\u00e9nero?<\/b><\/p>\n<p class=\"\" style=\"text-align: justify;\">El enfoque de g\u00e9nero es un aspecto de ciudadan\u00eda plena. Con otros actores siempre es posible discutir con argumentos. Mi disposici\u00f3n es permanente a estar en ese di\u00e1logo. La discrepancia no tiene que separarnos.<\/p>\n<p class=\"\" style=\"text-align: justify;\"><b>Ha dicho que el curso de Religi\u00f3n no ayuda al pensamiento cr\u00edtico. \u00bfLo eliminar\u00eda?<\/b><\/p>\n<p class=\"\" style=\"text-align: justify;\">De ninguna manera. Pido disculpas a quienes se han sentido heridos por ese comentario. Era un an\u00e1lisis sobre c\u00f3mo algunos cursos aportaban o no al pensamiento cr\u00edtico. Eso no significa que est\u00e9 en contra de ese curso. No hay peligro ni posibilidad de hacer transformaciones curriculares en pocos meses.<\/p>\n<p class=\"\" style=\"text-align: justify;\"><b>\u00bfC\u00f3mo se relacionar\u00e1 con el Congreso y sus intereses?<\/b><\/p>\n<p class=\"\" style=\"text-align: justify;\">Partiendo de la idea de que es posible establecer di\u00e1logos que nos deben llevar a acuerdos. Tengo la mayor disponibilidad y creo que la comisi\u00f3n del\u00a0<b>Congreso\u00a0<\/b>tambi\u00e9n de reconocer que en esta situaci\u00f3n particular hay que remar hacia un lado. Les plantear\u00e9 lo que deber\u00edamos hacer en esta idea de seguir en las reformas.<\/p>\n<p class=\"\" style=\"text-align: justify;\"><b>\u00bfQu\u00e9 le parece como inicio que la comisi\u00f3n de Educaci\u00f3n apruebe aumentar a 100% la CTS de los maestros?<\/b><\/p>\n<p class=\"\" style=\"text-align: justify;\">Hay que fortalecer la carrera p\u00fablica de los docentes, pero ser realistas. Hacer lo que plantean es cinco veces el presupuesto del sector. Es imposible.<\/p>\n<p class=\"\" style=\"text-align: justify;\"><b>\u00bfC\u00f3mo frenar esa vocaci\u00f3n populista en el Congreso?<\/b><\/p>\n<p class=\"\" style=\"text-align: justify;\">Creo mucho en los argumentos y que si conversamos sobre la base de n\u00fameros podemos buscar alternativas para avanzar en los derechos laborales de los maestros pero de forma realista.<\/p>\n<p><iframe loading=\"lazy\" style=\"border: none; overflow: hidden;\" src=\"https:\/\/www.facebook.com\/plugins\/video.php?href=https%3A%2F%2Fwww.facebook.com%2Flarepublicape%2Fvideos%2F780634522785766%2F&amp;show_text=0&amp;width=560\" width=\"560\" height=\"315\" frameborder=\"0\" scrolling=\"no\" allowfullscreen=\"allowfullscreen\"><\/iframe><\/p>\n<p>Foto: La Rep\u00fablica.<\/p>\n","protected":false},"excerpt":{"rendered":"<p>Compartimos esta entrevista de David Pereda, publicada el domingo 22 de noviembre en el diario La Rep\u00fablica, al actual ministro [&hellip;]<\/p>\n","protected":false},"author":63,"featured_media":27026,"comment_status":"open","ping_status":"open","sticky":false,"template":"","format":"standard","meta":{"spay_email":""},"categories":[125],"tags":[],"yoast_head":"<!-- This site is optimized with the Yoast SEO plugin v18.0 - https:\/\/yoast.com\/wordpress\/plugins\/seo\/ -->\n<title>Ricardo Cuenca: \u201cLe plantear\u00e9 al Congreso di\u00e1logo para seguir en las reformas&quot; - Red Peruana de Gestores de la Educaci\u00f3n<\/title>\n<meta name=\"robots\" content=\"index, follow, max-snippet:-1, max-image-preview:large, max-video-preview:-1\" \/>\n<link rel=\"canonical\" href=\"https:\/\/www.edugestores.pe\/?p=27025\" \/>\n<meta property=\"og:locale\" content=\"es_ES\" \/>\n<meta property=\"og:type\" content=\"article\" \/>\n<meta property=\"og:title\" content=\"Ricardo Cuenca: \u201cLe plantear\u00e9 al Congreso di\u00e1logo para seguir en las reformas&quot; - Red Peruana de Gestores de la Educaci\u00f3n\" \/>\n<meta property=\"og:description\" content=\"Compartimos esta entrevista de David Pereda, publicada el domingo 22 de noviembre en el diario La Rep\u00fablica, al actual ministro [&hellip;]\" \/>\n<meta property=\"og:url\" content=\"https:\/\/www.edugestores.pe\/?p=27025\" \/>\n<meta property=\"og:site_name\" content=\"Red Peruana de Gestores de la Educaci\u00f3n\" \/>\n<meta property=\"article:published_time\" content=\"2020-11-23T13:41:36+00:00\" \/>\n<meta property=\"article:modified_time\" content=\"2020-11-30T19:36:29+00:00\" \/>\n<meta property=\"og:image\" content=\"https:\/\/www.edugestores.pe\/wp-content\/uploads\/2020\/11\/7W2YCH7C7RGMNBTTHNGJRBIKTY.jpg\" \/>\n\t<meta property=\"og:image:width\" content=\"1250\" \/>\n\t<meta property=\"og:image:height\" content=\"735\" \/>\n\t<meta property=\"og:image:type\" content=\"image\/jpeg\" \/>\n<meta name=\"twitter:card\" content=\"summary_large_image\" \/>\n<meta name=\"twitter:label1\" content=\"Escrito por\" \/>\n\t<meta name=\"twitter:data1\" content=\"Administrador\" \/>\n\t<meta name=\"twitter:label2\" content=\"Tiempo de lectura\" \/>\n\t<meta name=\"twitter:data2\" content=\"6 minutos\" \/>\n<script type=\"application\/ld+json\" class=\"yoast-schema-graph\">{\"@context\":\"https:\/\/schema.org\",\"@graph\":[{\"@type\":\"WebSite\",\"@id\":\"https:\/\/www.edugestores.pe\/#website\",\"url\":\"https:\/\/www.edugestores.pe\/\",\"name\":\"Red Peruana de Gestores de la Educaci\u00f3n\",\"description\":\"Red Peruana de Gestores de la Educaci\u00f3n\",\"potentialAction\":[{\"@type\":\"SearchAction\",\"target\":{\"@type\":\"EntryPoint\",\"urlTemplate\":\"https:\/\/www.edugestores.pe\/?s={search_term_string}\"},\"query-input\":\"required name=search_term_string\"}],\"inLanguage\":\"es\"},{\"@type\":\"ImageObject\",\"@id\":\"https:\/\/www.edugestores.pe\/?p=27025#primaryimage\",\"inLanguage\":\"es\",\"url\":\"https:\/\/www.edugestores.pe\/wp-content\/uploads\/2020\/11\/7W2YCH7C7RGMNBTTHNGJRBIKTY.jpg\",\"contentUrl\":\"https:\/\/www.edugestores.pe\/wp-content\/uploads\/2020\/11\/7W2YCH7C7RGMNBTTHNGJRBIKTY.jpg\",\"width\":1250,\"height\":735},{\"@type\":\"WebPage\",\"@id\":\"https:\/\/www.edugestores.pe\/?p=27025#webpage\",\"url\":\"https:\/\/www.edugestores.pe\/?p=27025\",\"name\":\"Ricardo Cuenca: \u201cLe plantear\u00e9 al Congreso di\u00e1logo para seguir en las reformas\\\" - Red Peruana de Gestores de la Educaci\u00f3n\",\"isPartOf\":{\"@id\":\"https:\/\/www.edugestores.pe\/#website\"},\"primaryImageOfPage\":{\"@id\":\"https:\/\/www.edugestores.pe\/?p=27025#primaryimage\"},\"datePublished\":\"2020-11-23T13:41:36+00:00\",\"dateModified\":\"2020-11-30T19:36:29+00:00\",\"author\":{\"@id\":\"https:\/\/www.edugestores.pe\/#\/schema\/person\/30dc82f35f5853289037a64b35c7c7d3\"},\"breadcrumb\":{\"@id\":\"https:\/\/www.edugestores.pe\/?p=27025#breadcrumb\"},\"inLanguage\":\"es\",\"potentialAction\":[{\"@type\":\"ReadAction\",\"target\":[\"https:\/\/www.edugestores.pe\/?p=27025\"]}]},{\"@type\":\"BreadcrumbList\",\"@id\":\"https:\/\/www.edugestores.pe\/?p=27025#breadcrumb\",\"itemListElement\":[{\"@type\":\"ListItem\",\"position\":1,\"name\":\"Portada\",\"item\":\"https:\/\/www.edugestores.pe\/\"},{\"@type\":\"ListItem\",\"position\":2,\"name\":\"Ricardo Cuenca: \u201cLe plantear\u00e9 al Congreso di\u00e1logo para seguir en las reformas\u00bb\"}]},{\"@type\":\"Person\",\"@id\":\"https:\/\/www.edugestores.pe\/#\/schema\/person\/30dc82f35f5853289037a64b35c7c7d3\",\"name\":\"Administrador\",\"image\":{\"@type\":\"ImageObject\",\"@id\":\"https:\/\/www.edugestores.pe\/#personlogo\",\"inLanguage\":\"es\",\"url\":\"https:\/\/secure.gravatar.com\/avatar\/70960d1239c4d2c778bb3d2786a3c1ae?s=96&d=mm&r=g\",\"contentUrl\":\"https:\/\/secure.gravatar.com\/avatar\/70960d1239c4d2c778bb3d2786a3c1ae?s=96&d=mm&r=g\",\"caption\":\"Administrador\"},\"url\":\"https:\/\/www.edugestores.pe\/?author=63\"}]}<\/script>\n<!-- \/ Yoast SEO plugin. -->","yoast_head_json":{"title":"Ricardo Cuenca: \u201cLe plantear\u00e9 al Congreso di\u00e1logo para seguir en las reformas\" - Red Peruana de Gestores de la Educaci\u00f3n","robots":{"index":"index","follow":"follow","max-snippet":"max-snippet:-1","max-image-preview":"max-image-preview:large","max-video-preview":"max-video-preview:-1"},"canonical":"https:\/\/www.edugestores.pe\/?p=27025","og_locale":"es_ES","og_type":"article","og_title":"Ricardo Cuenca: \u201cLe plantear\u00e9 al Congreso di\u00e1logo para seguir en las reformas\" - Red Peruana de Gestores de la Educaci\u00f3n","og_description":"Compartimos esta entrevista de David Pereda, publicada el domingo 22 de noviembre en el diario La Rep\u00fablica, al actual ministro [&hellip;]","og_url":"https:\/\/www.edugestores.pe\/?p=27025","og_site_name":"Red Peruana de Gestores de la Educaci\u00f3n","article_published_time":"2020-11-23T13:41:36+00:00","article_modified_time":"2020-11-30T19:36:29+00:00","og_image":[{"width":1250,"height":735,"url":"https:\/\/www.edugestores.pe\/wp-content\/uploads\/2020\/11\/7W2YCH7C7RGMNBTTHNGJRBIKTY.jpg","type":"image\/jpeg"}],"twitter_card":"summary_large_image","twitter_misc":{"Escrito por":"Administrador","Tiempo de lectura":"6 minutos"},"schema":{"@context":"https:\/\/schema.org","@graph":[{"@type":"WebSite","@id":"https:\/\/www.edugestores.pe\/#website","url":"https:\/\/www.edugestores.pe\/","name":"Red Peruana de Gestores de la Educaci\u00f3n","description":"Red Peruana de Gestores de la Educaci\u00f3n","potentialAction":[{"@type":"SearchAction","target":{"@type":"EntryPoint","urlTemplate":"https:\/\/www.edugestores.pe\/?s={search_term_string}"},"query-input":"required name=search_term_string"}],"inLanguage":"es"},{"@type":"ImageObject","@id":"https:\/\/www.edugestores.pe\/?p=27025#primaryimage","inLanguage":"es","url":"https:\/\/www.edugestores.pe\/wp-content\/uploads\/2020\/11\/7W2YCH7C7RGMNBTTHNGJRBIKTY.jpg","contentUrl":"https:\/\/www.edugestores.pe\/wp-content\/uploads\/2020\/11\/7W2YCH7C7RGMNBTTHNGJRBIKTY.jpg","width":1250,"height":735},{"@type":"WebPage","@id":"https:\/\/www.edugestores.pe\/?p=27025#webpage","url":"https:\/\/www.edugestores.pe\/?p=27025","name":"Ricardo Cuenca: \u201cLe plantear\u00e9 al Congreso di\u00e1logo para seguir en las reformas\" - Red Peruana de Gestores de la Educaci\u00f3n","isPartOf":{"@id":"https:\/\/www.edugestores.pe\/#website"},"primaryImageOfPage":{"@id":"https:\/\/www.edugestores.pe\/?p=27025#primaryimage"},"datePublished":"2020-11-23T13:41:36+00:00","dateModified":"2020-11-30T19:36:29+00:00","author":{"@id":"https:\/\/www.edugestores.pe\/#\/schema\/person\/30dc82f35f5853289037a64b35c7c7d3"},"breadcrumb":{"@id":"https:\/\/www.edugestores.pe\/?p=27025#breadcrumb"},"inLanguage":"es","potentialAction":[{"@type":"ReadAction","target":["https:\/\/www.edugestores.pe\/?p=27025"]}]},{"@type":"BreadcrumbList","@id":"https:\/\/www.edugestores.pe\/?p=27025#breadcrumb","itemListElement":[{"@type":"ListItem","position":1,"name":"Portada","item":"https:\/\/www.edugestores.pe\/"},{"@type":"ListItem","position":2,"name":"Ricardo Cuenca: \u201cLe plantear\u00e9 al Congreso di\u00e1logo para seguir en las reformas\u00bb"}]},{"@type":"Person","@id":"https:\/\/www.edugestores.pe\/#\/schema\/person\/30dc82f35f5853289037a64b35c7c7d3","name":"Administrador","image":{"@type":"ImageObject","@id":"https:\/\/www.edugestores.pe\/#personlogo","inLanguage":"es","url":"https:\/\/secure.gravatar.com\/avatar\/70960d1239c4d2c778bb3d2786a3c1ae?s=96&d=mm&r=g","contentUrl":"https:\/\/secure.gravatar.com\/avatar\/70960d1239c4d2c778bb3d2786a3c1ae?s=96&d=mm&r=g","caption":"Administrador"},"url":"https:\/\/www.edugestores.pe\/?author=63"}]}},"jetpack_featured_media_url":"https:\/\/www.edugestores.pe\/wp-content\/uploads\/2020\/11\/7W2YCH7C7RGMNBTTHNGJRBIKTY.jpg","_links":{"self":[{"href":"https:\/\/www.edugestores.pe\/index.php?rest_route=\/wp\/v2\/posts\/27025"}],"collection":[{"href":"https:\/\/www.edugestores.pe\/index.php?rest_route=\/wp\/v2\/posts"}],"about":[{"href":"https:\/\/www.edugestores.pe\/index.php?rest_route=\/wp\/v2\/types\/post"}],"author":[{"embeddable":true,"href":"https:\/\/www.edugestores.pe\/index.php?rest_route=\/wp\/v2\/users\/63"}],"replies":[{"embeddable":true,"href":"https:\/\/www.edugestores.pe\/index.php?rest_route=%2Fwp%2Fv2%2Fcomments&post=27025"}],"version-history":[{"count":1,"href":"https:\/\/www.edugestores.pe\/index.php?rest_route=\/wp\/v2\/posts\/27025\/revisions"}],"predecessor-version":[{"id":27027,"href":"https:\/\/www.edugestores.pe\/index.php?rest_route=\/wp\/v2\/posts\/27025\/revisions\/27027"}],"wp:featuredmedia":[{"embeddable":true,"href":"https:\/\/www.edugestores.pe\/index.php?rest_route=\/wp\/v2\/media\/27026"}],"wp:attachment":[{"href":"https:\/\/www.edugestores.pe\/index.php?rest_route=%2Fwp%2Fv2%2Fmedia&parent=27025"}],"wp:term":[{"taxonomy":"category","embeddable":true,"href":"https:\/\/www.edugestores.pe\/index.php?rest_route=%2Fwp%2Fv2%2Fcategories&post=27025"},{"taxonomy":"post_tag","embeddable":true,"href":"https:\/\/www.edugestores.pe\/index.php?rest_route=%2Fwp%2Fv2%2Ftags&post=27025"}],"curies":[{"name":"wp","href":"https:\/\/api.w.org\/{rel}","templated":true}]}}