{"id":27031,"date":"2020-11-24T16:38:06","date_gmt":"2020-11-24T21:38:06","guid":{"rendered":"https:\/\/www.edugestores.pe\/?p=27031"},"modified":"2020-11-24T16:38:06","modified_gmt":"2020-11-24T21:38:06","slug":"sineace-resaltan-formacion-de-competencias-enfocada-en-las-necesidades-del-entorno","status":"publish","type":"post","link":"https:\/\/www.edugestores.pe\/?p=27031","title":{"rendered":"Sineace: Resaltan formaci\u00f3n de competencias enfocada en las necesidades del entorno"},"content":{"rendered":"<p style=\"font-weight: 400; text-align: justify;\">La formaci\u00f3n de competencias enfocada en las necesidades del entorno permite alcanzar aprendizajes significativos y dinamizar las econom\u00edas locales. Esa fue una de las conclusiones de la\u00a0<strong>mesa tem\u00e1tica \u201cFormaci\u00f3n Basada en Competencias a Distancia\u201d,\u00a0<\/strong>organizada por el\u00a0<strong>Sistema Nacional de Evaluaci\u00f3n, Acreditaci\u00f3n y Certificaci\u00f3n de la Calidad Educativa (Sineace).<\/strong><\/p>\n<p style=\"font-weight: 400; text-align: justify;\">En la segunda jornada de la\u00a0<strong>Feria Virtual \u201cLa Certificaci\u00f3n de Competencias: Nuevos Retos, Nuevos Enfoques\u201d,\u00a0<\/strong>tambi\u00e9n se concluy\u00f3 que la formaci\u00f3n debe responder a los sectores productivos, con el objetivo de garantizar la empleabilidad de los j\u00f3venes, y, para ello, es importante la participaci\u00f3n de los distintos sectores en la construcci\u00f3n de competencias que requieren.<\/p>\n<p style=\"font-weight: 400; text-align: justify;\">Al respecto, la directora del\u00a0<strong>Proyecto Formagro, \u00c9milie Lemieux<\/strong>, quien present\u00f3 la experiencia sobre sostenibilidad y transformaci\u00f3n en entornos digitales, explic\u00f3 que la propuesta educativa del proyecto considera un\u00a0ecosistema emprendedor, en donde los alumnos desarrollan competencias y trabajan seg\u00fan las necesidades de su regi\u00f3n. Es por ello que refuerzan conocimientos y habilidades a trav\u00e9s de talleres de negocio.<\/p>\n<p style=\"font-weight: 400; text-align: justify;\">El proyecto Formagro brinda 17 m\u00f3dulos de formaci\u00f3n en producci\u00f3n agropecuaria, transformaci\u00f3n de productos, gesti\u00f3n de emprendimiento sostenibles, as\u00ed como cursos de extensi\u00f3n, los cuales han sido adaptados al formato virtual. &#8220;En esta idea de mantener los negocios de nuestros alumnos, optamos por ayudarlos a digitalizar sus negocios, para que su labor no se detenga&#8221;, coment\u00f3.<\/p>\n<p style=\"font-weight: 400; text-align: justify;\">Por su parte, el director del<strong>\u00a0IESTP V\u00edctor \u00c1lvarez Huapaya, Iv\u00e1n Arenas Terrel,\u00a0<\/strong>sostuvo que la pandemia representa un conjunto de oportunidades para\u00a0establecer nuevas estrategias y cambios aplicando la tecnolog\u00eda a la educaci\u00f3n. Sin embargo, consider\u00f3 que a\u00fan existe desconfianza en la educaci\u00f3n virtual, por eso, una de las prioridades fue capacitar a los estudiantes y los docentes para motivar la digitalizaci\u00f3n e innovaci\u00f3n.<\/p>\n<p style=\"font-weight: 400; text-align: justify;\">&#8220;Se elaboraron estrategias teniendo en cuenta que no todos los alumnos tienen acceso a internet. Por ello, trabajamos con los municipios para facilitar su acceso y ayudarlos a seguir estudiando. Hemos trabajado para que nuestros estudiantes conf\u00eden en este sistema digital. Eso ha mostrado buenos resultados, con menores tasas de deserci\u00f3n y mayor compromiso familiar y de los docentes&#8221;, se\u00f1al\u00f3.<\/p>\n<p style=\"font-weight: 400;\">Asimismo,\u00a0el director general de\u00a0<strong>Educaci\u00f3n T\u00e9cnico-Productiva y Superior Tecnol\u00f3gica y Art\u00edstica (Digesutpa)\u00a0<\/strong>del<strong>\u00a0Ministerio de Educaci\u00f3n (Minedu)<\/strong>, Cristhian Pacheco Castillo, coment\u00f3 que se viene trabajando en un Marco Nacional de Cualificaciones (MNC), el cual \u201cestablece un conjunto de cualificaciones, presentadas de forma ordenada por niveles de complejidad. Tiene el fin de fomentar procesos de certificaci\u00f3n, convalidaci\u00f3n y reconocimiento de los conocimientos de las personas&#8221;.<\/p>\n<p style=\"font-weight: 400;\">Dijo que este marco involucra a muchos sectores como los Gobiernos regionales, a quienes se les ha solicitado que\u00a0determinen la oferta y la demanda de sus jurisdicciones, as\u00ed como informaci\u00f3n vital para el desarrollo del MNC. &#8220;El Marco Nacional de Cualificaciones tendr\u00e1 un impacto importante para el pa\u00eds. Por ello esperamos que esta labor contin\u00fae y siga involucrando a diversos sectores de todo el Per\u00fa&#8221;, refiri\u00f3.<\/p>\n<p style=\"font-weight: 400;\">Nota de prensa y foto: Sineace<\/p>\n","protected":false},"excerpt":{"rendered":"<p>La formaci\u00f3n de competencias enfocada en las necesidades del entorno permite alcanzar aprendizajes significativos y dinamizar las econom\u00edas locales. Esa [&hellip;]<\/p>\n","protected":false},"author":63,"featured_media":27032,"comment_status":"open","ping_status":"open","sticky":false,"template":"","format":"standard","meta":{"spay_email":""},"categories":[125,1413],"tags":[],"yoast_head":"<!-- This site is optimized with the Yoast SEO plugin v18.0 - https:\/\/yoast.com\/wordpress\/plugins\/seo\/ -->\n<title>Sineace: Resaltan formaci\u00f3n de competencias enfocada en las necesidades del entorno - Red Peruana de Gestores de la Educaci\u00f3n<\/title>\n<meta name=\"robots\" content=\"index, follow, max-snippet:-1, max-image-preview:large, max-video-preview:-1\" \/>\n<link rel=\"canonical\" href=\"https:\/\/www.edugestores.pe\/?p=27031\" \/>\n<meta property=\"og:locale\" content=\"es_ES\" \/>\n<meta property=\"og:type\" content=\"article\" \/>\n<meta property=\"og:title\" content=\"Sineace: Resaltan formaci\u00f3n de competencias enfocada en las necesidades del entorno - Red Peruana de Gestores de la Educaci\u00f3n\" \/>\n<meta property=\"og:description\" content=\"La formaci\u00f3n de competencias enfocada en las necesidades del entorno permite alcanzar aprendizajes significativos y dinamizar las econom\u00edas locales. Esa [&hellip;]\" \/>\n<meta property=\"og:url\" content=\"https:\/\/www.edugestores.pe\/?p=27031\" \/>\n<meta property=\"og:site_name\" content=\"Red Peruana de Gestores de la Educaci\u00f3n\" \/>\n<meta property=\"article:published_time\" content=\"2020-11-24T21:38:06+00:00\" \/>\n<meta property=\"og:image\" content=\"https:\/\/www.edugestores.pe\/wp-content\/uploads\/2020\/11\/standard_snc-2020-sineace-minedu-educaci\u00f3n-competencias-formagro-instituto.png.png\" \/>\n\t<meta property=\"og:image:width\" content=\"645\" \/>\n\t<meta property=\"og:image:height\" content=\"363\" \/>\n\t<meta property=\"og:image:type\" content=\"image\/png\" \/>\n<meta name=\"twitter:card\" content=\"summary_large_image\" \/>\n<meta name=\"twitter:label1\" content=\"Escrito por\" \/>\n\t<meta name=\"twitter:data1\" content=\"Administrador\" \/>\n\t<meta name=\"twitter:label2\" content=\"Tiempo de lectura\" \/>\n\t<meta name=\"twitter:data2\" content=\"3 minutos\" \/>\n<script type=\"application\/ld+json\" class=\"yoast-schema-graph\">{\"@context\":\"https:\/\/schema.org\",\"@graph\":[{\"@type\":\"WebSite\",\"@id\":\"https:\/\/www.edugestores.pe\/#website\",\"url\":\"https:\/\/www.edugestores.pe\/\",\"name\":\"Red Peruana de Gestores de la Educaci\u00f3n\",\"description\":\"Red Peruana de Gestores de la Educaci\u00f3n\",\"potentialAction\":[{\"@type\":\"SearchAction\",\"target\":{\"@type\":\"EntryPoint\",\"urlTemplate\":\"https:\/\/www.edugestores.pe\/?s={search_term_string}\"},\"query-input\":\"required name=search_term_string\"}],\"inLanguage\":\"es\"},{\"@type\":\"ImageObject\",\"@id\":\"https:\/\/www.edugestores.pe\/?p=27031#primaryimage\",\"inLanguage\":\"es\",\"url\":\"https:\/\/www.edugestores.pe\/wp-content\/uploads\/2020\/11\/standard_snc-2020-sineace-minedu-educaci\u00f3n-competencias-formagro-instituto.png.png\",\"contentUrl\":\"https:\/\/www.edugestores.pe\/wp-content\/uploads\/2020\/11\/standard_snc-2020-sineace-minedu-educaci\u00f3n-competencias-formagro-instituto.png.png\",\"width\":645,\"height\":363},{\"@type\":\"WebPage\",\"@id\":\"https:\/\/www.edugestores.pe\/?p=27031#webpage\",\"url\":\"https:\/\/www.edugestores.pe\/?p=27031\",\"name\":\"Sineace: Resaltan formaci\u00f3n de competencias enfocada en las necesidades del entorno - Red Peruana de Gestores de la Educaci\u00f3n\",\"isPartOf\":{\"@id\":\"https:\/\/www.edugestores.pe\/#website\"},\"primaryImageOfPage\":{\"@id\":\"https:\/\/www.edugestores.pe\/?p=27031#primaryimage\"},\"datePublished\":\"2020-11-24T21:38:06+00:00\",\"dateModified\":\"2020-11-24T21:38:06+00:00\",\"author\":{\"@id\":\"https:\/\/www.edugestores.pe\/#\/schema\/person\/30dc82f35f5853289037a64b35c7c7d3\"},\"breadcrumb\":{\"@id\":\"https:\/\/www.edugestores.pe\/?p=27031#breadcrumb\"},\"inLanguage\":\"es\",\"potentialAction\":[{\"@type\":\"ReadAction\",\"target\":[\"https:\/\/www.edugestores.pe\/?p=27031\"]}]},{\"@type\":\"BreadcrumbList\",\"@id\":\"https:\/\/www.edugestores.pe\/?p=27031#breadcrumb\",\"itemListElement\":[{\"@type\":\"ListItem\",\"position\":1,\"name\":\"Portada\",\"item\":\"https:\/\/www.edugestores.pe\/\"},{\"@type\":\"ListItem\",\"position\":2,\"name\":\"Sineace: Resaltan formaci\u00f3n de competencias enfocada en las necesidades del entorno\"}]},{\"@type\":\"Person\",\"@id\":\"https:\/\/www.edugestores.pe\/#\/schema\/person\/30dc82f35f5853289037a64b35c7c7d3\",\"name\":\"Administrador\",\"image\":{\"@type\":\"ImageObject\",\"@id\":\"https:\/\/www.edugestores.pe\/#personlogo\",\"inLanguage\":\"es\",\"url\":\"https:\/\/secure.gravatar.com\/avatar\/70960d1239c4d2c778bb3d2786a3c1ae?s=96&d=mm&r=g\",\"contentUrl\":\"https:\/\/secure.gravatar.com\/avatar\/70960d1239c4d2c778bb3d2786a3c1ae?s=96&d=mm&r=g\",\"caption\":\"Administrador\"},\"url\":\"https:\/\/www.edugestores.pe\/?author=63\"}]}<\/script>\n<!-- \/ Yoast SEO plugin. -->","yoast_head_json":{"title":"Sineace: Resaltan formaci\u00f3n de competencias enfocada en las necesidades del entorno - Red Peruana de Gestores de la Educaci\u00f3n","robots":{"index":"index","follow":"follow","max-snippet":"max-snippet:-1","max-image-preview":"max-image-preview:large","max-video-preview":"max-video-preview:-1"},"canonical":"https:\/\/www.edugestores.pe\/?p=27031","og_locale":"es_ES","og_type":"article","og_title":"Sineace: Resaltan formaci\u00f3n de competencias enfocada en las necesidades del entorno - Red Peruana de Gestores de la Educaci\u00f3n","og_description":"La formaci\u00f3n de competencias enfocada en las necesidades del entorno permite alcanzar aprendizajes significativos y dinamizar las econom\u00edas locales. Esa [&hellip;]","og_url":"https:\/\/www.edugestores.pe\/?p=27031","og_site_name":"Red Peruana de Gestores de la Educaci\u00f3n","article_published_time":"2020-11-24T21:38:06+00:00","og_image":[{"width":645,"height":363,"url":"https:\/\/www.edugestores.pe\/wp-content\/uploads\/2020\/11\/standard_snc-2020-sineace-minedu-educaci\u00f3n-competencias-formagro-instituto.png.png","type":"image\/png"}],"twitter_card":"summary_large_image","twitter_misc":{"Escrito por":"Administrador","Tiempo de lectura":"3 minutos"},"schema":{"@context":"https:\/\/schema.org","@graph":[{"@type":"WebSite","@id":"https:\/\/www.edugestores.pe\/#website","url":"https:\/\/www.edugestores.pe\/","name":"Red Peruana de Gestores de la Educaci\u00f3n","description":"Red Peruana de Gestores de la Educaci\u00f3n","potentialAction":[{"@type":"SearchAction","target":{"@type":"EntryPoint","urlTemplate":"https:\/\/www.edugestores.pe\/?s={search_term_string}"},"query-input":"required name=search_term_string"}],"inLanguage":"es"},{"@type":"ImageObject","@id":"https:\/\/www.edugestores.pe\/?p=27031#primaryimage","inLanguage":"es","url":"https:\/\/www.edugestores.pe\/wp-content\/uploads\/2020\/11\/standard_snc-2020-sineace-minedu-educaci\u00f3n-competencias-formagro-instituto.png.png","contentUrl":"https:\/\/www.edugestores.pe\/wp-content\/uploads\/2020\/11\/standard_snc-2020-sineace-minedu-educaci\u00f3n-competencias-formagro-instituto.png.png","width":645,"height":363},{"@type":"WebPage","@id":"https:\/\/www.edugestores.pe\/?p=27031#webpage","url":"https:\/\/www.edugestores.pe\/?p=27031","name":"Sineace: Resaltan formaci\u00f3n de competencias enfocada en las necesidades del entorno - Red Peruana de Gestores de la Educaci\u00f3n","isPartOf":{"@id":"https:\/\/www.edugestores.pe\/#website"},"primaryImageOfPage":{"@id":"https:\/\/www.edugestores.pe\/?p=27031#primaryimage"},"datePublished":"2020-11-24T21:38:06+00:00","dateModified":"2020-11-24T21:38:06+00:00","author":{"@id":"https:\/\/www.edugestores.pe\/#\/schema\/person\/30dc82f35f5853289037a64b35c7c7d3"},"breadcrumb":{"@id":"https:\/\/www.edugestores.pe\/?p=27031#breadcrumb"},"inLanguage":"es","potentialAction":[{"@type":"ReadAction","target":["https:\/\/www.edugestores.pe\/?p=27031"]}]},{"@type":"BreadcrumbList","@id":"https:\/\/www.edugestores.pe\/?p=27031#breadcrumb","itemListElement":[{"@type":"ListItem","position":1,"name":"Portada","item":"https:\/\/www.edugestores.pe\/"},{"@type":"ListItem","position":2,"name":"Sineace: Resaltan formaci\u00f3n de competencias enfocada en las necesidades del entorno"}]},{"@type":"Person","@id":"https:\/\/www.edugestores.pe\/#\/schema\/person\/30dc82f35f5853289037a64b35c7c7d3","name":"Administrador","image":{"@type":"ImageObject","@id":"https:\/\/www.edugestores.pe\/#personlogo","inLanguage":"es","url":"https:\/\/secure.gravatar.com\/avatar\/70960d1239c4d2c778bb3d2786a3c1ae?s=96&d=mm&r=g","contentUrl":"https:\/\/secure.gravatar.com\/avatar\/70960d1239c4d2c778bb3d2786a3c1ae?s=96&d=mm&r=g","caption":"Administrador"},"url":"https:\/\/www.edugestores.pe\/?author=63"}]}},"jetpack_featured_media_url":"https:\/\/www.edugestores.pe\/wp-content\/uploads\/2020\/11\/standard_snc-2020-sineace-minedu-educaci\u00f3n-competencias-formagro-instituto.png.png","_links":{"self":[{"href":"https:\/\/www.edugestores.pe\/index.php?rest_route=\/wp\/v2\/posts\/27031"}],"collection":[{"href":"https:\/\/www.edugestores.pe\/index.php?rest_route=\/wp\/v2\/posts"}],"about":[{"href":"https:\/\/www.edugestores.pe\/index.php?rest_route=\/wp\/v2\/types\/post"}],"author":[{"embeddable":true,"href":"https:\/\/www.edugestores.pe\/index.php?rest_route=\/wp\/v2\/users\/63"}],"replies":[{"embeddable":true,"href":"https:\/\/www.edugestores.pe\/index.php?rest_route=%2Fwp%2Fv2%2Fcomments&post=27031"}],"version-history":[{"count":1,"href":"https:\/\/www.edugestores.pe\/index.php?rest_route=\/wp\/v2\/posts\/27031\/revisions"}],"predecessor-version":[{"id":27033,"href":"https:\/\/www.edugestores.pe\/index.php?rest_route=\/wp\/v2\/posts\/27031\/revisions\/27033"}],"wp:featuredmedia":[{"embeddable":true,"href":"https:\/\/www.edugestores.pe\/index.php?rest_route=\/wp\/v2\/media\/27032"}],"wp:attachment":[{"href":"https:\/\/www.edugestores.pe\/index.php?rest_route=%2Fwp%2Fv2%2Fmedia&parent=27031"}],"wp:term":[{"taxonomy":"category","embeddable":true,"href":"https:\/\/www.edugestores.pe\/index.php?rest_route=%2Fwp%2Fv2%2Fcategories&post=27031"},{"taxonomy":"post_tag","embeddable":true,"href":"https:\/\/www.edugestores.pe\/index.php?rest_route=%2Fwp%2Fv2%2Ftags&post=27031"}],"curies":[{"name":"wp","href":"https:\/\/api.w.org\/{rel}","templated":true}]}}