{"id":27375,"date":"2021-03-25T13:56:42","date_gmt":"2021-03-25T18:56:42","guid":{"rendered":"https:\/\/www.edugestores.pe\/?p=27375"},"modified":"2021-05-07T12:07:49","modified_gmt":"2021-05-07T17:07:49","slug":"se-realizo-en-v-encuentro-nacional-de-gestores-de-la-educacion","status":"publish","type":"post","link":"https:\/\/www.edugestores.pe\/?p=27375","title":{"rendered":"Se realiz\u00f3 en V Encuentro Nacional de Gestores de la Educaci\u00f3n"},"content":{"rendered":"<p style=\"text-align: justify;\">Los d\u00edas 18 y 19 de marzo de 2021, se realiz\u00f3 el V Encuentro Nacional de Gestores de la Educaci\u00f3n, denominado &#8220;Desaf\u00edos de la pandemia a la gesti\u00f3n descentralizada de la educaci\u00f3n y a la sostenibilidad de edugestores&#8221;, que cont\u00f3 con la participaci\u00f3n de m\u00e1s de treinta gestores de DRE y UGEL quienes participan activamente en las redes de interacci\u00f3n interna de la red, tanto de Lima como de regiones. El objetivo del encuentro se plante\u00f3 a trav\u00e9s de algunas interrogantes: \u00bfc\u00f3mo Edugestores replantea sus roles, responsabilidades o acciones ante el contexto actual? \u00bf Qu\u00e9 desaf\u00edos tenemos para ser sostenibles en el tiempo desde el contexto de la pandemia?<\/p>\n<p style=\"text-align: justify;\">En la sesi\u00f3n de apertura, Rafael Egusquiza,\u00a0director del Instituto de Investigaci\u00f3n y Pol\u00edticas Educativas (IIPE) de la Universidad Antonio Ruiz de Montoya, indic\u00f3 que &#8220;este encuentro se trata de una posibilidad de reflexi\u00f3n y di\u00e1logo,\u00a0para identificar desaf\u00edos compartidos en esta reuni\u00f3n, que adem\u00e1s forman parte de un proceso en un contexto de cambio. Afirmamos la apuesta por la descentralizaci\u00f3n del servicio educativo, y\u00a0donde es importante dialogar y aportar desde Edugestores para generar acciones en los pr\u00f3ximos meses&#8221;.<\/p>\n<p style=\"text-align: justify;\">Por su parte, Jaime M\u00e1rquez, coordinador nacional de Edugestores, indic\u00f3 que se trata de un espacio para poner en di\u00e1logo nuestras agendas, desaf\u00edos pero tambi\u00e9n diferencias. &#8220;Este V encuentro debe afirmar la misma l\u00ednea de los \u00faltimos a\u00f1os para compartir sobre todo experiencias y aprendizajes. Esta es una edici\u00f3n virtual del encuentro, y que en el marco de la pandemia, trae tambi\u00e9n muchas lecciones aprendidas para enfrentar situaciones graves que vive el pa\u00eds. Tiempos de oportunidades y de valiosas experiencias de aprendizajes y de resistencia. En regiones se han hecho cosas muy importantes, que se han visibilizado a trav\u00e9s de las buenas pr\u00e1cticas, as\u00ed como estrategias innovadoras, que ayudaron a aprender de los dem\u00e1s desde sus gestiones&#8221;.<\/p>\n<p style=\"text-align: justify;\">En la primera fecha se realiz\u00f3 un panel de exposici\u00f3n\u00a0sobre avances y retrasos de la gesti\u00f3n descentralizada de la educaci\u00f3n en algunas DRE del pa\u00eds, desde una perspectiva territorial. Participaron Jos\u00e9 Alarc\u00f3n, director regional de Educaci\u00f3n de Cajamarca, Edith Anahua, directora Regional de Educaci\u00f3n de Lima Metropolitana, Wilber G\u00f3mez, director de Gesti\u00f3n Pedag\u00f3gica de la GRE de Arequipa, y Juana Tello, directora regional de Educaci\u00f3n de Ucayali. Las exposiciones dieron un marco para responder sobre los desaf\u00edos para la sostenibilidad de Edugestores. Los\u00a0miembros de Edugestores Mar\u00eda Amelia Palacios, miembro del Consejo Nacional de Educaci\u00f3n y Jos\u00e9 Carlos Vera, de la Direcci\u00f3n General de Gesti\u00f3n Descentralizada del Minedu, brindaron comentarios de estas exposiciones.<\/p>\n<p style=\"text-align: justify;\">En la segunda fecha, denominada \u201cLa comunidad de Edugestores en un contexto de cambios\u201d dos panelistas expusieron sobre\u00a0\u00bfQu\u00e9 cambios en el sistema educativo y qu\u00e9 nuevas perspectivas enfrentar\u00e1 la comunidad de Edugestores en los pr\u00f3ximos a\u00f1os?: Mart\u00edn Vegas (Proyecto Horizontes, UNESCO) y Jaime Montes (Proyecto Ser Maestro).<\/p>\n<p style=\"text-align: justify;\">Luego, se realiz\u00f3 trabajo de grupos sobre los siguientes temas: Desarrollo de una agenda tem\u00e1tica, Producci\u00f3n y gesti\u00f3n del conocimiento, Incidencia en pol\u00edticas educativas y Organizaci\u00f3n en redes y articulaci\u00f3n con otros actores.\u00a0Los grupos presentaron sus trabajos en plenario, sobre compromisos y acciones, as\u00ed como la posibilidad de otras intervenciones complementarias.<\/p>\n<p style=\"text-align: justify;\">Pronto estaremos publicando una ayuda memoria de este encuentro anual. Pueden acceder a las <a href=\"https:\/\/www.edugestores.pe\/docs\/\">exposiciones en la biblioteca virtual<\/a> o en <a href=\"https:\/\/drive.google.com\/drive\/folders\/1Ks9R4LTVrgNyRxaCLdIojx_c2ZlFFk_R?usp=sharing\">esta carpeta<\/a>.<\/p>\n","protected":false},"excerpt":{"rendered":"<p>Los d\u00edas 18 y 19 de marzo de 2021, se realiz\u00f3 el V Encuentro Nacional de Gestores de la Educaci\u00f3n, [&hellip;]<\/p>\n","protected":false},"author":63,"featured_media":27377,"comment_status":"open","ping_status":"open","sticky":false,"template":"","format":"standard","meta":{"spay_email":""},"categories":[125,1413,77],"tags":[],"yoast_head":"<!-- This site is optimized with the Yoast SEO plugin v18.0 - https:\/\/yoast.com\/wordpress\/plugins\/seo\/ -->\n<title>Se realiz\u00f3 en V Encuentro Nacional de Gestores de la Educaci\u00f3n - Red Peruana de Gestores de la Educaci\u00f3n<\/title>\n<meta name=\"robots\" content=\"index, follow, max-snippet:-1, max-image-preview:large, max-video-preview:-1\" \/>\n<link rel=\"canonical\" href=\"https:\/\/www.edugestores.pe\/?p=27375\" \/>\n<meta property=\"og:locale\" content=\"es_ES\" \/>\n<meta property=\"og:type\" content=\"article\" \/>\n<meta property=\"og:title\" content=\"Se realiz\u00f3 en V Encuentro Nacional de Gestores de la Educaci\u00f3n - Red Peruana de Gestores de la Educaci\u00f3n\" \/>\n<meta property=\"og:description\" content=\"Los d\u00edas 18 y 19 de marzo de 2021, se realiz\u00f3 el V Encuentro Nacional de Gestores de la Educaci\u00f3n, [&hellip;]\" \/>\n<meta property=\"og:url\" content=\"https:\/\/www.edugestores.pe\/?p=27375\" \/>\n<meta property=\"og:site_name\" content=\"Red Peruana de Gestores de la Educaci\u00f3n\" \/>\n<meta property=\"article:published_time\" content=\"2021-03-25T18:56:42+00:00\" \/>\n<meta property=\"article:modified_time\" content=\"2021-05-07T17:07:49+00:00\" \/>\n<meta property=\"og:image\" content=\"https:\/\/www.edugestores.pe\/wp-content\/uploads\/2021\/03\/Encuentro-edugestores.png\" \/>\n\t<meta property=\"og:image:width\" content=\"805\" \/>\n\t<meta property=\"og:image:height\" content=\"468\" \/>\n\t<meta property=\"og:image:type\" content=\"image\/png\" \/>\n<meta name=\"twitter:card\" content=\"summary_large_image\" \/>\n<meta name=\"twitter:label1\" content=\"Escrito por\" \/>\n\t<meta name=\"twitter:data1\" content=\"Administrador\" \/>\n\t<meta name=\"twitter:label2\" content=\"Tiempo de lectura\" \/>\n\t<meta name=\"twitter:data2\" content=\"3 minutos\" \/>\n<script type=\"application\/ld+json\" class=\"yoast-schema-graph\">{\"@context\":\"https:\/\/schema.org\",\"@graph\":[{\"@type\":\"WebSite\",\"@id\":\"https:\/\/www.edugestores.pe\/#website\",\"url\":\"https:\/\/www.edugestores.pe\/\",\"name\":\"Red Peruana de Gestores de la Educaci\u00f3n\",\"description\":\"Red Peruana de Gestores de la Educaci\u00f3n\",\"potentialAction\":[{\"@type\":\"SearchAction\",\"target\":{\"@type\":\"EntryPoint\",\"urlTemplate\":\"https:\/\/www.edugestores.pe\/?s={search_term_string}\"},\"query-input\":\"required name=search_term_string\"}],\"inLanguage\":\"es\"},{\"@type\":\"ImageObject\",\"@id\":\"https:\/\/www.edugestores.pe\/?p=27375#primaryimage\",\"inLanguage\":\"es\",\"url\":\"https:\/\/www.edugestores.pe\/wp-content\/uploads\/2021\/03\/Encuentro-edugestores.png\",\"contentUrl\":\"https:\/\/www.edugestores.pe\/wp-content\/uploads\/2021\/03\/Encuentro-edugestores.png\",\"width\":805,\"height\":468},{\"@type\":\"WebPage\",\"@id\":\"https:\/\/www.edugestores.pe\/?p=27375#webpage\",\"url\":\"https:\/\/www.edugestores.pe\/?p=27375\",\"name\":\"Se realiz\u00f3 en V Encuentro Nacional de Gestores de la Educaci\u00f3n - Red Peruana de Gestores de la Educaci\u00f3n\",\"isPartOf\":{\"@id\":\"https:\/\/www.edugestores.pe\/#website\"},\"primaryImageOfPage\":{\"@id\":\"https:\/\/www.edugestores.pe\/?p=27375#primaryimage\"},\"datePublished\":\"2021-03-25T18:56:42+00:00\",\"dateModified\":\"2021-05-07T17:07:49+00:00\",\"author\":{\"@id\":\"https:\/\/www.edugestores.pe\/#\/schema\/person\/30dc82f35f5853289037a64b35c7c7d3\"},\"breadcrumb\":{\"@id\":\"https:\/\/www.edugestores.pe\/?p=27375#breadcrumb\"},\"inLanguage\":\"es\",\"potentialAction\":[{\"@type\":\"ReadAction\",\"target\":[\"https:\/\/www.edugestores.pe\/?p=27375\"]}]},{\"@type\":\"BreadcrumbList\",\"@id\":\"https:\/\/www.edugestores.pe\/?p=27375#breadcrumb\",\"itemListElement\":[{\"@type\":\"ListItem\",\"position\":1,\"name\":\"Portada\",\"item\":\"https:\/\/www.edugestores.pe\/\"},{\"@type\":\"ListItem\",\"position\":2,\"name\":\"Se realiz\u00f3 en V Encuentro Nacional de Gestores de la Educaci\u00f3n\"}]},{\"@type\":\"Person\",\"@id\":\"https:\/\/www.edugestores.pe\/#\/schema\/person\/30dc82f35f5853289037a64b35c7c7d3\",\"name\":\"Administrador\",\"image\":{\"@type\":\"ImageObject\",\"@id\":\"https:\/\/www.edugestores.pe\/#personlogo\",\"inLanguage\":\"es\",\"url\":\"https:\/\/secure.gravatar.com\/avatar\/70960d1239c4d2c778bb3d2786a3c1ae?s=96&d=mm&r=g\",\"contentUrl\":\"https:\/\/secure.gravatar.com\/avatar\/70960d1239c4d2c778bb3d2786a3c1ae?s=96&d=mm&r=g\",\"caption\":\"Administrador\"},\"url\":\"https:\/\/www.edugestores.pe\/?author=63\"}]}<\/script>\n<!-- \/ Yoast SEO plugin. -->","yoast_head_json":{"title":"Se realiz\u00f3 en V Encuentro Nacional de Gestores de la Educaci\u00f3n - Red Peruana de Gestores de la Educaci\u00f3n","robots":{"index":"index","follow":"follow","max-snippet":"max-snippet:-1","max-image-preview":"max-image-preview:large","max-video-preview":"max-video-preview:-1"},"canonical":"https:\/\/www.edugestores.pe\/?p=27375","og_locale":"es_ES","og_type":"article","og_title":"Se realiz\u00f3 en V Encuentro Nacional de Gestores de la Educaci\u00f3n - Red Peruana de Gestores de la Educaci\u00f3n","og_description":"Los d\u00edas 18 y 19 de marzo de 2021, se realiz\u00f3 el V Encuentro Nacional de Gestores de la Educaci\u00f3n, [&hellip;]","og_url":"https:\/\/www.edugestores.pe\/?p=27375","og_site_name":"Red Peruana de Gestores de la Educaci\u00f3n","article_published_time":"2021-03-25T18:56:42+00:00","article_modified_time":"2021-05-07T17:07:49+00:00","og_image":[{"width":805,"height":468,"url":"https:\/\/www.edugestores.pe\/wp-content\/uploads\/2021\/03\/Encuentro-edugestores.png","type":"image\/png"}],"twitter_card":"summary_large_image","twitter_misc":{"Escrito por":"Administrador","Tiempo de lectura":"3 minutos"},"schema":{"@context":"https:\/\/schema.org","@graph":[{"@type":"WebSite","@id":"https:\/\/www.edugestores.pe\/#website","url":"https:\/\/www.edugestores.pe\/","name":"Red Peruana de Gestores de la Educaci\u00f3n","description":"Red Peruana de Gestores de la Educaci\u00f3n","potentialAction":[{"@type":"SearchAction","target":{"@type":"EntryPoint","urlTemplate":"https:\/\/www.edugestores.pe\/?s={search_term_string}"},"query-input":"required name=search_term_string"}],"inLanguage":"es"},{"@type":"ImageObject","@id":"https:\/\/www.edugestores.pe\/?p=27375#primaryimage","inLanguage":"es","url":"https:\/\/www.edugestores.pe\/wp-content\/uploads\/2021\/03\/Encuentro-edugestores.png","contentUrl":"https:\/\/www.edugestores.pe\/wp-content\/uploads\/2021\/03\/Encuentro-edugestores.png","width":805,"height":468},{"@type":"WebPage","@id":"https:\/\/www.edugestores.pe\/?p=27375#webpage","url":"https:\/\/www.edugestores.pe\/?p=27375","name":"Se realiz\u00f3 en V Encuentro Nacional de Gestores de la Educaci\u00f3n - Red Peruana de Gestores de la Educaci\u00f3n","isPartOf":{"@id":"https:\/\/www.edugestores.pe\/#website"},"primaryImageOfPage":{"@id":"https:\/\/www.edugestores.pe\/?p=27375#primaryimage"},"datePublished":"2021-03-25T18:56:42+00:00","dateModified":"2021-05-07T17:07:49+00:00","author":{"@id":"https:\/\/www.edugestores.pe\/#\/schema\/person\/30dc82f35f5853289037a64b35c7c7d3"},"breadcrumb":{"@id":"https:\/\/www.edugestores.pe\/?p=27375#breadcrumb"},"inLanguage":"es","potentialAction":[{"@type":"ReadAction","target":["https:\/\/www.edugestores.pe\/?p=27375"]}]},{"@type":"BreadcrumbList","@id":"https:\/\/www.edugestores.pe\/?p=27375#breadcrumb","itemListElement":[{"@type":"ListItem","position":1,"name":"Portada","item":"https:\/\/www.edugestores.pe\/"},{"@type":"ListItem","position":2,"name":"Se realiz\u00f3 en V Encuentro Nacional de Gestores de la Educaci\u00f3n"}]},{"@type":"Person","@id":"https:\/\/www.edugestores.pe\/#\/schema\/person\/30dc82f35f5853289037a64b35c7c7d3","name":"Administrador","image":{"@type":"ImageObject","@id":"https:\/\/www.edugestores.pe\/#personlogo","inLanguage":"es","url":"https:\/\/secure.gravatar.com\/avatar\/70960d1239c4d2c778bb3d2786a3c1ae?s=96&d=mm&r=g","contentUrl":"https:\/\/secure.gravatar.com\/avatar\/70960d1239c4d2c778bb3d2786a3c1ae?s=96&d=mm&r=g","caption":"Administrador"},"url":"https:\/\/www.edugestores.pe\/?author=63"}]}},"jetpack_featured_media_url":"https:\/\/www.edugestores.pe\/wp-content\/uploads\/2021\/03\/Encuentro-edugestores.png","_links":{"self":[{"href":"https:\/\/www.edugestores.pe\/index.php?rest_route=\/wp\/v2\/posts\/27375"}],"collection":[{"href":"https:\/\/www.edugestores.pe\/index.php?rest_route=\/wp\/v2\/posts"}],"about":[{"href":"https:\/\/www.edugestores.pe\/index.php?rest_route=\/wp\/v2\/types\/post"}],"author":[{"embeddable":true,"href":"https:\/\/www.edugestores.pe\/index.php?rest_route=\/wp\/v2\/users\/63"}],"replies":[{"embeddable":true,"href":"https:\/\/www.edugestores.pe\/index.php?rest_route=%2Fwp%2Fv2%2Fcomments&post=27375"}],"version-history":[{"count":2,"href":"https:\/\/www.edugestores.pe\/index.php?rest_route=\/wp\/v2\/posts\/27375\/revisions"}],"predecessor-version":[{"id":27379,"href":"https:\/\/www.edugestores.pe\/index.php?rest_route=\/wp\/v2\/posts\/27375\/revisions\/27379"}],"wp:featuredmedia":[{"embeddable":true,"href":"https:\/\/www.edugestores.pe\/index.php?rest_route=\/wp\/v2\/media\/27377"}],"wp:attachment":[{"href":"https:\/\/www.edugestores.pe\/index.php?rest_route=%2Fwp%2Fv2%2Fmedia&parent=27375"}],"wp:term":[{"taxonomy":"category","embeddable":true,"href":"https:\/\/www.edugestores.pe\/index.php?rest_route=%2Fwp%2Fv2%2Fcategories&post=27375"},{"taxonomy":"post_tag","embeddable":true,"href":"https:\/\/www.edugestores.pe\/index.php?rest_route=%2Fwp%2Fv2%2Ftags&post=27375"}],"curies":[{"name":"wp","href":"https:\/\/api.w.org\/{rel}","templated":true}]}}