{"id":27407,"date":"2021-04-05T10:55:37","date_gmt":"2021-04-05T15:55:37","guid":{"rendered":"https:\/\/www.edugestores.pe\/?p=27407"},"modified":"2021-05-09T10:11:38","modified_gmt":"2021-05-09T15:11:38","slug":"minedu-anuncia-retorno-voluntario-y-gradual-a-las-iiee-y-programas-educativos","status":"publish","type":"post","link":"https:\/\/www.edugestores.pe\/?p=27407","title":{"rendered":"Minedu anuncia retorno voluntario y gradual a las IIEE y programas educativos"},"content":{"rendered":"<div style=\"text-align: justify;\">El\u00a0 Ministerio de Educaci\u00f3n, en el marco de lo dispuesto en la RM 121-2021-MINEDU, comunic\u00f3 que a partir del 19 de abril las II.EE. y programas educativos podr\u00e1n brindar el servicio educativo con alg\u00fan nivel de presencialidad. El retorno ser\u00e1\u00a0<strong>seguro, flexible, gradual y voluntario<\/strong>.<\/div>\n<div style=\"text-align: justify;\"><\/div>\n<div style=\"text-align: justify;\">El proceso es voluntario, ya que el retorno a la presencialidad es una decisi\u00f3n de las familias y, en general, de la comunidad educativa. Tambi\u00e9n es un proceso gradual, pues se implementa de manera progresiva y ordenada considerando las condiciones de contexto. Estas condiciones se basan en indicadores epidemiol\u00f3gicos y territoriales que permiten identificar a las IIEE o programas de un determinado distrito que estar\u00edan habilitadas.<\/div>\n<div style=\"text-align: justify;\"><\/div>\n<div style=\"text-align: justify;\">Para este proceso, las autoridades regionales y locales podr\u00e1n acceder por el siguiente link:\u00a0<a href=\"http:\/\/bit.ly\/3sJPkr7\">http:\/\/bit.ly\/3sJPkr7<\/a>\u00a0e identificar los servicios educativos\u00a0<strong>habilitados<\/strong>, seg\u00fan el cumplimiento de las condiciones de contexto. Adem\u00e1s de estar habilitadas, para que las IIEE y programas retornen a la presencialidad, deben estar aptas. Para ello, tambi\u00e9n deben cumplir con las condiciones sociales y de bioseguridad, establecidas en la norma mencionada, con el soporte, acompa\u00f1amiento y supervisi\u00f3n de las DRE, GRE y UGEL.<\/div>\n<div style=\"text-align: justify;\"><\/div>\n<div style=\"text-align: justify;\">El Ministerio de Educaci\u00f3n, en coordinaci\u00f3n con los gobiernos regionales y locales, desarrolla acciones de articulaci\u00f3n intergubernamental e intersectorial para asegurar las mejores condiciones de salud y seguridad para todos los estudiantes, docentes y administrativos. As\u00ed, ni\u00f1as, ni\u00f1os y adolescentes seguir\u00e1n aprendiendo con el objetivo de continuar con sus trayectorias educativas y su formaci\u00f3n como ciudadanos.<\/div>\n<div style=\"text-align: justify;\"><\/div>\n<div style=\"text-align: justify;\">Informaci\u00f3n del Minedu. Foto referencial.<\/div>\n<div style=\"text-align: justify;\"><\/div>\n<div style=\"text-align: center;\"><a href=\"https:\/\/www.edugestores.pe\/wp-content\/uploads\/2021\/04\/169433883_4054296047967480_6526298436212473282_n.png\"><img decoding=\"async\" loading=\"lazy\" class=\"alignnone size-large wp-image-27408\" src=\"https:\/\/www.edugestores.pe\/wp-content\/uploads\/2021\/04\/169433883_4054296047967480_6526298436212473282_n-620x764.png\" alt=\"169433883_4054296047967480_6526298436212473282_n\" width=\"620\" height=\"764\" srcset=\"https:\/\/www.edugestores.pe\/wp-content\/uploads\/2021\/04\/169433883_4054296047967480_6526298436212473282_n-620x764.png 620w, https:\/\/www.edugestores.pe\/wp-content\/uploads\/2021\/04\/169433883_4054296047967480_6526298436212473282_n-243x300.png 243w, https:\/\/www.edugestores.pe\/wp-content\/uploads\/2021\/04\/169433883_4054296047967480_6526298436212473282_n-672x828.png 672w, https:\/\/www.edugestores.pe\/wp-content\/uploads\/2021\/04\/169433883_4054296047967480_6526298436212473282_n-81x100.png 81w, https:\/\/www.edugestores.pe\/wp-content\/uploads\/2021\/04\/169433883_4054296047967480_6526298436212473282_n.png 800w\" sizes=\"(max-width: 620px) 100vw, 620px\" \/><\/a><\/div>\n<div><\/div>\n","protected":false},"excerpt":{"rendered":"<p>El\u00a0 Ministerio de Educaci\u00f3n, en el marco de lo dispuesto en la RM 121-2021-MINEDU, comunic\u00f3 que a partir del 19 [&hellip;]<\/p>\n","protected":false},"author":63,"featured_media":27081,"comment_status":"open","ping_status":"open","sticky":false,"template":"","format":"standard","meta":{"spay_email":""},"categories":[125],"tags":[],"yoast_head":"<!-- This site is optimized with the Yoast SEO plugin v18.0 - https:\/\/yoast.com\/wordpress\/plugins\/seo\/ -->\n<title>Minedu anuncia retorno voluntario y gradual a las IIEE y programas educativos - Red Peruana de Gestores de la Educaci\u00f3n<\/title>\n<meta name=\"robots\" content=\"index, follow, max-snippet:-1, max-image-preview:large, max-video-preview:-1\" \/>\n<link rel=\"canonical\" href=\"https:\/\/www.edugestores.pe\/?p=27407\" \/>\n<meta property=\"og:locale\" content=\"es_ES\" \/>\n<meta property=\"og:type\" content=\"article\" \/>\n<meta property=\"og:title\" content=\"Minedu anuncia retorno voluntario y gradual a las IIEE y programas educativos - Red Peruana de Gestores de la Educaci\u00f3n\" \/>\n<meta property=\"og:description\" content=\"El\u00a0 Ministerio de Educaci\u00f3n, en el marco de lo dispuesto en la RM 121-2021-MINEDU, comunic\u00f3 que a partir del 19 [&hellip;]\" \/>\n<meta property=\"og:url\" content=\"https:\/\/www.edugestores.pe\/?p=27407\" \/>\n<meta property=\"og:site_name\" content=\"Red Peruana de Gestores de la Educaci\u00f3n\" \/>\n<meta property=\"article:published_time\" content=\"2021-04-05T15:55:37+00:00\" \/>\n<meta property=\"article:modified_time\" content=\"2021-05-09T15:11:38+00:00\" \/>\n<meta property=\"og:image\" content=\"https:\/\/www.edugestores.pe\/wp-content\/uploads\/2020\/12\/1103a-Jinetes-Small.jpg\" \/>\n\t<meta property=\"og:image:width\" content=\"636\" \/>\n\t<meta property=\"og:image:height\" content=\"297\" \/>\n\t<meta property=\"og:image:type\" content=\"image\/jpeg\" \/>\n<meta name=\"twitter:card\" content=\"summary_large_image\" \/>\n<meta name=\"twitter:label1\" content=\"Escrito por\" \/>\n\t<meta name=\"twitter:data1\" content=\"Administrador\" \/>\n\t<meta name=\"twitter:label2\" content=\"Tiempo de lectura\" \/>\n\t<meta name=\"twitter:data2\" content=\"1 minuto\" \/>\n<script type=\"application\/ld+json\" class=\"yoast-schema-graph\">{\"@context\":\"https:\/\/schema.org\",\"@graph\":[{\"@type\":\"WebSite\",\"@id\":\"https:\/\/www.edugestores.pe\/#website\",\"url\":\"https:\/\/www.edugestores.pe\/\",\"name\":\"Red Peruana de Gestores de la Educaci\u00f3n\",\"description\":\"Red Peruana de Gestores de la Educaci\u00f3n\",\"potentialAction\":[{\"@type\":\"SearchAction\",\"target\":{\"@type\":\"EntryPoint\",\"urlTemplate\":\"https:\/\/www.edugestores.pe\/?s={search_term_string}\"},\"query-input\":\"required name=search_term_string\"}],\"inLanguage\":\"es\"},{\"@type\":\"ImageObject\",\"@id\":\"https:\/\/www.edugestores.pe\/?p=27407#primaryimage\",\"inLanguage\":\"es\",\"url\":\"https:\/\/www.edugestores.pe\/wp-content\/uploads\/2020\/12\/1103a-Jinetes-Small.jpg\",\"contentUrl\":\"https:\/\/www.edugestores.pe\/wp-content\/uploads\/2020\/12\/1103a-Jinetes-Small.jpg\",\"width\":636,\"height\":297},{\"@type\":\"WebPage\",\"@id\":\"https:\/\/www.edugestores.pe\/?p=27407#webpage\",\"url\":\"https:\/\/www.edugestores.pe\/?p=27407\",\"name\":\"Minedu anuncia retorno voluntario y gradual a las IIEE y programas educativos - Red Peruana de Gestores de la Educaci\u00f3n\",\"isPartOf\":{\"@id\":\"https:\/\/www.edugestores.pe\/#website\"},\"primaryImageOfPage\":{\"@id\":\"https:\/\/www.edugestores.pe\/?p=27407#primaryimage\"},\"datePublished\":\"2021-04-05T15:55:37+00:00\",\"dateModified\":\"2021-05-09T15:11:38+00:00\",\"author\":{\"@id\":\"https:\/\/www.edugestores.pe\/#\/schema\/person\/30dc82f35f5853289037a64b35c7c7d3\"},\"breadcrumb\":{\"@id\":\"https:\/\/www.edugestores.pe\/?p=27407#breadcrumb\"},\"inLanguage\":\"es\",\"potentialAction\":[{\"@type\":\"ReadAction\",\"target\":[\"https:\/\/www.edugestores.pe\/?p=27407\"]}]},{\"@type\":\"BreadcrumbList\",\"@id\":\"https:\/\/www.edugestores.pe\/?p=27407#breadcrumb\",\"itemListElement\":[{\"@type\":\"ListItem\",\"position\":1,\"name\":\"Portada\",\"item\":\"https:\/\/www.edugestores.pe\/\"},{\"@type\":\"ListItem\",\"position\":2,\"name\":\"Minedu anuncia retorno voluntario y gradual a las IIEE y programas educativos\"}]},{\"@type\":\"Person\",\"@id\":\"https:\/\/www.edugestores.pe\/#\/schema\/person\/30dc82f35f5853289037a64b35c7c7d3\",\"name\":\"Administrador\",\"image\":{\"@type\":\"ImageObject\",\"@id\":\"https:\/\/www.edugestores.pe\/#personlogo\",\"inLanguage\":\"es\",\"url\":\"https:\/\/secure.gravatar.com\/avatar\/70960d1239c4d2c778bb3d2786a3c1ae?s=96&d=mm&r=g\",\"contentUrl\":\"https:\/\/secure.gravatar.com\/avatar\/70960d1239c4d2c778bb3d2786a3c1ae?s=96&d=mm&r=g\",\"caption\":\"Administrador\"},\"url\":\"https:\/\/www.edugestores.pe\/?author=63\"}]}<\/script>\n<!-- \/ Yoast SEO plugin. -->","yoast_head_json":{"title":"Minedu anuncia retorno voluntario y gradual a las IIEE y programas educativos - Red Peruana de Gestores de la Educaci\u00f3n","robots":{"index":"index","follow":"follow","max-snippet":"max-snippet:-1","max-image-preview":"max-image-preview:large","max-video-preview":"max-video-preview:-1"},"canonical":"https:\/\/www.edugestores.pe\/?p=27407","og_locale":"es_ES","og_type":"article","og_title":"Minedu anuncia retorno voluntario y gradual a las IIEE y programas educativos - Red Peruana de Gestores de la Educaci\u00f3n","og_description":"El\u00a0 Ministerio de Educaci\u00f3n, en el marco de lo dispuesto en la RM 121-2021-MINEDU, comunic\u00f3 que a partir del 19 [&hellip;]","og_url":"https:\/\/www.edugestores.pe\/?p=27407","og_site_name":"Red Peruana de Gestores de la Educaci\u00f3n","article_published_time":"2021-04-05T15:55:37+00:00","article_modified_time":"2021-05-09T15:11:38+00:00","og_image":[{"width":636,"height":297,"url":"https:\/\/www.edugestores.pe\/wp-content\/uploads\/2020\/12\/1103a-Jinetes-Small.jpg","type":"image\/jpeg"}],"twitter_card":"summary_large_image","twitter_misc":{"Escrito por":"Administrador","Tiempo de lectura":"1 minuto"},"schema":{"@context":"https:\/\/schema.org","@graph":[{"@type":"WebSite","@id":"https:\/\/www.edugestores.pe\/#website","url":"https:\/\/www.edugestores.pe\/","name":"Red Peruana de Gestores de la Educaci\u00f3n","description":"Red Peruana de Gestores de la Educaci\u00f3n","potentialAction":[{"@type":"SearchAction","target":{"@type":"EntryPoint","urlTemplate":"https:\/\/www.edugestores.pe\/?s={search_term_string}"},"query-input":"required name=search_term_string"}],"inLanguage":"es"},{"@type":"ImageObject","@id":"https:\/\/www.edugestores.pe\/?p=27407#primaryimage","inLanguage":"es","url":"https:\/\/www.edugestores.pe\/wp-content\/uploads\/2020\/12\/1103a-Jinetes-Small.jpg","contentUrl":"https:\/\/www.edugestores.pe\/wp-content\/uploads\/2020\/12\/1103a-Jinetes-Small.jpg","width":636,"height":297},{"@type":"WebPage","@id":"https:\/\/www.edugestores.pe\/?p=27407#webpage","url":"https:\/\/www.edugestores.pe\/?p=27407","name":"Minedu anuncia retorno voluntario y gradual a las IIEE y programas educativos - Red Peruana de Gestores de la Educaci\u00f3n","isPartOf":{"@id":"https:\/\/www.edugestores.pe\/#website"},"primaryImageOfPage":{"@id":"https:\/\/www.edugestores.pe\/?p=27407#primaryimage"},"datePublished":"2021-04-05T15:55:37+00:00","dateModified":"2021-05-09T15:11:38+00:00","author":{"@id":"https:\/\/www.edugestores.pe\/#\/schema\/person\/30dc82f35f5853289037a64b35c7c7d3"},"breadcrumb":{"@id":"https:\/\/www.edugestores.pe\/?p=27407#breadcrumb"},"inLanguage":"es","potentialAction":[{"@type":"ReadAction","target":["https:\/\/www.edugestores.pe\/?p=27407"]}]},{"@type":"BreadcrumbList","@id":"https:\/\/www.edugestores.pe\/?p=27407#breadcrumb","itemListElement":[{"@type":"ListItem","position":1,"name":"Portada","item":"https:\/\/www.edugestores.pe\/"},{"@type":"ListItem","position":2,"name":"Minedu anuncia retorno voluntario y gradual a las IIEE y programas educativos"}]},{"@type":"Person","@id":"https:\/\/www.edugestores.pe\/#\/schema\/person\/30dc82f35f5853289037a64b35c7c7d3","name":"Administrador","image":{"@type":"ImageObject","@id":"https:\/\/www.edugestores.pe\/#personlogo","inLanguage":"es","url":"https:\/\/secure.gravatar.com\/avatar\/70960d1239c4d2c778bb3d2786a3c1ae?s=96&d=mm&r=g","contentUrl":"https:\/\/secure.gravatar.com\/avatar\/70960d1239c4d2c778bb3d2786a3c1ae?s=96&d=mm&r=g","caption":"Administrador"},"url":"https:\/\/www.edugestores.pe\/?author=63"}]}},"jetpack_featured_media_url":"https:\/\/www.edugestores.pe\/wp-content\/uploads\/2020\/12\/1103a-Jinetes-Small.jpg","_links":{"self":[{"href":"https:\/\/www.edugestores.pe\/index.php?rest_route=\/wp\/v2\/posts\/27407"}],"collection":[{"href":"https:\/\/www.edugestores.pe\/index.php?rest_route=\/wp\/v2\/posts"}],"about":[{"href":"https:\/\/www.edugestores.pe\/index.php?rest_route=\/wp\/v2\/types\/post"}],"author":[{"embeddable":true,"href":"https:\/\/www.edugestores.pe\/index.php?rest_route=\/wp\/v2\/users\/63"}],"replies":[{"embeddable":true,"href":"https:\/\/www.edugestores.pe\/index.php?rest_route=%2Fwp%2Fv2%2Fcomments&post=27407"}],"version-history":[{"count":2,"href":"https:\/\/www.edugestores.pe\/index.php?rest_route=\/wp\/v2\/posts\/27407\/revisions"}],"predecessor-version":[{"id":27410,"href":"https:\/\/www.edugestores.pe\/index.php?rest_route=\/wp\/v2\/posts\/27407\/revisions\/27410"}],"wp:featuredmedia":[{"embeddable":true,"href":"https:\/\/www.edugestores.pe\/index.php?rest_route=\/wp\/v2\/media\/27081"}],"wp:attachment":[{"href":"https:\/\/www.edugestores.pe\/index.php?rest_route=%2Fwp%2Fv2%2Fmedia&parent=27407"}],"wp:term":[{"taxonomy":"category","embeddable":true,"href":"https:\/\/www.edugestores.pe\/index.php?rest_route=%2Fwp%2Fv2%2Fcategories&post=27407"},{"taxonomy":"post_tag","embeddable":true,"href":"https:\/\/www.edugestores.pe\/index.php?rest_route=%2Fwp%2Fv2%2Ftags&post=27407"}],"curies":[{"name":"wp","href":"https:\/\/api.w.org\/{rel}","templated":true}]}}