{"id":27825,"date":"2021-06-19T12:46:04","date_gmt":"2021-06-19T17:46:04","guid":{"rendered":"https:\/\/www.edugestores.pe\/?p=27825"},"modified":"2021-12-09T10:21:16","modified_gmt":"2021-12-09T15:21:16","slug":"v-reunion-virtual-de-gestores-de-la-educacion-de-lima-metropolitana","status":"publish","type":"post","link":"https:\/\/www.edugestores.pe\/?p=27825","title":{"rendered":"V Reuni\u00f3n virtual de gestores de la educaci\u00f3n de Lima Metropolitana"},"content":{"rendered":"\n<p class=\"has-text-align-center\">Participaron las UGEL de Lima Metropolitana (01, 03 y 07).<\/p>\n\n\n\n<p class=\"has-text-align-center\">Se realiz\u00f3 el s\u00e1bado 29 de mayo a las 6:00pm. Se transmiti\u00f3 v\u00eda Facebook Live y les compartimos la grabaci\u00f3n.<\/p>\n\n\n\n<p>Tuvo como objetivo contribuir a fortalecer las estrategias o planes de desarrollo de capacidades docentes de las UGEL de Lima Metropolitana, en el contexto del Buen Retorno del A\u00f1o Escolar, a trav\u00e9s del di\u00e1logo e intercambio de buenas experiencias.<\/p>\n\n\n\n<figure class=\"wp-block-embed aligncenter is-type-video is-provider-youtube wp-block-embed-youtube wp-embed-aspect-16-9 wp-has-aspect-ratio\"><div class=\"wp-block-embed__wrapper\">\n<div class=\"jetpack-video-wrapper\"><iframe loading=\"lazy\" title=\"V Reuni\u00f3n virtual de gestores de la educaci\u00f3n de Lima Metropolitana\" width=\"500\" height=\"281\" src=\"https:\/\/www.youtube.com\/embed\/cq3z0DRA3Rg?feature=oembed\" frameborder=\"0\" allow=\"accelerometer; autoplay; clipboard-write; encrypted-media; gyroscope; picture-in-picture\" allowfullscreen><\/iframe><\/div>\n<\/div><\/figure>\n\n\n\n<p>En mayo del presente, Edugestores Lima Metropolitana desarroll\u00f3 un di\u00e1logo virtual cuyo objetivo fue contribuir a fortalecer las estrategias de desarrollo de capacidades docentes de las UGEL de Lima Metropolitana, para un Buen Retorno del A\u00f1o Escolar 2020-2021, en un contexto de pandemia y educaci\u00f3n a distancia.<\/p>\n\n\n\n<p>A continuaci\u00f3n, les compartimos una serie de entregas tem\u00e1ticas como resultado del encuentro.<\/p>\n\n\n\n<div class=\"wp-block-image\"><figure class=\"aligncenter size-full\"><img decoding=\"async\" loading=\"lazy\" width=\"1417\" height=\"1000\" src=\"https:\/\/www.edugestores.pe\/wp-content\/uploads\/2021\/06\/LENGUAS.jpg\" alt=\"\" class=\"wp-image-28336\" srcset=\"https:\/\/www.edugestores.pe\/wp-content\/uploads\/2021\/06\/LENGUAS.jpg 1417w, https:\/\/www.edugestores.pe\/wp-content\/uploads\/2021\/06\/LENGUAS-300x212.jpg 300w, https:\/\/www.edugestores.pe\/wp-content\/uploads\/2021\/06\/LENGUAS-620x438.jpg 620w, https:\/\/www.edugestores.pe\/wp-content\/uploads\/2021\/06\/LENGUAS-768x542.jpg 768w, https:\/\/www.edugestores.pe\/wp-content\/uploads\/2021\/06\/LENGUAS-32x23.jpg 32w, https:\/\/www.edugestores.pe\/wp-content\/uploads\/2021\/06\/LENGUAS-24x17.jpg 24w, https:\/\/www.edugestores.pe\/wp-content\/uploads\/2021\/06\/LENGUAS-36x25.jpg 36w, https:\/\/www.edugestores.pe\/wp-content\/uploads\/2021\/06\/LENGUAS-48x34.jpg 48w\" sizes=\"(max-width: 1417px) 100vw, 1417px\" \/><figcaption><a href=\"https:\/\/www.edugestores.pe\/wp-content\/uploads\/2021\/08\/MEMORIA-VEG.pdf\" target=\"_blank\" rel=\"noreferrer noopener\">Primera entrega<\/a> <\/figcaption><\/figure><\/div>\n\n\n\n<figure class=\"wp-block-image size-full\"><img decoding=\"async\" loading=\"lazy\" width=\"1417\" height=\"1000\" src=\"https:\/\/www.edugestores.pe\/wp-content\/uploads\/2021\/06\/02_n.jpg\" alt=\"\" class=\"wp-image-28332\" srcset=\"https:\/\/www.edugestores.pe\/wp-content\/uploads\/2021\/06\/02_n.jpg 1417w, https:\/\/www.edugestores.pe\/wp-content\/uploads\/2021\/06\/02_n-300x212.jpg 300w, https:\/\/www.edugestores.pe\/wp-content\/uploads\/2021\/06\/02_n-620x438.jpg 620w, https:\/\/www.edugestores.pe\/wp-content\/uploads\/2021\/06\/02_n-768x542.jpg 768w, https:\/\/www.edugestores.pe\/wp-content\/uploads\/2021\/06\/02_n-32x23.jpg 32w, https:\/\/www.edugestores.pe\/wp-content\/uploads\/2021\/06\/02_n-24x17.jpg 24w, https:\/\/www.edugestores.pe\/wp-content\/uploads\/2021\/06\/02_n-36x25.jpg 36w, https:\/\/www.edugestores.pe\/wp-content\/uploads\/2021\/06\/02_n-48x34.jpg 48w\" sizes=\"(max-width: 1417px) 100vw, 1417px\" \/><figcaption><a href=\"https:\/\/www.edugestores.pe\/wp-content\/uploads\/2021\/09\/MEMORIA-VEG2.pdf\" target=\"_blank\" rel=\"noreferrer noopener\">Segunda entrega<\/a><\/figcaption><\/figure>\n\n\n\n<figure class=\"wp-block-image size-full\"><img decoding=\"async\" loading=\"lazy\" width=\"1417\" height=\"1000\" src=\"https:\/\/www.edugestores.pe\/wp-content\/uploads\/2021\/06\/03_n.jpg\" alt=\"\" class=\"wp-image-28333\" srcset=\"https:\/\/www.edugestores.pe\/wp-content\/uploads\/2021\/06\/03_n.jpg 1417w, https:\/\/www.edugestores.pe\/wp-content\/uploads\/2021\/06\/03_n-300x212.jpg 300w, https:\/\/www.edugestores.pe\/wp-content\/uploads\/2021\/06\/03_n-620x438.jpg 620w, https:\/\/www.edugestores.pe\/wp-content\/uploads\/2021\/06\/03_n-768x542.jpg 768w, https:\/\/www.edugestores.pe\/wp-content\/uploads\/2021\/06\/03_n-32x23.jpg 32w, https:\/\/www.edugestores.pe\/wp-content\/uploads\/2021\/06\/03_n-24x17.jpg 24w, https:\/\/www.edugestores.pe\/wp-content\/uploads\/2021\/06\/03_n-36x25.jpg 36w, https:\/\/www.edugestores.pe\/wp-content\/uploads\/2021\/06\/03_n-48x34.jpg 48w\" sizes=\"(max-width: 1417px) 100vw, 1417px\" \/><figcaption><a href=\"https:\/\/www.edugestores.pe\/wp-content\/uploads\/2021\/10\/CONSTRUYENDO-ESCUELAS-DEMOCRATICAS-1.pdf?\" target=\"_blank\" rel=\"noreferrer noopener\">Tercera entrega<\/a><\/figcaption><\/figure>\n\n\n\n<figure class=\"wp-block-image size-full\"><img decoding=\"async\" loading=\"lazy\" width=\"1417\" height=\"1000\" src=\"https:\/\/www.edugestores.pe\/wp-content\/uploads\/2021\/06\/04_n.jpg\" alt=\"\" class=\"wp-image-28334\" srcset=\"https:\/\/www.edugestores.pe\/wp-content\/uploads\/2021\/06\/04_n.jpg 1417w, https:\/\/www.edugestores.pe\/wp-content\/uploads\/2021\/06\/04_n-300x212.jpg 300w, https:\/\/www.edugestores.pe\/wp-content\/uploads\/2021\/06\/04_n-620x438.jpg 620w, https:\/\/www.edugestores.pe\/wp-content\/uploads\/2021\/06\/04_n-768x542.jpg 768w, https:\/\/www.edugestores.pe\/wp-content\/uploads\/2021\/06\/04_n-32x23.jpg 32w, https:\/\/www.edugestores.pe\/wp-content\/uploads\/2021\/06\/04_n-24x17.jpg 24w, https:\/\/www.edugestores.pe\/wp-content\/uploads\/2021\/06\/04_n-36x25.jpg 36w, https:\/\/www.edugestores.pe\/wp-content\/uploads\/2021\/06\/04_n-48x34.jpg 48w\" sizes=\"(max-width: 1417px) 100vw, 1417px\" \/><figcaption><a href=\"https:\/\/www.edugestores.pe\/wp-content\/uploads\/2021\/10\/MUJERES-EMPODERADAS-DEL-BICENTENARIO-3-1.pdf?\" target=\"_blank\" rel=\"noreferrer noopener\">Cuarta entrega<\/a><\/figcaption><\/figure>\n\n\n\n<figure class=\"wp-block-image size-full\"><img decoding=\"async\" loading=\"lazy\" width=\"1280\" height=\"903\" src=\"https:\/\/www.edugestores.pe\/wp-content\/uploads\/2021\/06\/05_n.jpg\" alt=\"\" class=\"wp-image-28335\" srcset=\"https:\/\/www.edugestores.pe\/wp-content\/uploads\/2021\/06\/05_n.jpg 1280w, https:\/\/www.edugestores.pe\/wp-content\/uploads\/2021\/06\/05_n-300x212.jpg 300w, https:\/\/www.edugestores.pe\/wp-content\/uploads\/2021\/06\/05_n-620x437.jpg 620w, https:\/\/www.edugestores.pe\/wp-content\/uploads\/2021\/06\/05_n-768x542.jpg 768w, https:\/\/www.edugestores.pe\/wp-content\/uploads\/2021\/06\/05_n-32x23.jpg 32w, https:\/\/www.edugestores.pe\/wp-content\/uploads\/2021\/06\/05_n-24x17.jpg 24w, https:\/\/www.edugestores.pe\/wp-content\/uploads\/2021\/06\/05_n-36x25.jpg 36w, https:\/\/www.edugestores.pe\/wp-content\/uploads\/2021\/06\/05_n-48x34.jpg 48w\" sizes=\"(max-width: 1280px) 100vw, 1280px\" \/><figcaption><a href=\"https:\/\/www.edugestores.pe\/wp-content\/uploads\/2021\/11\/LA-INNOVACION-COMO-LINEA-DE-ACCION.pdf?\" target=\"_blank\" rel=\"noreferrer noopener\">Quinta entrega<\/a><\/figcaption><\/figure>\n\n\n\n<figure class=\"wp-block-image size-full\"><img decoding=\"async\" loading=\"lazy\" width=\"1417\" height=\"1000\" src=\"https:\/\/www.edugestores.pe\/wp-content\/uploads\/2021\/06\/6-AVANZAR-HACIA-EL-DESARROLLO1.jpg\" alt=\"\" class=\"wp-image-28338\" srcset=\"https:\/\/www.edugestores.pe\/wp-content\/uploads\/2021\/06\/6-AVANZAR-HACIA-EL-DESARROLLO1.jpg 1417w, https:\/\/www.edugestores.pe\/wp-content\/uploads\/2021\/06\/6-AVANZAR-HACIA-EL-DESARROLLO1-300x212.jpg 300w, https:\/\/www.edugestores.pe\/wp-content\/uploads\/2021\/06\/6-AVANZAR-HACIA-EL-DESARROLLO1-620x438.jpg 620w, https:\/\/www.edugestores.pe\/wp-content\/uploads\/2021\/06\/6-AVANZAR-HACIA-EL-DESARROLLO1-768x542.jpg 768w, https:\/\/www.edugestores.pe\/wp-content\/uploads\/2021\/06\/6-AVANZAR-HACIA-EL-DESARROLLO1-32x23.jpg 32w, https:\/\/www.edugestores.pe\/wp-content\/uploads\/2021\/06\/6-AVANZAR-HACIA-EL-DESARROLLO1-24x17.jpg 24w, https:\/\/www.edugestores.pe\/wp-content\/uploads\/2021\/06\/6-AVANZAR-HACIA-EL-DESARROLLO1-36x25.jpg 36w, https:\/\/www.edugestores.pe\/wp-content\/uploads\/2021\/06\/6-AVANZAR-HACIA-EL-DESARROLLO1-48x34.jpg 48w\" sizes=\"(max-width: 1417px) 100vw, 1417px\" \/><figcaption><a href=\"https:\/\/www.edugestores.pe\/wp-content\/uploads\/2021\/12\/6-AVANZAR-HACIA-EL-DESARROLLO1.pdf\" target=\"_blank\" rel=\"noreferrer noopener\">Sexta entrega<\/a><\/figcaption><\/figure>\n","protected":false},"excerpt":{"rendered":"<p>Participaron las UGEL de Lima Metropolitana (01, 03 y 07). Se realiz\u00f3 el s\u00e1bado 29 de mayo a las 6:00pm. [&hellip;]<\/p>\n","protected":false},"author":63,"featured_media":27827,"comment_status":"open","ping_status":"open","sticky":false,"template":"","format":"standard","meta":{"spay_email":""},"categories":[909],"tags":[],"yoast_head":"<!-- This site is optimized with the Yoast SEO plugin v18.0 - https:\/\/yoast.com\/wordpress\/plugins\/seo\/ -->\n<title>V Reuni\u00f3n virtual de gestores de la educaci\u00f3n de Lima Metropolitana<\/title>\n<meta name=\"robots\" content=\"index, follow, max-snippet:-1, max-image-preview:large, max-video-preview:-1\" \/>\n<link rel=\"canonical\" href=\"https:\/\/www.edugestores.pe\/?p=27825\" \/>\n<meta property=\"og:locale\" content=\"es_ES\" \/>\n<meta property=\"og:type\" content=\"article\" \/>\n<meta property=\"og:title\" content=\"V Reuni\u00f3n virtual de gestores de la educaci\u00f3n de Lima Metropolitana\" \/>\n<meta property=\"og:description\" content=\"Participaron las UGEL de Lima Metropolitana (01, 03 y 07). Se realiz\u00f3 el s\u00e1bado 29 de mayo a las 6:00pm. [&hellip;]\" \/>\n<meta property=\"og:url\" content=\"https:\/\/www.edugestores.pe\/?p=27825\" \/>\n<meta property=\"og:site_name\" content=\"Red Peruana de Gestores de la Educaci\u00f3n\" \/>\n<meta property=\"article:published_time\" content=\"2021-06-19T17:46:04+00:00\" \/>\n<meta property=\"article:modified_time\" content=\"2021-12-09T15:21:16+00:00\" \/>\n<meta property=\"og:image\" content=\"https:\/\/www.edugestores.pe\/wp-content\/uploads\/2021\/06\/PORTADA-EVENTO-FACEBOOK.jpg\" \/>\n\t<meta property=\"og:image:width\" content=\"1000\" \/>\n\t<meta property=\"og:image:height\" content=\"524\" \/>\n\t<meta property=\"og:image:type\" content=\"image\/jpeg\" \/>\n<meta name=\"twitter:card\" content=\"summary_large_image\" \/>\n<meta name=\"twitter:label1\" content=\"Escrito por\" \/>\n\t<meta name=\"twitter:data1\" content=\"Administrador\" \/>\n\t<meta name=\"twitter:label2\" content=\"Tiempo de lectura\" \/>\n\t<meta name=\"twitter:data2\" content=\"2 minutos\" \/>\n<script type=\"application\/ld+json\" class=\"yoast-schema-graph\">{\"@context\":\"https:\/\/schema.org\",\"@graph\":[{\"@type\":\"WebSite\",\"@id\":\"https:\/\/www.edugestores.pe\/#website\",\"url\":\"https:\/\/www.edugestores.pe\/\",\"name\":\"Red Peruana de Gestores de la Educaci\u00f3n\",\"description\":\"Red Peruana de Gestores de la Educaci\u00f3n\",\"potentialAction\":[{\"@type\":\"SearchAction\",\"target\":{\"@type\":\"EntryPoint\",\"urlTemplate\":\"https:\/\/www.edugestores.pe\/?s={search_term_string}\"},\"query-input\":\"required name=search_term_string\"}],\"inLanguage\":\"es\"},{\"@type\":\"ImageObject\",\"@id\":\"https:\/\/www.edugestores.pe\/?p=27825#primaryimage\",\"inLanguage\":\"es\",\"url\":\"https:\/\/www.edugestores.pe\/wp-content\/uploads\/2021\/06\/PORTADA-EVENTO-FACEBOOK.jpg\",\"contentUrl\":\"https:\/\/www.edugestores.pe\/wp-content\/uploads\/2021\/06\/PORTADA-EVENTO-FACEBOOK.jpg\",\"width\":1000,\"height\":524},{\"@type\":\"WebPage\",\"@id\":\"https:\/\/www.edugestores.pe\/?p=27825#webpage\",\"url\":\"https:\/\/www.edugestores.pe\/?p=27825\",\"name\":\"V Reuni\u00f3n virtual de gestores de la educaci\u00f3n de Lima Metropolitana\",\"isPartOf\":{\"@id\":\"https:\/\/www.edugestores.pe\/#website\"},\"primaryImageOfPage\":{\"@id\":\"https:\/\/www.edugestores.pe\/?p=27825#primaryimage\"},\"datePublished\":\"2021-06-19T17:46:04+00:00\",\"dateModified\":\"2021-12-09T15:21:16+00:00\",\"author\":{\"@id\":\"https:\/\/www.edugestores.pe\/#\/schema\/person\/30dc82f35f5853289037a64b35c7c7d3\"},\"breadcrumb\":{\"@id\":\"https:\/\/www.edugestores.pe\/?p=27825#breadcrumb\"},\"inLanguage\":\"es\",\"potentialAction\":[{\"@type\":\"ReadAction\",\"target\":[\"https:\/\/www.edugestores.pe\/?p=27825\"]}]},{\"@type\":\"BreadcrumbList\",\"@id\":\"https:\/\/www.edugestores.pe\/?p=27825#breadcrumb\",\"itemListElement\":[{\"@type\":\"ListItem\",\"position\":1,\"name\":\"Portada\",\"item\":\"https:\/\/www.edugestores.pe\/\"},{\"@type\":\"ListItem\",\"position\":2,\"name\":\"V Reuni\u00f3n virtual de gestores de la educaci\u00f3n de Lima Metropolitana\"}]},{\"@type\":\"Person\",\"@id\":\"https:\/\/www.edugestores.pe\/#\/schema\/person\/30dc82f35f5853289037a64b35c7c7d3\",\"name\":\"Administrador\",\"image\":{\"@type\":\"ImageObject\",\"@id\":\"https:\/\/www.edugestores.pe\/#personlogo\",\"inLanguage\":\"es\",\"url\":\"https:\/\/secure.gravatar.com\/avatar\/70960d1239c4d2c778bb3d2786a3c1ae?s=96&d=mm&r=g\",\"contentUrl\":\"https:\/\/secure.gravatar.com\/avatar\/70960d1239c4d2c778bb3d2786a3c1ae?s=96&d=mm&r=g\",\"caption\":\"Administrador\"},\"url\":\"https:\/\/www.edugestores.pe\/?author=63\"}]}<\/script>\n<!-- \/ Yoast SEO plugin. -->","yoast_head_json":{"title":"V Reuni\u00f3n virtual de gestores de la educaci\u00f3n de Lima Metropolitana","robots":{"index":"index","follow":"follow","max-snippet":"max-snippet:-1","max-image-preview":"max-image-preview:large","max-video-preview":"max-video-preview:-1"},"canonical":"https:\/\/www.edugestores.pe\/?p=27825","og_locale":"es_ES","og_type":"article","og_title":"V Reuni\u00f3n virtual de gestores de la educaci\u00f3n de Lima Metropolitana","og_description":"Participaron las UGEL de Lima Metropolitana (01, 03 y 07). Se realiz\u00f3 el s\u00e1bado 29 de mayo a las 6:00pm. [&hellip;]","og_url":"https:\/\/www.edugestores.pe\/?p=27825","og_site_name":"Red Peruana de Gestores de la Educaci\u00f3n","article_published_time":"2021-06-19T17:46:04+00:00","article_modified_time":"2021-12-09T15:21:16+00:00","og_image":[{"width":1000,"height":524,"url":"https:\/\/www.edugestores.pe\/wp-content\/uploads\/2021\/06\/PORTADA-EVENTO-FACEBOOK.jpg","type":"image\/jpeg"}],"twitter_card":"summary_large_image","twitter_misc":{"Escrito por":"Administrador","Tiempo de lectura":"2 minutos"},"schema":{"@context":"https:\/\/schema.org","@graph":[{"@type":"WebSite","@id":"https:\/\/www.edugestores.pe\/#website","url":"https:\/\/www.edugestores.pe\/","name":"Red Peruana de Gestores de la Educaci\u00f3n","description":"Red Peruana de Gestores de la Educaci\u00f3n","potentialAction":[{"@type":"SearchAction","target":{"@type":"EntryPoint","urlTemplate":"https:\/\/www.edugestores.pe\/?s={search_term_string}"},"query-input":"required name=search_term_string"}],"inLanguage":"es"},{"@type":"ImageObject","@id":"https:\/\/www.edugestores.pe\/?p=27825#primaryimage","inLanguage":"es","url":"https:\/\/www.edugestores.pe\/wp-content\/uploads\/2021\/06\/PORTADA-EVENTO-FACEBOOK.jpg","contentUrl":"https:\/\/www.edugestores.pe\/wp-content\/uploads\/2021\/06\/PORTADA-EVENTO-FACEBOOK.jpg","width":1000,"height":524},{"@type":"WebPage","@id":"https:\/\/www.edugestores.pe\/?p=27825#webpage","url":"https:\/\/www.edugestores.pe\/?p=27825","name":"V Reuni\u00f3n virtual de gestores de la educaci\u00f3n de Lima Metropolitana","isPartOf":{"@id":"https:\/\/www.edugestores.pe\/#website"},"primaryImageOfPage":{"@id":"https:\/\/www.edugestores.pe\/?p=27825#primaryimage"},"datePublished":"2021-06-19T17:46:04+00:00","dateModified":"2021-12-09T15:21:16+00:00","author":{"@id":"https:\/\/www.edugestores.pe\/#\/schema\/person\/30dc82f35f5853289037a64b35c7c7d3"},"breadcrumb":{"@id":"https:\/\/www.edugestores.pe\/?p=27825#breadcrumb"},"inLanguage":"es","potentialAction":[{"@type":"ReadAction","target":["https:\/\/www.edugestores.pe\/?p=27825"]}]},{"@type":"BreadcrumbList","@id":"https:\/\/www.edugestores.pe\/?p=27825#breadcrumb","itemListElement":[{"@type":"ListItem","position":1,"name":"Portada","item":"https:\/\/www.edugestores.pe\/"},{"@type":"ListItem","position":2,"name":"V Reuni\u00f3n virtual de gestores de la educaci\u00f3n de Lima Metropolitana"}]},{"@type":"Person","@id":"https:\/\/www.edugestores.pe\/#\/schema\/person\/30dc82f35f5853289037a64b35c7c7d3","name":"Administrador","image":{"@type":"ImageObject","@id":"https:\/\/www.edugestores.pe\/#personlogo","inLanguage":"es","url":"https:\/\/secure.gravatar.com\/avatar\/70960d1239c4d2c778bb3d2786a3c1ae?s=96&d=mm&r=g","contentUrl":"https:\/\/secure.gravatar.com\/avatar\/70960d1239c4d2c778bb3d2786a3c1ae?s=96&d=mm&r=g","caption":"Administrador"},"url":"https:\/\/www.edugestores.pe\/?author=63"}]}},"jetpack_featured_media_url":"https:\/\/www.edugestores.pe\/wp-content\/uploads\/2021\/06\/PORTADA-EVENTO-FACEBOOK.jpg","_links":{"self":[{"href":"https:\/\/www.edugestores.pe\/index.php?rest_route=\/wp\/v2\/posts\/27825"}],"collection":[{"href":"https:\/\/www.edugestores.pe\/index.php?rest_route=\/wp\/v2\/posts"}],"about":[{"href":"https:\/\/www.edugestores.pe\/index.php?rest_route=\/wp\/v2\/types\/post"}],"author":[{"embeddable":true,"href":"https:\/\/www.edugestores.pe\/index.php?rest_route=\/wp\/v2\/users\/63"}],"replies":[{"embeddable":true,"href":"https:\/\/www.edugestores.pe\/index.php?rest_route=%2Fwp%2Fv2%2Fcomments&post=27825"}],"version-history":[{"count":12,"href":"https:\/\/www.edugestores.pe\/index.php?rest_route=\/wp\/v2\/posts\/27825\/revisions"}],"predecessor-version":[{"id":28343,"href":"https:\/\/www.edugestores.pe\/index.php?rest_route=\/wp\/v2\/posts\/27825\/revisions\/28343"}],"wp:featuredmedia":[{"embeddable":true,"href":"https:\/\/www.edugestores.pe\/index.php?rest_route=\/wp\/v2\/media\/27827"}],"wp:attachment":[{"href":"https:\/\/www.edugestores.pe\/index.php?rest_route=%2Fwp%2Fv2%2Fmedia&parent=27825"}],"wp:term":[{"taxonomy":"category","embeddable":true,"href":"https:\/\/www.edugestores.pe\/index.php?rest_route=%2Fwp%2Fv2%2Fcategories&post=27825"},{"taxonomy":"post_tag","embeddable":true,"href":"https:\/\/www.edugestores.pe\/index.php?rest_route=%2Fwp%2Fv2%2Ftags&post=27825"}],"curies":[{"name":"wp","href":"https:\/\/api.w.org\/{rel}","templated":true}]}}