{"id":27905,"date":"2021-06-29T13:46:04","date_gmt":"2021-06-29T18:46:04","guid":{"rendered":"https:\/\/www.edugestores.pe\/?p=27905"},"modified":"2021-06-29T13:46:09","modified_gmt":"2021-06-29T18:46:09","slug":"minedu-el-6-de-julio-empieza-vacunacion-a-200000-maestros-y-directores-de-zonas-rurales","status":"publish","type":"post","link":"https:\/\/www.edugestores.pe\/?p=27905","title":{"rendered":"Minedu: el 6 de julio empieza vacunaci\u00f3n a 200,000 maestros y directores de zonas rurales"},"content":{"rendered":"\n<p class=\"has-text-align-center\">2,474 escuelas rurales ya est\u00e1n desarrollando clases semipresenciales para cerca de 100,000 estudiantes, anota ministro Cuenca.<\/p>\n\n\n\n<p>El Ministro de Educaci\u00f3n, Ricardo Cuenca, anunci\u00f3 que a partir del <strong>6 de julio <\/strong>empezar\u00e1 la vacunaci\u00f3n a los docentes de las <strong>zonas rurales<\/strong>. <\/p>\n\n\n\n<blockquote class=\"wp-block-quote\"><p><em>A partir del 6 de julio de este a\u00f1o se iniciar\u00e1 la vacunaci\u00f3n a los docentes en las zonas rurales, consideramos que, como lo dijimos, acabado el grupo prioritario de adultos mayores, los docentes son un grupo prioritario\u201d, expres\u00f3 Cuenca<\/em>.<\/p><\/blockquote>\n\n\n\n<p>Al hacer un balance de su gesti\u00f3n, iniciada en noviembre del a\u00f1o pasado en el marco del Gobierno de Transici\u00f3n y Emergencia, Cuenca dijo que la informaci\u00f3n sobre los centros de vacunaci\u00f3n ser\u00e1 proporcionada en los pr\u00f3ximos d\u00edas por las direcciones regionales de Educaci\u00f3n y las correspondientes unidades de gesti\u00f3n educativa local.\u00a0<\/p>\n\n\n\n<div class=\"wp-block-image\"><figure class=\"aligncenter size-large is-resized\"><img decoding=\"async\" loading=\"lazy\" src=\"https:\/\/www.edugestores.pe\/wp-content\/uploads\/2021\/06\/51176375312_3aa7b3aa5e_5k-1-620x413.jpg\" alt=\"\" class=\"wp-image-27911\" width=\"1393\" height=\"928\" srcset=\"https:\/\/www.edugestores.pe\/wp-content\/uploads\/2021\/06\/51176375312_3aa7b3aa5e_5k-1-620x413.jpg 620w, https:\/\/www.edugestores.pe\/wp-content\/uploads\/2021\/06\/51176375312_3aa7b3aa5e_5k-1-300x200.jpg 300w, https:\/\/www.edugestores.pe\/wp-content\/uploads\/2021\/06\/51176375312_3aa7b3aa5e_5k-1-768x512.jpg 768w, https:\/\/www.edugestores.pe\/wp-content\/uploads\/2021\/06\/51176375312_3aa7b3aa5e_5k-1-1536x1024.jpg 1536w, https:\/\/www.edugestores.pe\/wp-content\/uploads\/2021\/06\/51176375312_3aa7b3aa5e_5k-1-2048x1365.jpg 2048w, https:\/\/www.edugestores.pe\/wp-content\/uploads\/2021\/06\/51176375312_3aa7b3aa5e_5k-1-1600x1067.jpg 1600w, https:\/\/www.edugestores.pe\/wp-content\/uploads\/2021\/06\/51176375312_3aa7b3aa5e_5k-1-32x21.jpg 32w, https:\/\/www.edugestores.pe\/wp-content\/uploads\/2021\/06\/51176375312_3aa7b3aa5e_5k-1-24x16.jpg 24w, https:\/\/www.edugestores.pe\/wp-content\/uploads\/2021\/06\/51176375312_3aa7b3aa5e_5k-1-36x24.jpg 36w, https:\/\/www.edugestores.pe\/wp-content\/uploads\/2021\/06\/51176375312_3aa7b3aa5e_5k-1-48x32.jpg 48w\" sizes=\"(max-width: 1393px) 100vw, 1393px\" \/><figcaption><em>(Foto: MINEDU)<\/em><\/figcaption><\/figure><\/div>\n\n\n\n<blockquote class=\"wp-block-quote\"><p>\u201c<em>De acuerdo con el plan de vacunaci\u00f3n del Gobierno, los adultos mayores reciben actualmente la vacuna y, luego, continuar\u00e1n las personas con comorbilidad. Una vez que termine ese proceso, uno de los grupos priorizados es el de los docentes de zonas rurales y el Ministerio de Salud ya tiene toda la informaci\u00f3n al respecto<\/em>\u201d, expres\u00f3 Cuenca.<\/p><\/blockquote>\n\n\n\n<p>El titular de Educaci\u00f3n tambi\u00e9n indic\u00f3 que la vacunaci\u00f3n ser\u00e1 simult\u00e1nea en todas las regiones y explic\u00f3 que las zonas rurales son espacios en los que se han presentado las <strong>mayores dificultades<\/strong> para que los estudiantes accedan a la ense\u00f1anza virtual, por lo que su gesti\u00f3n puso \u00e9nfasis en iniciar all\u00ed las clases semipresenciales, en los casos en que las <strong>condiciones epidemiol\u00f3gicas<\/strong> lo permit\u00edan.\u00a0<\/p>\n\n\n\n<p class=\"has-primary-color has-text-color has-medium-font-size\"><strong>\u00a0Clases semipresenciales\u00a0<\/strong><\/p>\n\n\n\n<p>Al respecto, inform\u00f3 que <strong>2,474 escuelas<\/strong> ubicadas en zonas rurales ya est\u00e1n desarrollando clases semipresenciales para cerca de <strong>100,000 estudiantes <\/strong>de todo el territorio nacional y que hay <strong>21,642 colegios habilitados<\/strong> que tambi\u00e9n podr\u00edan ofrecer esa modalidad de servicio educativo, al contar con las condiciones epidemiol\u00f3gicas y territoriales.<\/p>\n\n\n\n<p>De otro lado, se\u00f1al\u00f3 que su gesti\u00f3n encontr\u00f3 un sistema educativo aprendiendo a operar en un contexto de pandemia para el que no estuvo preparado y que afect\u00f3 profundamente su referente tradicional de actuaci\u00f3n.<\/p>\n\n\n\n<div class=\"wp-block-image\"><figure class=\"aligncenter size-large is-resized\"><img decoding=\"async\" loading=\"lazy\" src=\"https:\/\/www.edugestores.pe\/wp-content\/uploads\/2021\/06\/51176767836_c3dc8ae7c7_6k-620x414.jpg\" alt=\"\" class=\"wp-image-27915\" width=\"1397\" height=\"933\" srcset=\"https:\/\/www.edugestores.pe\/wp-content\/uploads\/2021\/06\/51176767836_c3dc8ae7c7_6k-620x414.jpg 620w, https:\/\/www.edugestores.pe\/wp-content\/uploads\/2021\/06\/51176767836_c3dc8ae7c7_6k-300x200.jpg 300w, https:\/\/www.edugestores.pe\/wp-content\/uploads\/2021\/06\/51176767836_c3dc8ae7c7_6k-768x512.jpg 768w, https:\/\/www.edugestores.pe\/wp-content\/uploads\/2021\/06\/51176767836_c3dc8ae7c7_6k-1536x1025.jpg 1536w, https:\/\/www.edugestores.pe\/wp-content\/uploads\/2021\/06\/51176767836_c3dc8ae7c7_6k-2048x1366.jpg 2048w, https:\/\/www.edugestores.pe\/wp-content\/uploads\/2021\/06\/51176767836_c3dc8ae7c7_6k-1600x1067.jpg 1600w, https:\/\/www.edugestores.pe\/wp-content\/uploads\/2021\/06\/51176767836_c3dc8ae7c7_6k-32x21.jpg 32w, https:\/\/www.edugestores.pe\/wp-content\/uploads\/2021\/06\/51176767836_c3dc8ae7c7_6k-24x16.jpg 24w, https:\/\/www.edugestores.pe\/wp-content\/uploads\/2021\/06\/51176767836_c3dc8ae7c7_6k-36x24.jpg 36w, https:\/\/www.edugestores.pe\/wp-content\/uploads\/2021\/06\/51176767836_c3dc8ae7c7_6k-48x32.jpg 48w\" sizes=\"(max-width: 1397px) 100vw, 1397px\" \/><figcaption><em>(Foto: MINEDU)<\/em><\/figcaption><\/figure><\/div>\n\n\n\n<p>Anot\u00f3 que para afrontar esta situaci\u00f3n, se reforz\u00f3 la iniciativa \u201cAprendo en Casa\u201d, se busc\u00f3 el cierre de la brecha digital a partir de la dotaci\u00f3n de tabletas, para lo cual se cumpli\u00f3 con entregar <strong>1\u2019043,259 tablets<\/strong>, y se ofreci\u00f3 el servicio de internet a estudiantes y docentes que ten\u00edan limitaciones de <strong>conectividad<\/strong>.<\/p>\n\n\n\n<p>Cuenca dijo que las principales tareas que se plante\u00f3 su gesti\u00f3n fueron dise\u00f1ar e implementar un retorno a clases en un contexto de pandemia, recuperar a los estudiantes que interrumpieron los estudios y acompa\u00f1ar a los docentes en el proceso de educaci\u00f3n remota.<\/p>\n\n\n\n<div class=\"wp-block-image\"><figure class=\"aligncenter size-large is-resized\"><img decoding=\"async\" loading=\"lazy\" src=\"https:\/\/www.edugestores.pe\/wp-content\/uploads\/2021\/06\/51177555219_26ccf24134_6k-620x414.jpg\" alt=\"\" class=\"wp-image-27914\" width=\"1393\" height=\"930\" srcset=\"https:\/\/www.edugestores.pe\/wp-content\/uploads\/2021\/06\/51177555219_26ccf24134_6k-620x414.jpg 620w, https:\/\/www.edugestores.pe\/wp-content\/uploads\/2021\/06\/51177555219_26ccf24134_6k-300x200.jpg 300w, https:\/\/www.edugestores.pe\/wp-content\/uploads\/2021\/06\/51177555219_26ccf24134_6k-768x512.jpg 768w, https:\/\/www.edugestores.pe\/wp-content\/uploads\/2021\/06\/51177555219_26ccf24134_6k-1536x1025.jpg 1536w, https:\/\/www.edugestores.pe\/wp-content\/uploads\/2021\/06\/51177555219_26ccf24134_6k-2048x1366.jpg 2048w, https:\/\/www.edugestores.pe\/wp-content\/uploads\/2021\/06\/51177555219_26ccf24134_6k-1600x1067.jpg 1600w, https:\/\/www.edugestores.pe\/wp-content\/uploads\/2021\/06\/51177555219_26ccf24134_6k-32x21.jpg 32w, https:\/\/www.edugestores.pe\/wp-content\/uploads\/2021\/06\/51177555219_26ccf24134_6k-24x16.jpg 24w, https:\/\/www.edugestores.pe\/wp-content\/uploads\/2021\/06\/51177555219_26ccf24134_6k-36x24.jpg 36w, https:\/\/www.edugestores.pe\/wp-content\/uploads\/2021\/06\/51177555219_26ccf24134_6k-48x32.jpg 48w\" sizes=\"(max-width: 1393px) 100vw, 1393px\" \/><figcaption><em>(Foto: MINEDU)<\/em><\/figcaption><\/figure><\/div>\n\n\n\n<p>Asimismo, indic\u00f3 que tambi\u00e9n se propuso como objetivos fortalecer la educaci\u00f3n superior e impulsar un cambio en la organizaci\u00f3n y las funciones del Ministerio de Educaci\u00f3n (Minedu), y al respecto mencion\u00f3 la aprobaci\u00f3n de la nueva Ley de Organizaci\u00f3n y Funciones del Minedu, que establece la creaci\u00f3n de los viceministerios de Educaci\u00f3n B\u00e1sica\u00a0 y de Educaci\u00f3n Superior.<\/p>\n\n\n\n<p>Tambi\u00e9n se\u00f1al\u00f3 que la propuesta pedag\u00f3gica desarrollada en su gesti\u00f3n tuvo como eje central el bienestar del estudiante y se bas\u00f3 en acciones de apoyo durante los tr\u00e1nsitos de inicial a primaria y de primaria a secundaria; en un paquete b\u00e1sico de recursos y <strong>acciones adaptables <\/strong>de acuerdo a cada regi\u00f3n, localidad e instituciones educativas; en la autonom\u00eda del docente y su papel protag\u00f3nico en los aprendizajes de sus estudiantes y en un trabajo articulado intersectorial e intergubernamental.<\/p>\n\n\n\n<div class=\"wp-block-image\"><figure class=\"aligncenter size-large is-resized\"><img decoding=\"async\" loading=\"lazy\" src=\"https:\/\/www.edugestores.pe\/wp-content\/uploads\/2021\/06\/51177555229_d71cb1b16e_6k-620x414.jpg\" alt=\"\" class=\"wp-image-27913\" width=\"1392\" height=\"929\" srcset=\"https:\/\/www.edugestores.pe\/wp-content\/uploads\/2021\/06\/51177555229_d71cb1b16e_6k-620x414.jpg 620w, https:\/\/www.edugestores.pe\/wp-content\/uploads\/2021\/06\/51177555229_d71cb1b16e_6k-300x200.jpg 300w, https:\/\/www.edugestores.pe\/wp-content\/uploads\/2021\/06\/51177555229_d71cb1b16e_6k-768x512.jpg 768w, https:\/\/www.edugestores.pe\/wp-content\/uploads\/2021\/06\/51177555229_d71cb1b16e_6k-1536x1025.jpg 1536w, https:\/\/www.edugestores.pe\/wp-content\/uploads\/2021\/06\/51177555229_d71cb1b16e_6k-2048x1366.jpg 2048w, https:\/\/www.edugestores.pe\/wp-content\/uploads\/2021\/06\/51177555229_d71cb1b16e_6k-1600x1067.jpg 1600w, https:\/\/www.edugestores.pe\/wp-content\/uploads\/2021\/06\/51177555229_d71cb1b16e_6k-32x21.jpg 32w, https:\/\/www.edugestores.pe\/wp-content\/uploads\/2021\/06\/51177555229_d71cb1b16e_6k-24x16.jpg 24w, https:\/\/www.edugestores.pe\/wp-content\/uploads\/2021\/06\/51177555229_d71cb1b16e_6k-36x24.jpg 36w, https:\/\/www.edugestores.pe\/wp-content\/uploads\/2021\/06\/51177555229_d71cb1b16e_6k-48x32.jpg 48w\" sizes=\"(max-width: 1392px) 100vw, 1392px\" \/><figcaption><em>(Foto: MINEDU)<\/em><\/figcaption><\/figure><\/div>\n\n\n\n<p>Al concluir su exposici\u00f3n, Cuenca propuso desarrollar una estrategia permanente y prioritaria de educaci\u00f3n digital, fortalecer la carrera p\u00fablica magisterial, reforzar el presupuesto para la educaci\u00f3n en zonas rurales y fortalecer la educaci\u00f3n secundaria como objetivos del sector para los pr\u00f3ximos a\u00f1os.<\/p>\n\n\n\n<hr class=\"wp-block-separator\"\/>\n\n\n\n<p class=\"has-text-color\" style=\"color:#9fadb3\"><em>Fuente: ElPeruano<\/em><\/p>\n","protected":false},"excerpt":{"rendered":"<p>2,474 escuelas rurales ya est\u00e1n desarrollando clases semipresenciales para cerca de 100,000 estudiantes, anota ministro Cuenca. El Ministro de Educaci\u00f3n, [&hellip;]<\/p>\n","protected":false},"author":63,"featured_media":27916,"comment_status":"open","ping_status":"open","sticky":false,"template":"","format":"standard","meta":{"spay_email":""},"categories":[125,1],"tags":[],"yoast_head":"<!-- This site is optimized with the Yoast SEO plugin v18.0 - https:\/\/yoast.com\/wordpress\/plugins\/seo\/ -->\n<title>Minedu: el 6 de julio empieza vacunaci\u00f3n a 200,000 maestros y directores de zonas rurales<\/title>\n<meta name=\"robots\" content=\"index, follow, max-snippet:-1, max-image-preview:large, max-video-preview:-1\" \/>\n<link rel=\"canonical\" href=\"https:\/\/www.edugestores.pe\/?p=27905\" \/>\n<meta property=\"og:locale\" content=\"es_ES\" \/>\n<meta property=\"og:type\" content=\"article\" \/>\n<meta property=\"og:title\" content=\"Minedu: el 6 de julio empieza vacunaci\u00f3n a 200,000 maestros y directores de zonas rurales\" \/>\n<meta property=\"og:description\" content=\"2,474 escuelas rurales ya est\u00e1n desarrollando clases semipresenciales para cerca de 100,000 estudiantes, anota ministro Cuenca. El Ministro de Educaci\u00f3n, [&hellip;]\" \/>\n<meta property=\"og:url\" content=\"https:\/\/www.edugestores.pe\/?p=27905\" \/>\n<meta property=\"og:site_name\" content=\"Red Peruana de Gestores de la Educaci\u00f3n\" \/>\n<meta property=\"article:published_time\" content=\"2021-06-29T18:46:04+00:00\" \/>\n<meta property=\"article:modified_time\" content=\"2021-06-29T18:46:09+00:00\" \/>\n<meta property=\"og:image\" content=\"https:\/\/www.edugestores.pe\/wp-content\/uploads\/2021\/06\/51177856825_26d4ab5d58_6k-scaled.jpg\" \/>\n\t<meta property=\"og:image:width\" content=\"2560\" \/>\n\t<meta property=\"og:image:height\" content=\"1708\" \/>\n\t<meta property=\"og:image:type\" content=\"image\/jpeg\" \/>\n<meta name=\"twitter:card\" content=\"summary_large_image\" \/>\n<meta name=\"twitter:label1\" content=\"Escrito por\" \/>\n\t<meta name=\"twitter:data1\" content=\"Administrador\" \/>\n\t<meta name=\"twitter:label2\" content=\"Tiempo de lectura\" \/>\n\t<meta name=\"twitter:data2\" content=\"4 minutos\" \/>\n<script type=\"application\/ld+json\" class=\"yoast-schema-graph\">{\"@context\":\"https:\/\/schema.org\",\"@graph\":[{\"@type\":\"WebSite\",\"@id\":\"https:\/\/www.edugestores.pe\/#website\",\"url\":\"https:\/\/www.edugestores.pe\/\",\"name\":\"Red Peruana de Gestores de la Educaci\u00f3n\",\"description\":\"Red Peruana de Gestores de la Educaci\u00f3n\",\"potentialAction\":[{\"@type\":\"SearchAction\",\"target\":{\"@type\":\"EntryPoint\",\"urlTemplate\":\"https:\/\/www.edugestores.pe\/?s={search_term_string}\"},\"query-input\":\"required name=search_term_string\"}],\"inLanguage\":\"es\"},{\"@type\":\"ImageObject\",\"@id\":\"https:\/\/www.edugestores.pe\/?p=27905#primaryimage\",\"inLanguage\":\"es\",\"url\":\"https:\/\/www.edugestores.pe\/wp-content\/uploads\/2021\/06\/51177856825_26d4ab5d58_6k-scaled.jpg\",\"contentUrl\":\"https:\/\/www.edugestores.pe\/wp-content\/uploads\/2021\/06\/51177856825_26d4ab5d58_6k-scaled.jpg\",\"width\":2560,\"height\":1708},{\"@type\":\"WebPage\",\"@id\":\"https:\/\/www.edugestores.pe\/?p=27905#webpage\",\"url\":\"https:\/\/www.edugestores.pe\/?p=27905\",\"name\":\"Minedu: el 6 de julio empieza vacunaci\u00f3n a 200,000 maestros y directores de zonas rurales\",\"isPartOf\":{\"@id\":\"https:\/\/www.edugestores.pe\/#website\"},\"primaryImageOfPage\":{\"@id\":\"https:\/\/www.edugestores.pe\/?p=27905#primaryimage\"},\"datePublished\":\"2021-06-29T18:46:04+00:00\",\"dateModified\":\"2021-06-29T18:46:09+00:00\",\"author\":{\"@id\":\"https:\/\/www.edugestores.pe\/#\/schema\/person\/30dc82f35f5853289037a64b35c7c7d3\"},\"breadcrumb\":{\"@id\":\"https:\/\/www.edugestores.pe\/?p=27905#breadcrumb\"},\"inLanguage\":\"es\",\"potentialAction\":[{\"@type\":\"ReadAction\",\"target\":[\"https:\/\/www.edugestores.pe\/?p=27905\"]}]},{\"@type\":\"BreadcrumbList\",\"@id\":\"https:\/\/www.edugestores.pe\/?p=27905#breadcrumb\",\"itemListElement\":[{\"@type\":\"ListItem\",\"position\":1,\"name\":\"Portada\",\"item\":\"https:\/\/www.edugestores.pe\/\"},{\"@type\":\"ListItem\",\"position\":2,\"name\":\"Minedu: el 6 de julio empieza vacunaci\u00f3n a 200,000 maestros y directores de zonas rurales\"}]},{\"@type\":\"Person\",\"@id\":\"https:\/\/www.edugestores.pe\/#\/schema\/person\/30dc82f35f5853289037a64b35c7c7d3\",\"name\":\"Administrador\",\"image\":{\"@type\":\"ImageObject\",\"@id\":\"https:\/\/www.edugestores.pe\/#personlogo\",\"inLanguage\":\"es\",\"url\":\"https:\/\/secure.gravatar.com\/avatar\/70960d1239c4d2c778bb3d2786a3c1ae?s=96&d=mm&r=g\",\"contentUrl\":\"https:\/\/secure.gravatar.com\/avatar\/70960d1239c4d2c778bb3d2786a3c1ae?s=96&d=mm&r=g\",\"caption\":\"Administrador\"},\"url\":\"https:\/\/www.edugestores.pe\/?author=63\"}]}<\/script>\n<!-- \/ Yoast SEO plugin. -->","yoast_head_json":{"title":"Minedu: el 6 de julio empieza vacunaci\u00f3n a 200,000 maestros y directores de zonas rurales","robots":{"index":"index","follow":"follow","max-snippet":"max-snippet:-1","max-image-preview":"max-image-preview:large","max-video-preview":"max-video-preview:-1"},"canonical":"https:\/\/www.edugestores.pe\/?p=27905","og_locale":"es_ES","og_type":"article","og_title":"Minedu: el 6 de julio empieza vacunaci\u00f3n a 200,000 maestros y directores de zonas rurales","og_description":"2,474 escuelas rurales ya est\u00e1n desarrollando clases semipresenciales para cerca de 100,000 estudiantes, anota ministro Cuenca. El Ministro de Educaci\u00f3n, [&hellip;]","og_url":"https:\/\/www.edugestores.pe\/?p=27905","og_site_name":"Red Peruana de Gestores de la Educaci\u00f3n","article_published_time":"2021-06-29T18:46:04+00:00","article_modified_time":"2021-06-29T18:46:09+00:00","og_image":[{"width":2560,"height":1708,"url":"https:\/\/www.edugestores.pe\/wp-content\/uploads\/2021\/06\/51177856825_26d4ab5d58_6k-scaled.jpg","type":"image\/jpeg"}],"twitter_card":"summary_large_image","twitter_misc":{"Escrito por":"Administrador","Tiempo de lectura":"4 minutos"},"schema":{"@context":"https:\/\/schema.org","@graph":[{"@type":"WebSite","@id":"https:\/\/www.edugestores.pe\/#website","url":"https:\/\/www.edugestores.pe\/","name":"Red Peruana de Gestores de la Educaci\u00f3n","description":"Red Peruana de Gestores de la Educaci\u00f3n","potentialAction":[{"@type":"SearchAction","target":{"@type":"EntryPoint","urlTemplate":"https:\/\/www.edugestores.pe\/?s={search_term_string}"},"query-input":"required name=search_term_string"}],"inLanguage":"es"},{"@type":"ImageObject","@id":"https:\/\/www.edugestores.pe\/?p=27905#primaryimage","inLanguage":"es","url":"https:\/\/www.edugestores.pe\/wp-content\/uploads\/2021\/06\/51177856825_26d4ab5d58_6k-scaled.jpg","contentUrl":"https:\/\/www.edugestores.pe\/wp-content\/uploads\/2021\/06\/51177856825_26d4ab5d58_6k-scaled.jpg","width":2560,"height":1708},{"@type":"WebPage","@id":"https:\/\/www.edugestores.pe\/?p=27905#webpage","url":"https:\/\/www.edugestores.pe\/?p=27905","name":"Minedu: el 6 de julio empieza vacunaci\u00f3n a 200,000 maestros y directores de zonas rurales","isPartOf":{"@id":"https:\/\/www.edugestores.pe\/#website"},"primaryImageOfPage":{"@id":"https:\/\/www.edugestores.pe\/?p=27905#primaryimage"},"datePublished":"2021-06-29T18:46:04+00:00","dateModified":"2021-06-29T18:46:09+00:00","author":{"@id":"https:\/\/www.edugestores.pe\/#\/schema\/person\/30dc82f35f5853289037a64b35c7c7d3"},"breadcrumb":{"@id":"https:\/\/www.edugestores.pe\/?p=27905#breadcrumb"},"inLanguage":"es","potentialAction":[{"@type":"ReadAction","target":["https:\/\/www.edugestores.pe\/?p=27905"]}]},{"@type":"BreadcrumbList","@id":"https:\/\/www.edugestores.pe\/?p=27905#breadcrumb","itemListElement":[{"@type":"ListItem","position":1,"name":"Portada","item":"https:\/\/www.edugestores.pe\/"},{"@type":"ListItem","position":2,"name":"Minedu: el 6 de julio empieza vacunaci\u00f3n a 200,000 maestros y directores de zonas rurales"}]},{"@type":"Person","@id":"https:\/\/www.edugestores.pe\/#\/schema\/person\/30dc82f35f5853289037a64b35c7c7d3","name":"Administrador","image":{"@type":"ImageObject","@id":"https:\/\/www.edugestores.pe\/#personlogo","inLanguage":"es","url":"https:\/\/secure.gravatar.com\/avatar\/70960d1239c4d2c778bb3d2786a3c1ae?s=96&d=mm&r=g","contentUrl":"https:\/\/secure.gravatar.com\/avatar\/70960d1239c4d2c778bb3d2786a3c1ae?s=96&d=mm&r=g","caption":"Administrador"},"url":"https:\/\/www.edugestores.pe\/?author=63"}]}},"jetpack_featured_media_url":"https:\/\/www.edugestores.pe\/wp-content\/uploads\/2021\/06\/51177856825_26d4ab5d58_6k-scaled.jpg","_links":{"self":[{"href":"https:\/\/www.edugestores.pe\/index.php?rest_route=\/wp\/v2\/posts\/27905"}],"collection":[{"href":"https:\/\/www.edugestores.pe\/index.php?rest_route=\/wp\/v2\/posts"}],"about":[{"href":"https:\/\/www.edugestores.pe\/index.php?rest_route=\/wp\/v2\/types\/post"}],"author":[{"embeddable":true,"href":"https:\/\/www.edugestores.pe\/index.php?rest_route=\/wp\/v2\/users\/63"}],"replies":[{"embeddable":true,"href":"https:\/\/www.edugestores.pe\/index.php?rest_route=%2Fwp%2Fv2%2Fcomments&post=27905"}],"version-history":[{"count":8,"href":"https:\/\/www.edugestores.pe\/index.php?rest_route=\/wp\/v2\/posts\/27905\/revisions"}],"predecessor-version":[{"id":27920,"href":"https:\/\/www.edugestores.pe\/index.php?rest_route=\/wp\/v2\/posts\/27905\/revisions\/27920"}],"wp:featuredmedia":[{"embeddable":true,"href":"https:\/\/www.edugestores.pe\/index.php?rest_route=\/wp\/v2\/media\/27916"}],"wp:attachment":[{"href":"https:\/\/www.edugestores.pe\/index.php?rest_route=%2Fwp%2Fv2%2Fmedia&parent=27905"}],"wp:term":[{"taxonomy":"category","embeddable":true,"href":"https:\/\/www.edugestores.pe\/index.php?rest_route=%2Fwp%2Fv2%2Fcategories&post=27905"},{"taxonomy":"post_tag","embeddable":true,"href":"https:\/\/www.edugestores.pe\/index.php?rest_route=%2Fwp%2Fv2%2Ftags&post=27905"}],"curies":[{"name":"wp","href":"https:\/\/api.w.org\/{rel}","templated":true}]}}