{"id":27927,"date":"2021-06-30T23:52:54","date_gmt":"2021-07-01T04:52:54","guid":{"rendered":"https:\/\/www.edugestores.pe\/?p=27927"},"modified":"2022-02-28T19:59:04","modified_gmt":"2022-03-01T00:59:04","slug":"el-ciclo-de-formacion-interna-en-la-educacion-basica-rvm-186-2021-minedu","status":"publish","type":"post","link":"https:\/\/www.edugestores.pe\/?p=27927","title":{"rendered":"El ciclo de formaci\u00f3n interna en la Educaci\u00f3n b\u00e1sica (RVM 186-2021-MINEDU)"},"content":{"rendered":"\n<p>Disposiciones para la Implementaci\u00f3n del Ciclo de Formaci\u00f3n Interna en instituciones Educativas p\u00fablicas del nivel secundaria de la Educaci\u00f3n B\u00e1sica Regular.<\/p>\n\n\n\n<p>Fecha de publicaci\u00f3n: 17\/06\/2021. <a href=\"https:\/\/cdn.www.gob.pe\/uploads\/document\/file\/1955329\/RVM%20N%C2%B0%20186-2021-MINEDU.pdf.pdf\" target=\"_blank\" rel=\"noreferrer noopener\">Link de descarga<\/a>.<\/p>\n\n\n\n<div class=\"wp-block-embedpress-document embedpress-document-embed ep-doc-embedpress-pdf-1625115317759 embedpress-embed-document\" style=\"height:600px;width:600px\"><div style=\"height:600px;width:600px\" class=\"embedpress-embed-document-pdf embedpress-pdf-1625115317759\" data-emid=\"embedpress-pdf-1625115317759\" data-emsrc=\"https:\/\/www.edugestores.pe\/wp-content\/uploads\/2021\/06\/RVM-N\u00b0-186-2021-MINEDU-1.pdf-1.pdf\"><\/div><\/div>\n","protected":false},"excerpt":{"rendered":"<p>Disposiciones para la Implementaci\u00f3n del Ciclo de Formaci\u00f3n Interna en instituciones Educativas p\u00fablicas del nivel secundaria de la Educaci\u00f3n B\u00e1sica [&hellip;]<\/p>\n","protected":false},"author":63,"featured_media":27744,"comment_status":"open","ping_status":"open","sticky":false,"template":"","format":"standard","meta":{"spay_email":""},"categories":[2635],"tags":[],"yoast_head":"<!-- This site is optimized with the Yoast SEO plugin v18.0 - https:\/\/yoast.com\/wordpress\/plugins\/seo\/ -->\n<title>El ciclo de formaci\u00f3n interna en la Educaci\u00f3n b\u00e1sica (RVM 186-2021-MINEDU) - Red Peruana de Gestores de la Educaci\u00f3n<\/title>\n<meta name=\"robots\" content=\"index, follow, max-snippet:-1, max-image-preview:large, max-video-preview:-1\" \/>\n<link rel=\"canonical\" href=\"https:\/\/www.edugestores.pe\/?p=27927\" \/>\n<meta property=\"og:locale\" content=\"es_ES\" \/>\n<meta property=\"og:type\" content=\"article\" \/>\n<meta property=\"og:title\" content=\"El ciclo de formaci\u00f3n interna en la Educaci\u00f3n b\u00e1sica (RVM 186-2021-MINEDU) - Red Peruana de Gestores de la Educaci\u00f3n\" \/>\n<meta property=\"og:description\" content=\"Disposiciones para la Implementaci\u00f3n del Ciclo de Formaci\u00f3n Interna en instituciones Educativas p\u00fablicas del nivel secundaria de la Educaci\u00f3n B\u00e1sica [&hellip;]\" \/>\n<meta property=\"og:url\" content=\"https:\/\/www.edugestores.pe\/?p=27927\" \/>\n<meta property=\"og:site_name\" content=\"Red Peruana de Gestores de la Educaci\u00f3n\" \/>\n<meta property=\"article:published_time\" content=\"2021-07-01T04:52:54+00:00\" \/>\n<meta property=\"article:modified_time\" content=\"2022-03-01T00:59:04+00:00\" \/>\n<meta property=\"og:image\" content=\"https:\/\/www.edugestores.pe\/wp-content\/uploads\/2021\/06\/banner-nomativa-620x235.png\" \/>\n\t<meta property=\"og:image:width\" content=\"620\" \/>\n\t<meta property=\"og:image:height\" content=\"235\" \/>\n\t<meta property=\"og:image:type\" content=\"image\/png\" \/>\n<meta name=\"twitter:card\" content=\"summary_large_image\" \/>\n<meta name=\"twitter:label1\" content=\"Escrito por\" \/>\n\t<meta name=\"twitter:data1\" content=\"Administrador\" \/>\n\t<meta name=\"twitter:label2\" content=\"Tiempo de lectura\" \/>\n\t<meta name=\"twitter:data2\" content=\"1 minuto\" \/>\n<script type=\"application\/ld+json\" class=\"yoast-schema-graph\">{\"@context\":\"https:\/\/schema.org\",\"@graph\":[{\"@type\":\"WebSite\",\"@id\":\"https:\/\/www.edugestores.pe\/#website\",\"url\":\"https:\/\/www.edugestores.pe\/\",\"name\":\"Red Peruana de Gestores de la Educaci\u00f3n\",\"description\":\"Red Peruana de Gestores de la Educaci\u00f3n\",\"potentialAction\":[{\"@type\":\"SearchAction\",\"target\":{\"@type\":\"EntryPoint\",\"urlTemplate\":\"https:\/\/www.edugestores.pe\/?s={search_term_string}\"},\"query-input\":\"required name=search_term_string\"}],\"inLanguage\":\"es\"},{\"@type\":\"ImageObject\",\"@id\":\"https:\/\/www.edugestores.pe\/?p=27927#primaryimage\",\"inLanguage\":\"es\",\"url\":\"https:\/\/www.edugestores.pe\/wp-content\/uploads\/2021\/06\/banner-nomativa.png\",\"contentUrl\":\"https:\/\/www.edugestores.pe\/wp-content\/uploads\/2021\/06\/banner-nomativa.png\",\"width\":2048,\"height\":777},{\"@type\":\"WebPage\",\"@id\":\"https:\/\/www.edugestores.pe\/?p=27927#webpage\",\"url\":\"https:\/\/www.edugestores.pe\/?p=27927\",\"name\":\"El ciclo de formaci\u00f3n interna en la Educaci\u00f3n b\u00e1sica (RVM 186-2021-MINEDU) - Red Peruana de Gestores de la Educaci\u00f3n\",\"isPartOf\":{\"@id\":\"https:\/\/www.edugestores.pe\/#website\"},\"primaryImageOfPage\":{\"@id\":\"https:\/\/www.edugestores.pe\/?p=27927#primaryimage\"},\"datePublished\":\"2021-07-01T04:52:54+00:00\",\"dateModified\":\"2022-03-01T00:59:04+00:00\",\"author\":{\"@id\":\"https:\/\/www.edugestores.pe\/#\/schema\/person\/30dc82f35f5853289037a64b35c7c7d3\"},\"breadcrumb\":{\"@id\":\"https:\/\/www.edugestores.pe\/?p=27927#breadcrumb\"},\"inLanguage\":\"es\",\"potentialAction\":[{\"@type\":\"ReadAction\",\"target\":[\"https:\/\/www.edugestores.pe\/?p=27927\"]}]},{\"@type\":\"BreadcrumbList\",\"@id\":\"https:\/\/www.edugestores.pe\/?p=27927#breadcrumb\",\"itemListElement\":[{\"@type\":\"ListItem\",\"position\":1,\"name\":\"Portada\",\"item\":\"https:\/\/www.edugestores.pe\/\"},{\"@type\":\"ListItem\",\"position\":2,\"name\":\"El ciclo de formaci\u00f3n interna en la Educaci\u00f3n b\u00e1sica (RVM 186-2021-MINEDU)\"}]},{\"@type\":\"Person\",\"@id\":\"https:\/\/www.edugestores.pe\/#\/schema\/person\/30dc82f35f5853289037a64b35c7c7d3\",\"name\":\"Administrador\",\"image\":{\"@type\":\"ImageObject\",\"@id\":\"https:\/\/www.edugestores.pe\/#personlogo\",\"inLanguage\":\"es\",\"url\":\"https:\/\/secure.gravatar.com\/avatar\/70960d1239c4d2c778bb3d2786a3c1ae?s=96&d=mm&r=g\",\"contentUrl\":\"https:\/\/secure.gravatar.com\/avatar\/70960d1239c4d2c778bb3d2786a3c1ae?s=96&d=mm&r=g\",\"caption\":\"Administrador\"},\"url\":\"https:\/\/www.edugestores.pe\/?author=63\"}]}<\/script>\n<!-- \/ Yoast SEO plugin. -->","yoast_head_json":{"title":"El ciclo de formaci\u00f3n interna en la Educaci\u00f3n b\u00e1sica (RVM 186-2021-MINEDU) - Red Peruana de Gestores de la Educaci\u00f3n","robots":{"index":"index","follow":"follow","max-snippet":"max-snippet:-1","max-image-preview":"max-image-preview:large","max-video-preview":"max-video-preview:-1"},"canonical":"https:\/\/www.edugestores.pe\/?p=27927","og_locale":"es_ES","og_type":"article","og_title":"El ciclo de formaci\u00f3n interna en la Educaci\u00f3n b\u00e1sica (RVM 186-2021-MINEDU) - Red Peruana de Gestores de la Educaci\u00f3n","og_description":"Disposiciones para la Implementaci\u00f3n del Ciclo de Formaci\u00f3n Interna en instituciones Educativas p\u00fablicas del nivel secundaria de la Educaci\u00f3n B\u00e1sica [&hellip;]","og_url":"https:\/\/www.edugestores.pe\/?p=27927","og_site_name":"Red Peruana de Gestores de la Educaci\u00f3n","article_published_time":"2021-07-01T04:52:54+00:00","article_modified_time":"2022-03-01T00:59:04+00:00","og_image":[{"width":620,"height":235,"url":"https:\/\/www.edugestores.pe\/wp-content\/uploads\/2021\/06\/banner-nomativa-620x235.png","type":"image\/png"}],"twitter_card":"summary_large_image","twitter_misc":{"Escrito por":"Administrador","Tiempo de lectura":"1 minuto"},"schema":{"@context":"https:\/\/schema.org","@graph":[{"@type":"WebSite","@id":"https:\/\/www.edugestores.pe\/#website","url":"https:\/\/www.edugestores.pe\/","name":"Red Peruana de Gestores de la Educaci\u00f3n","description":"Red Peruana de Gestores de la Educaci\u00f3n","potentialAction":[{"@type":"SearchAction","target":{"@type":"EntryPoint","urlTemplate":"https:\/\/www.edugestores.pe\/?s={search_term_string}"},"query-input":"required name=search_term_string"}],"inLanguage":"es"},{"@type":"ImageObject","@id":"https:\/\/www.edugestores.pe\/?p=27927#primaryimage","inLanguage":"es","url":"https:\/\/www.edugestores.pe\/wp-content\/uploads\/2021\/06\/banner-nomativa.png","contentUrl":"https:\/\/www.edugestores.pe\/wp-content\/uploads\/2021\/06\/banner-nomativa.png","width":2048,"height":777},{"@type":"WebPage","@id":"https:\/\/www.edugestores.pe\/?p=27927#webpage","url":"https:\/\/www.edugestores.pe\/?p=27927","name":"El ciclo de formaci\u00f3n interna en la Educaci\u00f3n b\u00e1sica (RVM 186-2021-MINEDU) - Red Peruana de Gestores de la Educaci\u00f3n","isPartOf":{"@id":"https:\/\/www.edugestores.pe\/#website"},"primaryImageOfPage":{"@id":"https:\/\/www.edugestores.pe\/?p=27927#primaryimage"},"datePublished":"2021-07-01T04:52:54+00:00","dateModified":"2022-03-01T00:59:04+00:00","author":{"@id":"https:\/\/www.edugestores.pe\/#\/schema\/person\/30dc82f35f5853289037a64b35c7c7d3"},"breadcrumb":{"@id":"https:\/\/www.edugestores.pe\/?p=27927#breadcrumb"},"inLanguage":"es","potentialAction":[{"@type":"ReadAction","target":["https:\/\/www.edugestores.pe\/?p=27927"]}]},{"@type":"BreadcrumbList","@id":"https:\/\/www.edugestores.pe\/?p=27927#breadcrumb","itemListElement":[{"@type":"ListItem","position":1,"name":"Portada","item":"https:\/\/www.edugestores.pe\/"},{"@type":"ListItem","position":2,"name":"El ciclo de formaci\u00f3n interna en la Educaci\u00f3n b\u00e1sica (RVM 186-2021-MINEDU)"}]},{"@type":"Person","@id":"https:\/\/www.edugestores.pe\/#\/schema\/person\/30dc82f35f5853289037a64b35c7c7d3","name":"Administrador","image":{"@type":"ImageObject","@id":"https:\/\/www.edugestores.pe\/#personlogo","inLanguage":"es","url":"https:\/\/secure.gravatar.com\/avatar\/70960d1239c4d2c778bb3d2786a3c1ae?s=96&d=mm&r=g","contentUrl":"https:\/\/secure.gravatar.com\/avatar\/70960d1239c4d2c778bb3d2786a3c1ae?s=96&d=mm&r=g","caption":"Administrador"},"url":"https:\/\/www.edugestores.pe\/?author=63"}]}},"jetpack_featured_media_url":"https:\/\/www.edugestores.pe\/wp-content\/uploads\/2021\/06\/banner-nomativa.png","_links":{"self":[{"href":"https:\/\/www.edugestores.pe\/index.php?rest_route=\/wp\/v2\/posts\/27927"}],"collection":[{"href":"https:\/\/www.edugestores.pe\/index.php?rest_route=\/wp\/v2\/posts"}],"about":[{"href":"https:\/\/www.edugestores.pe\/index.php?rest_route=\/wp\/v2\/types\/post"}],"author":[{"embeddable":true,"href":"https:\/\/www.edugestores.pe\/index.php?rest_route=\/wp\/v2\/users\/63"}],"replies":[{"embeddable":true,"href":"https:\/\/www.edugestores.pe\/index.php?rest_route=%2Fwp%2Fv2%2Fcomments&post=27927"}],"version-history":[{"count":3,"href":"https:\/\/www.edugestores.pe\/index.php?rest_route=\/wp\/v2\/posts\/27927\/revisions"}],"predecessor-version":[{"id":28653,"href":"https:\/\/www.edugestores.pe\/index.php?rest_route=\/wp\/v2\/posts\/27927\/revisions\/28653"}],"wp:featuredmedia":[{"embeddable":true,"href":"https:\/\/www.edugestores.pe\/index.php?rest_route=\/wp\/v2\/media\/27744"}],"wp:attachment":[{"href":"https:\/\/www.edugestores.pe\/index.php?rest_route=%2Fwp%2Fv2%2Fmedia&parent=27927"}],"wp:term":[{"taxonomy":"category","embeddable":true,"href":"https:\/\/www.edugestores.pe\/index.php?rest_route=%2Fwp%2Fv2%2Fcategories&post=27927"},{"taxonomy":"post_tag","embeddable":true,"href":"https:\/\/www.edugestores.pe\/index.php?rest_route=%2Fwp%2Fv2%2Ftags&post=27927"}],"curies":[{"name":"wp","href":"https:\/\/api.w.org\/{rel}","templated":true}]}}