{"id":28664,"date":"2022-03-01T11:48:13","date_gmt":"2022-03-01T16:48:13","guid":{"rendered":"https:\/\/www.edugestores.pe\/?p=28664"},"modified":"2022-03-01T11:51:31","modified_gmt":"2022-03-01T16:51:31","slug":"escolares-deben-guardar-un-metro-de-distancia-en-las-aulas","status":"publish","type":"post","link":"https:\/\/www.edugestores.pe\/?p=28664","title":{"rendered":"Escolares deben guardar un metro de distancia en las aulas"},"content":{"rendered":"\n<p class=\"has-text-align-center\">Protocolo. Seg\u00fan el Minsa, si salones no se dan abasto, se deber\u00e1 habilitar horarios diferenciados. Colegios particulares inician clases y los p\u00fablicos lo har\u00e1n este mes.<\/p>\n\n\n\n<p>En el marco del retorno a las&nbsp;<strong>clases semipresenciales<\/strong>&nbsp;en colegios privados y pr\u00f3ximamente en los p\u00fablicos, el Ministerio de Salud (Minsa) ha ratificado que los escolares deber\u00e1n mantener el distanciamiento de un metro en las aulas. No obstante, hay incertidumbre en los padres de aquellas escuelas con espacios reducidos y pocos ambientes alternos para albergar a los ni\u00f1os.<\/p>\n\n\n\n<p>Tras el reciente decreto supremo que ampl\u00eda al 100% el aforo en espacios cerrados, el director de intervenciones estrat\u00e9gicas en salud p\u00fablica del Minsa, Alexis Holgu\u00edn, dej\u00f3 entrever que esto no est\u00e1 vinculado a los salones de clase, donde, m\u00e1s bien, los ni\u00f1os tendr\u00e1n que estar separados. <\/p>\n\n\n\n<blockquote class=\"wp-block-quote\"><p>\u201cHay que diferenciar aforo y distanciamiento. El aforo lo daba un reglamento diferente, no el del Minsa, sino el de construcci\u00f3n de viviendas. Ahora se cambia eso por distanciamiento de un metro\u201d, dijo.<\/p><\/blockquote>\n\n\n\n<p>En esa l\u00ednea, al aplicarse esta medida en un aula dise\u00f1ada para 30 o m\u00e1s estudiantes, hay la posibilidad de que a\u00fan pueda albergar a todos en caso su \u00e1rea lo permita, o que el espacio ahora resulte insuficiente. \u00bfQu\u00e9 pasar\u00e1 con los ni\u00f1os que no alcancen? <\/p>\n\n\n\n<blockquote class=\"wp-block-quote\"><p>\u201cEn eso trabaja el Ministerio de Educaci\u00f3n con los gobiernos regionales para hacer horarios diferenciados\u201d, argument\u00f3 Holgu\u00edn en RPP.<\/p><\/blockquote>\n\n\n\n<p>Esta es la situaci\u00f3n cuando colegios privados en regiones como Tacna, Arequipa, Callao y Lima empiezan hoy sus clases y cuando queda menos de un mes del plazo dado para que las escuelas p\u00fablicas lo hagan. En Ayacucho, Hu\u00e1nuco, Tumbes, Moquegua ya han anunciado que ser\u00e1 entre el <strong>14<\/strong> y <strong>21<\/strong> de marzo.<\/p>\n\n\n\n<h2 class=\"has-medium-font-size wp-block-heading\">En clases y alimentaci\u00f3n<\/h2>\n\n\n\n<p>Ahora bien, lo ratificado por el Minsa va en la l\u00ednea con la \u00faltima normativa para el retorno a la presencialidad en el 2022 del Minedu. En esta se dispone que, en el caso de la presencialidad, los estudiantes no deber\u00e1n exceder el aforo m\u00e1ximo permitido y pueden asistir diariamente cuidando el distanciamiento f\u00edsico de un metro, bajo los protocolos establecidos. El horario regular va de lunes a viernes.<\/p>\n\n\n\n<p>La<a href=\"https:\/\/www.edugestores.pe\/wp-content\/uploads\/2022\/01\/2034354-1.pdf\" target=\"_blank\" rel=\"noreferrer noopener\"> resoluci\u00f3n ministerial 048-2022<\/a> tambi\u00e9n precisa que para el consumo de alimentos, los alumnos deber\u00e1n guardar una distancia de dos metros, en un espacio abierto, con el acompa\u00f1amiento de un docente.<\/p>\n\n\n\n<p>Al respecto, el experto en salud p\u00fablica, Omar Neyra, ha se\u00f1alado que los colegios son centros de bajo contagio, por lo cual considera necesaria una presencialidad al 100%. \u201cEl an\u00e1lisis para implementar protocolos en colegios no deben ser los de la sociedad. Si tengo cines, caf\u00e9s, centros comerciales aglomerados donde no hay ventilaci\u00f3n, implemento medidas de bioseguridad estrictas. Los colegios bien ventilados, se respetan, hay aforos limitados\u201d.<\/p>\n\n\n\n<p>Sobre esto \u00faltimo, el secretario general del Sutep, Lucio Castro, dice que si bien las escuelas particulares tienen protocolos e infraestructura id\u00f3nea, en las estatales hay problemas con los ambientes, transporte y alimentaci\u00f3n. \u201cLas escuelas rurales est\u00e1n desatendidas\u201d.<\/p>\n\n\n\n<hr class=\"wp-block-separator\"\/>\n\n\n\n<p class=\"has-cyan-bluish-gray-color has-text-color\"><em>Fuente: <a href=\"https:\/\/larepublica.pe\/sociedad\/2022\/03\/01\/clases-presenciales-escolares-deben-guardar-un-metro-de-distancia-en-las-aulas-minsa-minedu\/\" target=\"_blank\" rel=\"noreferrer noopener\">LR<\/a><\/em><\/p>\n","protected":false},"excerpt":{"rendered":"<p>Protocolo. Seg\u00fan el Minsa, si salones no se dan abasto, se deber\u00e1 habilitar horarios diferenciados. Colegios particulares inician clases y [&hellip;]<\/p>\n","protected":false},"author":63,"featured_media":28666,"comment_status":"open","ping_status":"closed","sticky":false,"template":"","format":"standard","meta":{"spay_email":""},"categories":[125,1],"tags":[],"yoast_head":"<!-- This site is optimized with the Yoast SEO plugin v18.0 - https:\/\/yoast.com\/wordpress\/plugins\/seo\/ -->\n<title>Escolares deben guardar un metro de distancia en las aulas<\/title>\n<meta name=\"robots\" content=\"index, follow, max-snippet:-1, max-image-preview:large, max-video-preview:-1\" \/>\n<link rel=\"canonical\" href=\"https:\/\/www.edugestores.pe\/?p=28664\" \/>\n<meta property=\"og:locale\" content=\"es_ES\" \/>\n<meta property=\"og:type\" content=\"article\" \/>\n<meta property=\"og:title\" content=\"Escolares deben guardar un metro de distancia en las aulas\" \/>\n<meta property=\"og:description\" content=\"Protocolo. Seg\u00fan el Minsa, si salones no se dan abasto, se deber\u00e1 habilitar horarios diferenciados. Colegios particulares inician clases y [&hellip;]\" \/>\n<meta property=\"og:url\" content=\"https:\/\/www.edugestores.pe\/?p=28664\" \/>\n<meta property=\"og:site_name\" content=\"Red Peruana de Gestores de la Educaci\u00f3n\" \/>\n<meta property=\"article:published_time\" content=\"2022-03-01T16:48:13+00:00\" \/>\n<meta property=\"article:modified_time\" content=\"2022-03-01T16:51:31+00:00\" \/>\n<meta property=\"og:image\" content=\"https:\/\/www.edugestores.pe\/wp-content\/uploads\/2022\/03\/EDUGESTORES16FEBREI112.jpg\" \/>\n\t<meta property=\"og:image:width\" content=\"580\" \/>\n\t<meta property=\"og:image:height\" content=\"330\" \/>\n\t<meta property=\"og:image:type\" content=\"image\/jpeg\" \/>\n<meta name=\"twitter:card\" content=\"summary_large_image\" \/>\n<meta name=\"twitter:label1\" content=\"Escrito por\" \/>\n\t<meta name=\"twitter:data1\" content=\"Administrador\" \/>\n\t<meta name=\"twitter:label2\" content=\"Tiempo de lectura\" \/>\n\t<meta name=\"twitter:data2\" content=\"3 minutos\" \/>\n<script type=\"application\/ld+json\" class=\"yoast-schema-graph\">{\"@context\":\"https:\/\/schema.org\",\"@graph\":[{\"@type\":\"WebSite\",\"@id\":\"https:\/\/www.edugestores.pe\/#website\",\"url\":\"https:\/\/www.edugestores.pe\/\",\"name\":\"Red Peruana de Gestores de la Educaci\u00f3n\",\"description\":\"Red Peruana de Gestores de la Educaci\u00f3n\",\"potentialAction\":[{\"@type\":\"SearchAction\",\"target\":{\"@type\":\"EntryPoint\",\"urlTemplate\":\"https:\/\/www.edugestores.pe\/?s={search_term_string}\"},\"query-input\":\"required name=search_term_string\"}],\"inLanguage\":\"es\"},{\"@type\":\"ImageObject\",\"@id\":\"https:\/\/www.edugestores.pe\/?p=28664#primaryimage\",\"inLanguage\":\"es\",\"url\":\"https:\/\/www.edugestores.pe\/wp-content\/uploads\/2022\/03\/EDUGESTORES16FEBREI112.jpg\",\"contentUrl\":\"https:\/\/www.edugestores.pe\/wp-content\/uploads\/2022\/03\/EDUGESTORES16FEBREI112.jpg\",\"width\":580,\"height\":330},{\"@type\":\"WebPage\",\"@id\":\"https:\/\/www.edugestores.pe\/?p=28664#webpage\",\"url\":\"https:\/\/www.edugestores.pe\/?p=28664\",\"name\":\"Escolares deben guardar un metro de distancia en las aulas\",\"isPartOf\":{\"@id\":\"https:\/\/www.edugestores.pe\/#website\"},\"primaryImageOfPage\":{\"@id\":\"https:\/\/www.edugestores.pe\/?p=28664#primaryimage\"},\"datePublished\":\"2022-03-01T16:48:13+00:00\",\"dateModified\":\"2022-03-01T16:51:31+00:00\",\"author\":{\"@id\":\"https:\/\/www.edugestores.pe\/#\/schema\/person\/30dc82f35f5853289037a64b35c7c7d3\"},\"breadcrumb\":{\"@id\":\"https:\/\/www.edugestores.pe\/?p=28664#breadcrumb\"},\"inLanguage\":\"es\",\"potentialAction\":[{\"@type\":\"ReadAction\",\"target\":[\"https:\/\/www.edugestores.pe\/?p=28664\"]}]},{\"@type\":\"BreadcrumbList\",\"@id\":\"https:\/\/www.edugestores.pe\/?p=28664#breadcrumb\",\"itemListElement\":[{\"@type\":\"ListItem\",\"position\":1,\"name\":\"Portada\",\"item\":\"https:\/\/www.edugestores.pe\/\"},{\"@type\":\"ListItem\",\"position\":2,\"name\":\"Escolares deben guardar un metro de distancia en las aulas\"}]},{\"@type\":\"Person\",\"@id\":\"https:\/\/www.edugestores.pe\/#\/schema\/person\/30dc82f35f5853289037a64b35c7c7d3\",\"name\":\"Administrador\",\"image\":{\"@type\":\"ImageObject\",\"@id\":\"https:\/\/www.edugestores.pe\/#personlogo\",\"inLanguage\":\"es\",\"url\":\"https:\/\/secure.gravatar.com\/avatar\/70960d1239c4d2c778bb3d2786a3c1ae?s=96&d=mm&r=g\",\"contentUrl\":\"https:\/\/secure.gravatar.com\/avatar\/70960d1239c4d2c778bb3d2786a3c1ae?s=96&d=mm&r=g\",\"caption\":\"Administrador\"},\"url\":\"https:\/\/www.edugestores.pe\/?author=63\"}]}<\/script>\n<!-- \/ Yoast SEO plugin. -->","yoast_head_json":{"title":"Escolares deben guardar un metro de distancia en las aulas","robots":{"index":"index","follow":"follow","max-snippet":"max-snippet:-1","max-image-preview":"max-image-preview:large","max-video-preview":"max-video-preview:-1"},"canonical":"https:\/\/www.edugestores.pe\/?p=28664","og_locale":"es_ES","og_type":"article","og_title":"Escolares deben guardar un metro de distancia en las aulas","og_description":"Protocolo. Seg\u00fan el Minsa, si salones no se dan abasto, se deber\u00e1 habilitar horarios diferenciados. Colegios particulares inician clases y [&hellip;]","og_url":"https:\/\/www.edugestores.pe\/?p=28664","og_site_name":"Red Peruana de Gestores de la Educaci\u00f3n","article_published_time":"2022-03-01T16:48:13+00:00","article_modified_time":"2022-03-01T16:51:31+00:00","og_image":[{"width":580,"height":330,"url":"https:\/\/www.edugestores.pe\/wp-content\/uploads\/2022\/03\/EDUGESTORES16FEBREI112.jpg","type":"image\/jpeg"}],"twitter_card":"summary_large_image","twitter_misc":{"Escrito por":"Administrador","Tiempo de lectura":"3 minutos"},"schema":{"@context":"https:\/\/schema.org","@graph":[{"@type":"WebSite","@id":"https:\/\/www.edugestores.pe\/#website","url":"https:\/\/www.edugestores.pe\/","name":"Red Peruana de Gestores de la Educaci\u00f3n","description":"Red Peruana de Gestores de la Educaci\u00f3n","potentialAction":[{"@type":"SearchAction","target":{"@type":"EntryPoint","urlTemplate":"https:\/\/www.edugestores.pe\/?s={search_term_string}"},"query-input":"required name=search_term_string"}],"inLanguage":"es"},{"@type":"ImageObject","@id":"https:\/\/www.edugestores.pe\/?p=28664#primaryimage","inLanguage":"es","url":"https:\/\/www.edugestores.pe\/wp-content\/uploads\/2022\/03\/EDUGESTORES16FEBREI112.jpg","contentUrl":"https:\/\/www.edugestores.pe\/wp-content\/uploads\/2022\/03\/EDUGESTORES16FEBREI112.jpg","width":580,"height":330},{"@type":"WebPage","@id":"https:\/\/www.edugestores.pe\/?p=28664#webpage","url":"https:\/\/www.edugestores.pe\/?p=28664","name":"Escolares deben guardar un metro de distancia en las aulas","isPartOf":{"@id":"https:\/\/www.edugestores.pe\/#website"},"primaryImageOfPage":{"@id":"https:\/\/www.edugestores.pe\/?p=28664#primaryimage"},"datePublished":"2022-03-01T16:48:13+00:00","dateModified":"2022-03-01T16:51:31+00:00","author":{"@id":"https:\/\/www.edugestores.pe\/#\/schema\/person\/30dc82f35f5853289037a64b35c7c7d3"},"breadcrumb":{"@id":"https:\/\/www.edugestores.pe\/?p=28664#breadcrumb"},"inLanguage":"es","potentialAction":[{"@type":"ReadAction","target":["https:\/\/www.edugestores.pe\/?p=28664"]}]},{"@type":"BreadcrumbList","@id":"https:\/\/www.edugestores.pe\/?p=28664#breadcrumb","itemListElement":[{"@type":"ListItem","position":1,"name":"Portada","item":"https:\/\/www.edugestores.pe\/"},{"@type":"ListItem","position":2,"name":"Escolares deben guardar un metro de distancia en las aulas"}]},{"@type":"Person","@id":"https:\/\/www.edugestores.pe\/#\/schema\/person\/30dc82f35f5853289037a64b35c7c7d3","name":"Administrador","image":{"@type":"ImageObject","@id":"https:\/\/www.edugestores.pe\/#personlogo","inLanguage":"es","url":"https:\/\/secure.gravatar.com\/avatar\/70960d1239c4d2c778bb3d2786a3c1ae?s=96&d=mm&r=g","contentUrl":"https:\/\/secure.gravatar.com\/avatar\/70960d1239c4d2c778bb3d2786a3c1ae?s=96&d=mm&r=g","caption":"Administrador"},"url":"https:\/\/www.edugestores.pe\/?author=63"}]}},"jetpack_featured_media_url":"https:\/\/www.edugestores.pe\/wp-content\/uploads\/2022\/03\/EDUGESTORES16FEBREI112.jpg","_links":{"self":[{"href":"https:\/\/www.edugestores.pe\/index.php?rest_route=\/wp\/v2\/posts\/28664"}],"collection":[{"href":"https:\/\/www.edugestores.pe\/index.php?rest_route=\/wp\/v2\/posts"}],"about":[{"href":"https:\/\/www.edugestores.pe\/index.php?rest_route=\/wp\/v2\/types\/post"}],"author":[{"embeddable":true,"href":"https:\/\/www.edugestores.pe\/index.php?rest_route=\/wp\/v2\/users\/63"}],"replies":[{"embeddable":true,"href":"https:\/\/www.edugestores.pe\/index.php?rest_route=%2Fwp%2Fv2%2Fcomments&post=28664"}],"version-history":[{"count":5,"href":"https:\/\/www.edugestores.pe\/index.php?rest_route=\/wp\/v2\/posts\/28664\/revisions"}],"predecessor-version":[{"id":28670,"href":"https:\/\/www.edugestores.pe\/index.php?rest_route=\/wp\/v2\/posts\/28664\/revisions\/28670"}],"wp:featuredmedia":[{"embeddable":true,"href":"https:\/\/www.edugestores.pe\/index.php?rest_route=\/wp\/v2\/media\/28666"}],"wp:attachment":[{"href":"https:\/\/www.edugestores.pe\/index.php?rest_route=%2Fwp%2Fv2%2Fmedia&parent=28664"}],"wp:term":[{"taxonomy":"category","embeddable":true,"href":"https:\/\/www.edugestores.pe\/index.php?rest_route=%2Fwp%2Fv2%2Fcategories&post=28664"},{"taxonomy":"post_tag","embeddable":true,"href":"https:\/\/www.edugestores.pe\/index.php?rest_route=%2Fwp%2Fv2%2Ftags&post=28664"}],"curies":[{"name":"wp","href":"https:\/\/api.w.org\/{rel}","templated":true}]}}