{"id":28679,"date":"2022-03-14T10:14:03","date_gmt":"2022-03-14T15:14:03","guid":{"rendered":"https:\/\/www.edugestores.pe\/?p=28679"},"modified":"2022-03-14T10:14:07","modified_gmt":"2022-03-14T15:14:07","slug":"de-vuelta-al-colegio-18-regiones-iniciaran-clases-presenciales-este-lunes-14-de-marzo","status":"publish","type":"post","link":"https:\/\/www.edugestores.pe\/?p=28679","title":{"rendered":"De vuelta al colegio: 18 regiones iniciar\u00e1n clases presenciales este lunes 14 de marzo"},"content":{"rendered":"\n<p class=\"has-text-align-center\">Ministros se desplazar\u00e1n ese d\u00eda a las regiones para tomar en cuenta y buscar soluci\u00f3n a situaciones cr\u00edticas.<\/p>\n\n\n\n<p>El ministro de Educaci\u00f3n, Rosendo Serna Rom\u00e1n, confirm\u00f3 esta ma\u00f1ana que este lunes 14 de marzo se iniciar\u00e1n las clases presenciales en 18 regiones del pa\u00eds, para lo cual se ha dispuesto que los ministros de desplacen a dichas jurisdicciones para inaugurar el a\u00f1o escolar.<br>&#8220;Las clases est\u00e1n se\u00f1aladas para iniciarse como tope el 28 de marzo, pero desde este lunes 14, por propia decisi\u00f3n de 18 regiones, se dar\u00e1 inicio al a\u00f1o escolar presencial teniendo en cuenta sus propios factores en cada jurisdicci\u00f3n&#8221;, expres\u00f3.<\/p>\n\n\n\n<p>En ese sentido, dio cuenta que en la sesi\u00f3n del Consejo de Ministros de ayer y por disposici\u00f3n del presidente Pedro Castillo, se acord\u00f3 que los titulares de los diversos sectores se constituyan a las 18 regiones, no solo para estar presentes en el inicio de las clases presenciales, sino tomar en cuenta las situaciones especiales que se puedan presentar, para la soluci\u00f3n correspondiente.<\/p>\n\n\n\n<blockquote class=\"wp-block-quote\"><p>&#8220;La actividad de cada ministro es dar inicio al a\u00f1o escolar en forma presencial, pero tambi\u00e9n de dialogar, conversar y tomar nota respecto a la situaci\u00f3n especial y cr\u00edtica que puede ocurrir en un determinado colegio&#8221;, manifest\u00f3.<\/p><\/blockquote>\n\n\n\n<blockquote class=\"wp-block-quote\"><p>&#8220;El objeto es focalizar el problema (que ocurra en el plantel) y brindar asistencia&#8221;, puntualiz\u00f3 durante una entrevista en Tv Per\u00fa.<\/p><\/blockquote>\n\n\n\n<p>Las regiones que han adelantado que iniciar\u00e1n este lunes sus clases presenciales son Tacna, Amazonas, Hu\u00e1nuco, Ancash, Jun\u00edn e Ica, entre otros.<\/p>\n\n\n\n<p>Serna afirm\u00f3 tambi\u00e9n que el objetivo es superar todas las situaciones cr\u00edticas que se presenten en los colegios, para que est\u00e9n habilitados el 28 de marzo y no se afecte el derecho a la educaci\u00f3n.<\/p>\n\n\n\n<p>El titular del Minedu explic\u00f3 que existen situaciones cr\u00edticas en diversos planteles del pa\u00eds para lo cual ya se tienen aulas prefabricadas y en otros casos, espacios en otros planteles para albergar a los alumnos y puedan iniciar las clases presenciales.<\/p>\n\n\n\n<hr class=\"wp-block-separator\"\/>\n\n\n\n<p class=\"has-cyan-bluish-gray-color has-text-color has-small-font-size\"><em>Fuente: <a href=\"https:\/\/elperuano.pe\/noticia\/140999-de-vuelta-al-colegio-18-regiones-iniciaran-clases-presenciales-este-lunes-14-de-marzo\" target=\"_blank\" rel=\"noreferrer noopener\">ElPeruano<\/a><\/em><\/p>\n","protected":false},"excerpt":{"rendered":"<p>Ministros se desplazar\u00e1n ese d\u00eda a las regiones para tomar en cuenta y buscar soluci\u00f3n a situaciones cr\u00edticas. El ministro [&hellip;]<\/p>\n","protected":false},"author":63,"featured_media":28681,"comment_status":"open","ping_status":"closed","sticky":false,"template":"","format":"standard","meta":{"spay_email":""},"categories":[125,1],"tags":[],"yoast_head":"<!-- This site is optimized with the Yoast SEO plugin v18.0 - https:\/\/yoast.com\/wordpress\/plugins\/seo\/ -->\n<title>De vuelta al colegio: 18 regiones iniciar\u00e1n clases presenciales este lunes 14 de marzo<\/title>\n<meta name=\"robots\" content=\"index, follow, max-snippet:-1, max-image-preview:large, max-video-preview:-1\" \/>\n<link rel=\"canonical\" href=\"https:\/\/www.edugestores.pe\/?p=28679\" \/>\n<meta property=\"og:locale\" content=\"es_ES\" \/>\n<meta property=\"og:type\" content=\"article\" \/>\n<meta property=\"og:title\" content=\"De vuelta al colegio: 18 regiones iniciar\u00e1n clases presenciales este lunes 14 de marzo\" \/>\n<meta property=\"og:description\" content=\"Ministros se desplazar\u00e1n ese d\u00eda a las regiones para tomar en cuenta y buscar soluci\u00f3n a situaciones cr\u00edticas. El ministro [&hellip;]\" \/>\n<meta property=\"og:url\" content=\"https:\/\/www.edugestores.pe\/?p=28679\" \/>\n<meta property=\"og:site_name\" content=\"Red Peruana de Gestores de la Educaci\u00f3n\" \/>\n<meta property=\"article:published_time\" content=\"2022-03-14T15:14:03+00:00\" \/>\n<meta property=\"article:modified_time\" content=\"2022-03-14T15:14:07+00:00\" \/>\n<meta property=\"og:image\" content=\"https:\/\/www.edugestores.pe\/wp-content\/uploads\/2022\/03\/EDUGESTORES14defebrero.png\" \/>\n\t<meta property=\"og:image:width\" content=\"580\" \/>\n\t<meta property=\"og:image:height\" content=\"330\" \/>\n\t<meta property=\"og:image:type\" content=\"image\/png\" \/>\n<meta name=\"twitter:card\" content=\"summary_large_image\" \/>\n<meta name=\"twitter:label1\" content=\"Escrito por\" \/>\n\t<meta name=\"twitter:data1\" content=\"Administrador\" \/>\n\t<meta name=\"twitter:label2\" content=\"Tiempo de lectura\" \/>\n\t<meta name=\"twitter:data2\" content=\"2 minutos\" \/>\n<script type=\"application\/ld+json\" class=\"yoast-schema-graph\">{\"@context\":\"https:\/\/schema.org\",\"@graph\":[{\"@type\":\"WebSite\",\"@id\":\"https:\/\/www.edugestores.pe\/#website\",\"url\":\"https:\/\/www.edugestores.pe\/\",\"name\":\"Red Peruana de Gestores de la Educaci\u00f3n\",\"description\":\"Red Peruana de Gestores de la Educaci\u00f3n\",\"potentialAction\":[{\"@type\":\"SearchAction\",\"target\":{\"@type\":\"EntryPoint\",\"urlTemplate\":\"https:\/\/www.edugestores.pe\/?s={search_term_string}\"},\"query-input\":\"required name=search_term_string\"}],\"inLanguage\":\"es\"},{\"@type\":\"ImageObject\",\"@id\":\"https:\/\/www.edugestores.pe\/?p=28679#primaryimage\",\"inLanguage\":\"es\",\"url\":\"https:\/\/www.edugestores.pe\/wp-content\/uploads\/2022\/03\/EDUGESTORES14defebrero.png\",\"contentUrl\":\"https:\/\/www.edugestores.pe\/wp-content\/uploads\/2022\/03\/EDUGESTORES14defebrero.png\",\"width\":580,\"height\":330},{\"@type\":\"WebPage\",\"@id\":\"https:\/\/www.edugestores.pe\/?p=28679#webpage\",\"url\":\"https:\/\/www.edugestores.pe\/?p=28679\",\"name\":\"De vuelta al colegio: 18 regiones iniciar\u00e1n clases presenciales este lunes 14 de marzo\",\"isPartOf\":{\"@id\":\"https:\/\/www.edugestores.pe\/#website\"},\"primaryImageOfPage\":{\"@id\":\"https:\/\/www.edugestores.pe\/?p=28679#primaryimage\"},\"datePublished\":\"2022-03-14T15:14:03+00:00\",\"dateModified\":\"2022-03-14T15:14:07+00:00\",\"author\":{\"@id\":\"https:\/\/www.edugestores.pe\/#\/schema\/person\/30dc82f35f5853289037a64b35c7c7d3\"},\"breadcrumb\":{\"@id\":\"https:\/\/www.edugestores.pe\/?p=28679#breadcrumb\"},\"inLanguage\":\"es\",\"potentialAction\":[{\"@type\":\"ReadAction\",\"target\":[\"https:\/\/www.edugestores.pe\/?p=28679\"]}]},{\"@type\":\"BreadcrumbList\",\"@id\":\"https:\/\/www.edugestores.pe\/?p=28679#breadcrumb\",\"itemListElement\":[{\"@type\":\"ListItem\",\"position\":1,\"name\":\"Portada\",\"item\":\"https:\/\/www.edugestores.pe\/\"},{\"@type\":\"ListItem\",\"position\":2,\"name\":\"De vuelta al colegio: 18 regiones iniciar\u00e1n clases presenciales este lunes 14 de marzo\"}]},{\"@type\":\"Person\",\"@id\":\"https:\/\/www.edugestores.pe\/#\/schema\/person\/30dc82f35f5853289037a64b35c7c7d3\",\"name\":\"Administrador\",\"image\":{\"@type\":\"ImageObject\",\"@id\":\"https:\/\/www.edugestores.pe\/#personlogo\",\"inLanguage\":\"es\",\"url\":\"https:\/\/secure.gravatar.com\/avatar\/70960d1239c4d2c778bb3d2786a3c1ae?s=96&d=mm&r=g\",\"contentUrl\":\"https:\/\/secure.gravatar.com\/avatar\/70960d1239c4d2c778bb3d2786a3c1ae?s=96&d=mm&r=g\",\"caption\":\"Administrador\"},\"url\":\"https:\/\/www.edugestores.pe\/?author=63\"}]}<\/script>\n<!-- \/ Yoast SEO plugin. -->","yoast_head_json":{"title":"De vuelta al colegio: 18 regiones iniciar\u00e1n clases presenciales este lunes 14 de marzo","robots":{"index":"index","follow":"follow","max-snippet":"max-snippet:-1","max-image-preview":"max-image-preview:large","max-video-preview":"max-video-preview:-1"},"canonical":"https:\/\/www.edugestores.pe\/?p=28679","og_locale":"es_ES","og_type":"article","og_title":"De vuelta al colegio: 18 regiones iniciar\u00e1n clases presenciales este lunes 14 de marzo","og_description":"Ministros se desplazar\u00e1n ese d\u00eda a las regiones para tomar en cuenta y buscar soluci\u00f3n a situaciones cr\u00edticas. El ministro [&hellip;]","og_url":"https:\/\/www.edugestores.pe\/?p=28679","og_site_name":"Red Peruana de Gestores de la Educaci\u00f3n","article_published_time":"2022-03-14T15:14:03+00:00","article_modified_time":"2022-03-14T15:14:07+00:00","og_image":[{"width":580,"height":330,"url":"https:\/\/www.edugestores.pe\/wp-content\/uploads\/2022\/03\/EDUGESTORES14defebrero.png","type":"image\/png"}],"twitter_card":"summary_large_image","twitter_misc":{"Escrito por":"Administrador","Tiempo de lectura":"2 minutos"},"schema":{"@context":"https:\/\/schema.org","@graph":[{"@type":"WebSite","@id":"https:\/\/www.edugestores.pe\/#website","url":"https:\/\/www.edugestores.pe\/","name":"Red Peruana de Gestores de la Educaci\u00f3n","description":"Red Peruana de Gestores de la Educaci\u00f3n","potentialAction":[{"@type":"SearchAction","target":{"@type":"EntryPoint","urlTemplate":"https:\/\/www.edugestores.pe\/?s={search_term_string}"},"query-input":"required name=search_term_string"}],"inLanguage":"es"},{"@type":"ImageObject","@id":"https:\/\/www.edugestores.pe\/?p=28679#primaryimage","inLanguage":"es","url":"https:\/\/www.edugestores.pe\/wp-content\/uploads\/2022\/03\/EDUGESTORES14defebrero.png","contentUrl":"https:\/\/www.edugestores.pe\/wp-content\/uploads\/2022\/03\/EDUGESTORES14defebrero.png","width":580,"height":330},{"@type":"WebPage","@id":"https:\/\/www.edugestores.pe\/?p=28679#webpage","url":"https:\/\/www.edugestores.pe\/?p=28679","name":"De vuelta al colegio: 18 regiones iniciar\u00e1n clases presenciales este lunes 14 de marzo","isPartOf":{"@id":"https:\/\/www.edugestores.pe\/#website"},"primaryImageOfPage":{"@id":"https:\/\/www.edugestores.pe\/?p=28679#primaryimage"},"datePublished":"2022-03-14T15:14:03+00:00","dateModified":"2022-03-14T15:14:07+00:00","author":{"@id":"https:\/\/www.edugestores.pe\/#\/schema\/person\/30dc82f35f5853289037a64b35c7c7d3"},"breadcrumb":{"@id":"https:\/\/www.edugestores.pe\/?p=28679#breadcrumb"},"inLanguage":"es","potentialAction":[{"@type":"ReadAction","target":["https:\/\/www.edugestores.pe\/?p=28679"]}]},{"@type":"BreadcrumbList","@id":"https:\/\/www.edugestores.pe\/?p=28679#breadcrumb","itemListElement":[{"@type":"ListItem","position":1,"name":"Portada","item":"https:\/\/www.edugestores.pe\/"},{"@type":"ListItem","position":2,"name":"De vuelta al colegio: 18 regiones iniciar\u00e1n clases presenciales este lunes 14 de marzo"}]},{"@type":"Person","@id":"https:\/\/www.edugestores.pe\/#\/schema\/person\/30dc82f35f5853289037a64b35c7c7d3","name":"Administrador","image":{"@type":"ImageObject","@id":"https:\/\/www.edugestores.pe\/#personlogo","inLanguage":"es","url":"https:\/\/secure.gravatar.com\/avatar\/70960d1239c4d2c778bb3d2786a3c1ae?s=96&d=mm&r=g","contentUrl":"https:\/\/secure.gravatar.com\/avatar\/70960d1239c4d2c778bb3d2786a3c1ae?s=96&d=mm&r=g","caption":"Administrador"},"url":"https:\/\/www.edugestores.pe\/?author=63"}]}},"jetpack_featured_media_url":"https:\/\/www.edugestores.pe\/wp-content\/uploads\/2022\/03\/EDUGESTORES14defebrero.png","_links":{"self":[{"href":"https:\/\/www.edugestores.pe\/index.php?rest_route=\/wp\/v2\/posts\/28679"}],"collection":[{"href":"https:\/\/www.edugestores.pe\/index.php?rest_route=\/wp\/v2\/posts"}],"about":[{"href":"https:\/\/www.edugestores.pe\/index.php?rest_route=\/wp\/v2\/types\/post"}],"author":[{"embeddable":true,"href":"https:\/\/www.edugestores.pe\/index.php?rest_route=\/wp\/v2\/users\/63"}],"replies":[{"embeddable":true,"href":"https:\/\/www.edugestores.pe\/index.php?rest_route=%2Fwp%2Fv2%2Fcomments&post=28679"}],"version-history":[{"count":1,"href":"https:\/\/www.edugestores.pe\/index.php?rest_route=\/wp\/v2\/posts\/28679\/revisions"}],"predecessor-version":[{"id":28680,"href":"https:\/\/www.edugestores.pe\/index.php?rest_route=\/wp\/v2\/posts\/28679\/revisions\/28680"}],"wp:featuredmedia":[{"embeddable":true,"href":"https:\/\/www.edugestores.pe\/index.php?rest_route=\/wp\/v2\/media\/28681"}],"wp:attachment":[{"href":"https:\/\/www.edugestores.pe\/index.php?rest_route=%2Fwp%2Fv2%2Fmedia&parent=28679"}],"wp:term":[{"taxonomy":"category","embeddable":true,"href":"https:\/\/www.edugestores.pe\/index.php?rest_route=%2Fwp%2Fv2%2Fcategories&post=28679"},{"taxonomy":"post_tag","embeddable":true,"href":"https:\/\/www.edugestores.pe\/index.php?rest_route=%2Fwp%2Fv2%2Ftags&post=28679"}],"curies":[{"name":"wp","href":"https:\/\/api.w.org\/{rel}","templated":true}]}}