{"id":28761,"date":"2022-06-10T12:23:16","date_gmt":"2022-06-10T17:23:16","guid":{"rendered":"https:\/\/www.edugestores.pe\/?p=28761"},"modified":"2022-06-10T12:23:19","modified_gmt":"2022-06-10T17:23:19","slug":"comunicado-en-defensa-de-la-calidad-de-la-educacion-basica-y-del-rol-rector-del-ministerio-de-educacion","status":"publish","type":"post","link":"https:\/\/www.edugestores.pe\/?p=28761","title":{"rendered":"Comunicado | En defensa de la calidad de la educaci\u00f3n b\u00e1sica y del rol rector del Ministerio de Educaci\u00f3n"},"content":{"rendered":"\n<p>El Consejo Nacional de Educaci\u00f3n expresa su desacuerdo con lo propuesto en la aut\u00f3grafa de Ley denominada \u201cLey que impulsa la calidad de los materiales y recursos educativos en el Per\u00fa\u201d, aprobada por el Congreso de la Rep\u00fablica el pasado 5 de mayo, por las razones siguientes:<\/p>\n\n\n\n<p>\u2714&nbsp; &nbsp; &nbsp; &nbsp;<strong>Invade las competencias rectoras del Ministerio de Educaci\u00f3n en materia educativa,<\/strong>&nbsp;al condicionar la elaboraci\u00f3n y publicaci\u00f3n de materiales, textos y recursos educativos a la conformidad de organizaciones diversas de padres y madres de familia, qui\u00e9nes podr\u00e1n impugnar los contenidos de dichos materiales e incluso suspender su distribuci\u00f3n a las instituciones educativas p\u00fablicas. En un pa\u00eds unitario y descentralizado como el Per\u00fa, el Ministerio de Educaci\u00f3n no debe perder la rector\u00eda sobre el dise\u00f1o y supervisi\u00f3n de las pol\u00edticas de su sector, del curr\u00edculo nacional y de los materiales educativos, para poder asegurar la atenci\u00f3n a los derechos del conjunto de la ciudadan\u00eda y evitar la imposici\u00f3n de perspectivas, creencias o intereses de grupos.&nbsp;<\/p>\n\n\n\n<p>\u2714&nbsp; &nbsp; &nbsp; &nbsp;<strong>Desconoce que existen leyes y normas que regulan y protegen el derecho de los padres de familia&nbsp;<\/strong>aparticipar<strong>&nbsp;<\/strong>en el proceso educativo de sus hijos e hijas en las instituciones educativas y en otras instancias de concertaci\u00f3n y vigilancia de pol\u00edticas educativas, previstas en la Ley General de Educaci\u00f3n y en la Ley 28628 y su reglamento. Estas disposiciones except\u00faan su intervenci\u00f3n en aspectos t\u00e9cnico-pedag\u00f3gicos que requieren de conocimientos, capacidades y sensibilidades propios de profesionales de la educaci\u00f3n y especialidades afines.<\/p>\n\n\n\n<p>\u2714&nbsp; &nbsp; &nbsp; &nbsp;<strong>Pone en riesgo el acceso oportuno de las y los estudiantes a materiales educativos y aprendizajes<\/strong>&nbsp;coherentes con el Curr\u00edculo Nacional de la Educaci\u00f3n B\u00e1sica, pues dilatar\u00e1 y complicar\u00e1 los procesos t\u00e9cnicos de su elaboraci\u00f3n, as\u00ed como los de contextualizaci\u00f3n y diversificaci\u00f3n curricular, que corresponde realicen el Ministerio de Educaci\u00f3n y las instancias regionales y locales respectivamente, si se ha de lograr que todas y todos los estudiantes del pa\u00eds alcancen el perfil educativo deseado.<\/p>\n\n\n\n<p>El CNE considera que una educaci\u00f3n integral y de calidad requiere, entre otras cosas, de materiales y recursos educativos que estimulen el pensamiento cr\u00edtico y el ejercicio de una ciudadan\u00eda plena, como propone el Proyecto Educativo Nacional al 2036, y de ninguna manera para adoctrinar, que es lo que plantea la exposici\u00f3n de motivos de la aut\u00f3grafa de Ley. &nbsp;<\/p>\n\n\n\n<p>Exhortamos al Presidente de la Rep\u00fablica a observar la aut\u00f3grafa de esta ley y solicitar su archivamiento inmediato, en defensa de las facultades del Poder Ejecutivo.<\/p>\n\n\n\n<p>Esta publicaci\u00f3n pertenece al compendio\u00a0<a href=\"https:\/\/www.gob.pe\/institucion\/cne\/colecciones\/4063-comunicados-del-cne\">Comunicados del CNE<\/a><\/p>\n\n\n\n<p>Descarga el documento: <a href=\"https:\/\/www.edugestores.pe\/wp-content\/uploads\/2022\/06\/Comunicado-_-En-defensa-de-la-calidad-de-la-educacion-basica-y-del-rol-rector-del-Ministerio-de-Educacion.pdf\" target=\"_blank\" rel=\"noreferrer noopener\">aqu\u00ed<\/a><\/p>\n\n\n\n<hr class=\"wp-block-separator has-alpha-channel-opacity\"\/>\n\n\n\n<p class=\"has-small-font-size\"><em>Fuente: <a href=\"https:\/\/www.gob.pe\/\" target=\"_blank\" rel=\"noreferrer noopener\">https:\/\/www.gob.pe\/<\/a><\/em><\/p>\n","protected":false},"excerpt":{"rendered":"<p>El Consejo Nacional de Educaci\u00f3n expresa su desacuerdo con lo propuesto en la aut\u00f3grafa de Ley denominada \u201cLey que impulsa [&hellip;]<\/p>\n","protected":false},"author":63,"featured_media":28764,"comment_status":"open","ping_status":"closed","sticky":false,"template":"","format":"standard","meta":{"spay_email":""},"categories":[1],"tags":[],"yoast_head":"<!-- This site is optimized with the Yoast SEO plugin v18.0 - https:\/\/yoast.com\/wordpress\/plugins\/seo\/ -->\n<title>Comunicado | En defensa de la calidad de la educaci\u00f3n b\u00e1sica y del rol rector del Ministerio de Educaci\u00f3n - Red Peruana de Gestores de la Educaci\u00f3n<\/title>\n<meta name=\"robots\" content=\"index, follow, max-snippet:-1, max-image-preview:large, max-video-preview:-1\" \/>\n<link rel=\"canonical\" href=\"https:\/\/www.edugestores.pe\/?p=28761\" \/>\n<meta property=\"og:locale\" content=\"es_ES\" \/>\n<meta property=\"og:type\" content=\"article\" \/>\n<meta property=\"og:title\" content=\"Comunicado | En defensa de la calidad de la educaci\u00f3n b\u00e1sica y del rol rector del Ministerio de Educaci\u00f3n - Red Peruana de Gestores de la Educaci\u00f3n\" \/>\n<meta property=\"og:description\" content=\"El Consejo Nacional de Educaci\u00f3n expresa su desacuerdo con lo propuesto en la aut\u00f3grafa de Ley denominada \u201cLey que impulsa [&hellip;]\" \/>\n<meta property=\"og:url\" content=\"https:\/\/www.edugestores.pe\/?p=28761\" \/>\n<meta property=\"og:site_name\" content=\"Red Peruana de Gestores de la Educaci\u00f3n\" \/>\n<meta property=\"article:published_time\" content=\"2022-06-10T17:23:16+00:00\" \/>\n<meta property=\"article:modified_time\" content=\"2022-06-10T17:23:19+00:00\" \/>\n<meta property=\"og:image\" content=\"https:\/\/www.edugestores.pe\/wp-content\/uploads\/2022\/06\/TAMANO-NOTA-EDUGESTORES2.png\" \/>\n\t<meta property=\"og:image:width\" content=\"580\" \/>\n\t<meta property=\"og:image:height\" content=\"330\" \/>\n\t<meta property=\"og:image:type\" content=\"image\/png\" \/>\n<meta name=\"twitter:card\" content=\"summary_large_image\" \/>\n<meta name=\"twitter:label1\" content=\"Escrito por\" \/>\n\t<meta name=\"twitter:data1\" content=\"Administrador\" \/>\n\t<meta name=\"twitter:label2\" content=\"Tiempo de lectura\" \/>\n\t<meta name=\"twitter:data2\" content=\"2 minutos\" \/>\n<script type=\"application\/ld+json\" class=\"yoast-schema-graph\">{\"@context\":\"https:\/\/schema.org\",\"@graph\":[{\"@type\":\"WebSite\",\"@id\":\"https:\/\/www.edugestores.pe\/#website\",\"url\":\"https:\/\/www.edugestores.pe\/\",\"name\":\"Red Peruana de Gestores de la Educaci\u00f3n\",\"description\":\"Red Peruana de Gestores de la Educaci\u00f3n\",\"potentialAction\":[{\"@type\":\"SearchAction\",\"target\":{\"@type\":\"EntryPoint\",\"urlTemplate\":\"https:\/\/www.edugestores.pe\/?s={search_term_string}\"},\"query-input\":\"required name=search_term_string\"}],\"inLanguage\":\"es\"},{\"@type\":\"ImageObject\",\"@id\":\"https:\/\/www.edugestores.pe\/?p=28761#primaryimage\",\"inLanguage\":\"es\",\"url\":\"https:\/\/www.edugestores.pe\/wp-content\/uploads\/2022\/06\/TAMANO-NOTA-EDUGESTORES2.png\",\"contentUrl\":\"https:\/\/www.edugestores.pe\/wp-content\/uploads\/2022\/06\/TAMANO-NOTA-EDUGESTORES2.png\",\"width\":580,\"height\":330},{\"@type\":\"WebPage\",\"@id\":\"https:\/\/www.edugestores.pe\/?p=28761#webpage\",\"url\":\"https:\/\/www.edugestores.pe\/?p=28761\",\"name\":\"Comunicado | En defensa de la calidad de la educaci\u00f3n b\u00e1sica y del rol rector del Ministerio de Educaci\u00f3n - Red Peruana de Gestores de la Educaci\u00f3n\",\"isPartOf\":{\"@id\":\"https:\/\/www.edugestores.pe\/#website\"},\"primaryImageOfPage\":{\"@id\":\"https:\/\/www.edugestores.pe\/?p=28761#primaryimage\"},\"datePublished\":\"2022-06-10T17:23:16+00:00\",\"dateModified\":\"2022-06-10T17:23:19+00:00\",\"author\":{\"@id\":\"https:\/\/www.edugestores.pe\/#\/schema\/person\/30dc82f35f5853289037a64b35c7c7d3\"},\"breadcrumb\":{\"@id\":\"https:\/\/www.edugestores.pe\/?p=28761#breadcrumb\"},\"inLanguage\":\"es\",\"potentialAction\":[{\"@type\":\"ReadAction\",\"target\":[\"https:\/\/www.edugestores.pe\/?p=28761\"]}]},{\"@type\":\"BreadcrumbList\",\"@id\":\"https:\/\/www.edugestores.pe\/?p=28761#breadcrumb\",\"itemListElement\":[{\"@type\":\"ListItem\",\"position\":1,\"name\":\"Portada\",\"item\":\"https:\/\/www.edugestores.pe\/\"},{\"@type\":\"ListItem\",\"position\":2,\"name\":\"Comunicado | En defensa de la calidad de la educaci\u00f3n b\u00e1sica y del rol rector del Ministerio de Educaci\u00f3n\"}]},{\"@type\":\"Person\",\"@id\":\"https:\/\/www.edugestores.pe\/#\/schema\/person\/30dc82f35f5853289037a64b35c7c7d3\",\"name\":\"Administrador\",\"image\":{\"@type\":\"ImageObject\",\"@id\":\"https:\/\/www.edugestores.pe\/#personlogo\",\"inLanguage\":\"es\",\"url\":\"https:\/\/secure.gravatar.com\/avatar\/70960d1239c4d2c778bb3d2786a3c1ae?s=96&d=mm&r=g\",\"contentUrl\":\"https:\/\/secure.gravatar.com\/avatar\/70960d1239c4d2c778bb3d2786a3c1ae?s=96&d=mm&r=g\",\"caption\":\"Administrador\"},\"url\":\"https:\/\/www.edugestores.pe\/?author=63\"}]}<\/script>\n<!-- \/ Yoast SEO plugin. -->","yoast_head_json":{"title":"Comunicado | En defensa de la calidad de la educaci\u00f3n b\u00e1sica y del rol rector del Ministerio de Educaci\u00f3n - Red Peruana de Gestores de la Educaci\u00f3n","robots":{"index":"index","follow":"follow","max-snippet":"max-snippet:-1","max-image-preview":"max-image-preview:large","max-video-preview":"max-video-preview:-1"},"canonical":"https:\/\/www.edugestores.pe\/?p=28761","og_locale":"es_ES","og_type":"article","og_title":"Comunicado | En defensa de la calidad de la educaci\u00f3n b\u00e1sica y del rol rector del Ministerio de Educaci\u00f3n - Red Peruana de Gestores de la Educaci\u00f3n","og_description":"El Consejo Nacional de Educaci\u00f3n expresa su desacuerdo con lo propuesto en la aut\u00f3grafa de Ley denominada \u201cLey que impulsa [&hellip;]","og_url":"https:\/\/www.edugestores.pe\/?p=28761","og_site_name":"Red Peruana de Gestores de la Educaci\u00f3n","article_published_time":"2022-06-10T17:23:16+00:00","article_modified_time":"2022-06-10T17:23:19+00:00","og_image":[{"width":580,"height":330,"url":"https:\/\/www.edugestores.pe\/wp-content\/uploads\/2022\/06\/TAMANO-NOTA-EDUGESTORES2.png","type":"image\/png"}],"twitter_card":"summary_large_image","twitter_misc":{"Escrito por":"Administrador","Tiempo de lectura":"2 minutos"},"schema":{"@context":"https:\/\/schema.org","@graph":[{"@type":"WebSite","@id":"https:\/\/www.edugestores.pe\/#website","url":"https:\/\/www.edugestores.pe\/","name":"Red Peruana de Gestores de la Educaci\u00f3n","description":"Red Peruana de Gestores de la Educaci\u00f3n","potentialAction":[{"@type":"SearchAction","target":{"@type":"EntryPoint","urlTemplate":"https:\/\/www.edugestores.pe\/?s={search_term_string}"},"query-input":"required name=search_term_string"}],"inLanguage":"es"},{"@type":"ImageObject","@id":"https:\/\/www.edugestores.pe\/?p=28761#primaryimage","inLanguage":"es","url":"https:\/\/www.edugestores.pe\/wp-content\/uploads\/2022\/06\/TAMANO-NOTA-EDUGESTORES2.png","contentUrl":"https:\/\/www.edugestores.pe\/wp-content\/uploads\/2022\/06\/TAMANO-NOTA-EDUGESTORES2.png","width":580,"height":330},{"@type":"WebPage","@id":"https:\/\/www.edugestores.pe\/?p=28761#webpage","url":"https:\/\/www.edugestores.pe\/?p=28761","name":"Comunicado | En defensa de la calidad de la educaci\u00f3n b\u00e1sica y del rol rector del Ministerio de Educaci\u00f3n - Red Peruana de Gestores de la Educaci\u00f3n","isPartOf":{"@id":"https:\/\/www.edugestores.pe\/#website"},"primaryImageOfPage":{"@id":"https:\/\/www.edugestores.pe\/?p=28761#primaryimage"},"datePublished":"2022-06-10T17:23:16+00:00","dateModified":"2022-06-10T17:23:19+00:00","author":{"@id":"https:\/\/www.edugestores.pe\/#\/schema\/person\/30dc82f35f5853289037a64b35c7c7d3"},"breadcrumb":{"@id":"https:\/\/www.edugestores.pe\/?p=28761#breadcrumb"},"inLanguage":"es","potentialAction":[{"@type":"ReadAction","target":["https:\/\/www.edugestores.pe\/?p=28761"]}]},{"@type":"BreadcrumbList","@id":"https:\/\/www.edugestores.pe\/?p=28761#breadcrumb","itemListElement":[{"@type":"ListItem","position":1,"name":"Portada","item":"https:\/\/www.edugestores.pe\/"},{"@type":"ListItem","position":2,"name":"Comunicado | En defensa de la calidad de la educaci\u00f3n b\u00e1sica y del rol rector del Ministerio de Educaci\u00f3n"}]},{"@type":"Person","@id":"https:\/\/www.edugestores.pe\/#\/schema\/person\/30dc82f35f5853289037a64b35c7c7d3","name":"Administrador","image":{"@type":"ImageObject","@id":"https:\/\/www.edugestores.pe\/#personlogo","inLanguage":"es","url":"https:\/\/secure.gravatar.com\/avatar\/70960d1239c4d2c778bb3d2786a3c1ae?s=96&d=mm&r=g","contentUrl":"https:\/\/secure.gravatar.com\/avatar\/70960d1239c4d2c778bb3d2786a3c1ae?s=96&d=mm&r=g","caption":"Administrador"},"url":"https:\/\/www.edugestores.pe\/?author=63"}]}},"jetpack_featured_media_url":"https:\/\/www.edugestores.pe\/wp-content\/uploads\/2022\/06\/TAMANO-NOTA-EDUGESTORES2.png","_links":{"self":[{"href":"https:\/\/www.edugestores.pe\/index.php?rest_route=\/wp\/v2\/posts\/28761"}],"collection":[{"href":"https:\/\/www.edugestores.pe\/index.php?rest_route=\/wp\/v2\/posts"}],"about":[{"href":"https:\/\/www.edugestores.pe\/index.php?rest_route=\/wp\/v2\/types\/post"}],"author":[{"embeddable":true,"href":"https:\/\/www.edugestores.pe\/index.php?rest_route=\/wp\/v2\/users\/63"}],"replies":[{"embeddable":true,"href":"https:\/\/www.edugestores.pe\/index.php?rest_route=%2Fwp%2Fv2%2Fcomments&post=28761"}],"version-history":[{"count":1,"href":"https:\/\/www.edugestores.pe\/index.php?rest_route=\/wp\/v2\/posts\/28761\/revisions"}],"predecessor-version":[{"id":28763,"href":"https:\/\/www.edugestores.pe\/index.php?rest_route=\/wp\/v2\/posts\/28761\/revisions\/28763"}],"wp:featuredmedia":[{"embeddable":true,"href":"https:\/\/www.edugestores.pe\/index.php?rest_route=\/wp\/v2\/media\/28764"}],"wp:attachment":[{"href":"https:\/\/www.edugestores.pe\/index.php?rest_route=%2Fwp%2Fv2%2Fmedia&parent=28761"}],"wp:term":[{"taxonomy":"category","embeddable":true,"href":"https:\/\/www.edugestores.pe\/index.php?rest_route=%2Fwp%2Fv2%2Fcategories&post=28761"},{"taxonomy":"post_tag","embeddable":true,"href":"https:\/\/www.edugestores.pe\/index.php?rest_route=%2Fwp%2Fv2%2Ftags&post=28761"}],"curies":[{"name":"wp","href":"https:\/\/api.w.org\/{rel}","templated":true}]}}