{"id":28885,"date":"2022-12-22T15:04:24","date_gmt":"2022-12-22T20:04:24","guid":{"rendered":"https:\/\/www.edugestores.pe\/?p=28885"},"modified":"2022-12-22T15:04:27","modified_gmt":"2022-12-22T20:04:27","slug":"ceremonia-de-premiacion-del-concurso-de-buenas-practicas-de-gestion-educativa","status":"publish","type":"post","link":"https:\/\/www.edugestores.pe\/?p=28885","title":{"rendered":"Ceremonia de premiaci\u00f3n del Concurso de Buenas Pr\u00e1cticas de Gesti\u00f3n Educativa"},"content":{"rendered":"\n<p>El <strong>mi\u00e9rcoles 21<\/strong> de diciembre, el Ministerio de Educaci\u00f3n del Per\u00fa (MINEDU) a trav\u00e9s de la Direcci\u00f3n de Fortalecimiento de Capacidades (DIFOCA), realiz\u00f3 una ceremonia de premiaci\u00f3n (<a href=\"https:\/\/www.youtube.com\/watch?v=9KpOc4dIUEk\" target=\"_blank\" rel=\"noreferrer noopener\">VIDEO<\/a>) a quienes ganaron en las diversas categor\u00edas del concurso de buenas pr\u00e1cticas de gesti\u00f3n educativa 2022.<\/p>\n\n\n\n<figure class=\"wp-block-gallery has-nested-images columns-default is-cropped wp-block-gallery-1 is-layout-flex\">\n<figure class=\"wp-block-image size-full\"><img decoding=\"async\" loading=\"lazy\" width=\"1280\" height=\"739\" data-id=\"28896\"  src=\"https:\/\/www.edugestores.pe\/wp-content\/uploads\/2022\/12\/PARTICIPACIONKIKE-1.jpeg\" alt=\"\" class=\"wp-image-28896\" srcset=\"https:\/\/www.edugestores.pe\/wp-content\/uploads\/2022\/12\/PARTICIPACIONKIKE-1.jpeg 1280w, https:\/\/www.edugestores.pe\/wp-content\/uploads\/2022\/12\/PARTICIPACIONKIKE-1-300x173.jpeg 300w, https:\/\/www.edugestores.pe\/wp-content\/uploads\/2022\/12\/PARTICIPACIONKIKE-1-1024x591.jpeg 1024w, https:\/\/www.edugestores.pe\/wp-content\/uploads\/2022\/12\/PARTICIPACIONKIKE-1-768x443.jpeg 768w\" sizes=\"(max-width: 1280px) 100vw, 1280px\" \/><\/figure>\n<figcaption class=\"blocks-gallery-caption wp-element-caption\">Captura: Participantes de la ceremonia \/ Fuente: MINEDU-DIFOCA<\/figcaption><\/figure>\n\n\n\n<blockquote class=\"wp-block-quote\">\n<p>\u201cLas Buenas Pr\u00e1cticas de Gesti\u00f3n Educativa son acciones creativas, intencionadas, y pertinentes implementadas por las DRE y las UGEL en articulaci\u00f3n con los distintos actores del territorio, para resolver, de manera eficaz y eficiente, problemas que se presentan durante la ejecuci\u00f3n de los diferentes procesos de gesti\u00f3n educativa, contribuyendo as\u00ed a la mejora del servicio educativo. Asimismo, cuentan con un esquema de gesti\u00f3n definido y resultados que pueden ser evidenciados y sostenidos en el tiempo y son posibles de ser transferidos a otras DRE o UGEL. Una BGPE puede tambi\u00e9n ser innovadora\u201d <\/p>\n<cite>(<a href=\"https:\/\/cdn.www.gob.pe\/uploads\/document\/file\/3457326\/RVM_N%C2%B0_095-2022-MINEDU.pdf.pdf?v=1659362490\" target=\"_blank\" rel=\"noreferrer noopener\">Minedu<\/a>, 2022).<\/cite><\/blockquote>\n\n\n\n<p>La Universidad Antonio Ruiz de Montoya, mediante la <strong>Comunidad de Pr\u00e1ctica Edugestores<\/strong>, particip\u00f3 de dos maneras: como ente formador en el proceso de capacitaci\u00f3n sobre proyectos e innovaci\u00f3n dirigido a los equipos t\u00e9cnicos y decisores de las UGEL y DRE de las regiones del pa\u00eds; y como miembro del Jurado Calificador en la fase finalistas del Concurso de Buenas Pr\u00e1cticas de Gesti\u00f3n Educativa en la Direcciones Regionales de Educaci\u00f3n o las hagan sus veces y las Unidades de Gesti\u00f3n Educativa Local \u2013 2022.<\/p>\n\n\n\n<p>Hacemos llegar nuestros saludos a los equipos ganadores del concurso por su calidad, creatividad, profesionalismo, eficacia y dedicaci\u00f3n. Varios proyectos ganadores de gesti\u00f3n de buenos pr\u00e1cticas, a nuestro juicio, merecen ser replicados o pasar a una fase de escalamiento a otras regiones, que contribuir\u00e1n a una mejora de la gesti\u00f3n educativa descentralizada, a dar respuestas multisectoriales ante los problemas emergentes (municipios y otros) y dar apertura a instituciones aliadas de la sociedad civil para asegurar una educaci\u00f3n de calidad a lo largo de la vida de las personas.<\/p>\n\n\n\n<p>A continuaci\u00f3n, compartimos la tabla del listado de los equipos ganadores del Concurso: <\/p>\n\n\n\n<p><strong>Tabla 1<\/strong><\/p>\n\n\n\n<p><em>Relaci\u00f3n de pr\u00e1cticas ganadoras 2022, seg\u00fan categor\u00eda, modalidad, regi\u00f3n y equipos de la IGED<\/em><\/p>\n\n\n\n<figure class=\"wp-block-table\"><table><tbody><tr><td><strong>N\u00b0<\/strong><\/td><td><strong>Categor\u00eda<\/strong><\/td><td><strong>Modalidad<\/strong><\/td><td><strong>Pr\u00e1ctica ganadora<\/strong><\/td><td><strong>Regi\u00f3n<\/strong><\/td><td><strong>IGED<\/strong><\/td><\/tr><tr><td>1<\/td><td>Categor\u00eda 1: Contribuci\u00f3n a la generaci\u00f3n de condiciones para el desarrollo del a\u00f1o escolar.<\/td><td>Individual &#8211; Direcci\u00f3n Regional de Educaci\u00f3n (DRE)<\/td><td>Generando condiciones educativas a partir de la ilegalidad forestal mediante el equipamiento escolar para el cierre de brechas<\/td><td>San Mart\u00edn<\/td><td>DRE San Mart\u00edn<\/td><\/tr><tr><td>2<\/td><td>Categor\u00eda 1: Contribuci\u00f3n a la generaci\u00f3n de condiciones para el desarrollo del a\u00f1o escolar.<\/td><td>Individual \u2013 Unidad de Gesti\u00f3n Educativa Local (UGEL)<\/td><td>Vuelve al cole, te necesitamos<\/td><td>Lima Metropolitana<\/td><td>UGEL 02 R\u00edmac<\/td><\/tr><tr><td>3<\/td><td>Categor\u00eda 2: Fortalecimiento de la gesti\u00f3n escolar y de la gesti\u00f3n de la educaci\u00f3n t\u00e9cnico-productiva, y de educaci\u00f3n superior tecnol\u00f3gica.<\/td><td>Individual \u2013 Unidad de Gesti\u00f3n Educativa Local (UGEL)<\/td><td>Yo contagio el buen trato te doy la mano<\/td><td>Lima Metropolitana<\/td><td>UGEL 02 R\u00edmac<\/td><\/tr><tr><td>4<\/td><td>Categor\u00eda 3: Promoci\u00f3n de la innovaci\u00f3n y el liderazgo para la mejora de los aprendizajes en los estudiantes.<\/td><td>Individual &#8211; Direcci\u00f3n Regional de Educaci\u00f3n (DRE)<\/td><td>Escudo de amor<\/td><td>Huancavelica<\/td><td>DRE Huancavelica<\/td><\/tr><tr><td>5<\/td><td>Categor\u00eda 3: Promoci\u00f3n de la innovaci\u00f3n y el liderazgo para la mejora de los aprendizajes en los estudiantes.<\/td><td>Individual \u2013 Unidad de Gesti\u00f3n Educativa Local (UGEL)<\/td><td>Las ranas y yo<\/td><td>Jun\u00edn<\/td><td>UGEL Jun\u00edn<\/td><\/tr><tr><td>6<\/td><td>Categor\u00eda 3: Promoci\u00f3n de la innovaci\u00f3n y el liderazgo para la mejora de los aprendizajes en los estudiantes.<\/td><td>Individual \u2013 Unidad de Gesti\u00f3n Educativa Local (UGEL)<\/td><td>Gestionando el dominio disciplinar en matem\u00e1tica con aliados estrat\u00e9gicos del contexto<\/td><td>Arequipa<\/td><td>UGEL Arequipa Sur<\/td><\/tr><tr><td>7<\/td><td>Categor\u00eda 3: Promoci\u00f3n de la innovaci\u00f3n y el liderazgo para la mejora de los aprendizajes en los estudiantes.<\/td><td>Individual \u2013 Unidad de Gesti\u00f3n Educativa Local (UGEL)<\/td><td>Gestionando aprendizajes con liderazgo pedag\u00f3gico<\/td><td>Puno<\/td><td>UGEL Huancan\u00e9<\/td><\/tr><tr><td>8<\/td><td>Categor\u00eda 3: Promoci\u00f3n de la innovaci\u00f3n y el liderazgo para la mejora de los aprendizajes en los estudiantes.<\/td><td>ColectivaDRE + UGEL + Gobierno local<\/td><td>Kuska atisummi yachaykuna rayku<\/td><td>Apur\u00edmac<\/td><td>DRE Apur\u00edmac, UGEL Grau y Municipalidad Distrital de Vilcabamba<\/td><\/tr><tr><td>9<\/td><td>Categor\u00eda 3: Promoci\u00f3n de la innovaci\u00f3n y el liderazgo para la mejora de los aprendizajes en los estudiantes.<\/td><td>ColectivaColectivaDRE + UGEL<\/td><td>Pasco, regi\u00f3n que lee, escribe y se expresa en ingl\u00e9s<\/td><td>Pasco<\/td><td>DRE Pasco, UGEL Pasco, UGEL Daniel Alcides Carri\u00f3n, UGEL Oxapampa y UGEL Puerto Berm\u00fadez<\/td><\/tr><tr><td>10<\/td><td>Categor\u00eda 4: Modernizaci\u00f3n de la gesti\u00f3n.<\/td><td>Individual &#8211; Direcci\u00f3n Regional de Educaci\u00f3n (DRE)<\/td><td>Plataforma educativa Huancavelica aprende<\/td><td>Huancavelica<\/td><td>DRE Huancavelica<\/td><\/tr><tr><td>11<\/td><td>Categor\u00eda 4: Modernizaci\u00f3n de la gesti\u00f3n.<\/td><td>Individual \u2013 Unidad de Gesti\u00f3n Educativa Local (UGEL)<\/td><td>Descentralizaci\u00f3n de la atenci\u00f3n administrativa y pedag\u00f3gica con el funcionamiento de las coordinaciones educativas locales en los distritos<\/td><td>Ucayali<\/td><td>UGEL Atalaya<\/td><\/tr><tr><td>12<\/td><td>Categor\u00eda 4: Modernizaci\u00f3n de la gesti\u00f3n.<\/td><td>ColectivaColectivaDRE + UGEL<\/td><td>Unamos esfuerzos para estar mejor preparados<\/td><td>\u00c1ncash<\/td><td>DRE \u00c1ncash y UGEL Huaraz<\/td><\/tr><tr><td>13<\/td><td>Categor\u00eda 4: Modernizaci\u00f3n de la gesti\u00f3n.<\/td><td>ColectivaColectivaDRE + UGEL<\/td><td>Programa SER<br>Desarrollo de competencias de los actores educativos de Cajamarca, un programa colaborativo y de voluntariado regional<\/td><td>Cajamarca<\/td><td>DRE Cajamarca, UGEL Cajamarca, UGEL Cajabamba, UGEL Celend\u00edn, UGEL Chota, UGEL Contumaz\u00e1, UGEL Cutervo, UGEL Hualgayoc, UGEL Ja\u00e9n, UGEL San Ignacio, UGEL San Marcos, UGEL San Miguel, UGEL San Pablo y UGEL Santa Cruz<\/td><\/tr><tr><td>14<\/td><td>Categor\u00eda 5: Condiciones para el ordenamiento del servicio educativo con enfoque territorial.<\/td><td>Individual &#8211; Direcci\u00f3n Regional de Educaci\u00f3n (DRE)<\/td><td>En Hu\u00e1nuco todos tenemos oportunidades para aprender con la estrategia regional RECE 2022<\/td><td>Hu\u00e1nuco<\/td><td>DRE Hu\u00e1nuco<\/td><\/tr><tr><td>15<\/td><td>Categor\u00eda 5: Condiciones para el ordenamiento del servicio educativo con enfoque territorial.<\/td><td>Individual \u2013 Unidad de Gesti\u00f3n Educativa Local (UGEL)<\/td><td>Contribuyendo al cierre de brechas de acceso a la educaci\u00f3n: culminando mis estudios en los perif\u00e9ricos de la educaci\u00f3n b\u00e1sica alternativa<\/td><td>Lima Metropolitana<\/td><td>UGEL 01 SAN JUAN DE MIRAFLORES<\/td><\/tr><tr><td>16<\/td><td>Categor\u00eda 5: Condiciones para el ordenamiento del servicio educativo con enfoque territorial.<\/td><td>Individual \u2013 Unidad de Gesti\u00f3n Educativa Local (UGEL)<\/td><td>Articulando esfuerzos, mejoramos aprendizajes<\/td><td>Piura<\/td><td>UGEL Piura<\/td><\/tr><tr><td>17<\/td><td>Categor\u00eda 5: Condiciones para el ordenamiento del servicio educativo con enfoque territorial.<\/td><td>ColectivaUGEL + Gobierno local<\/td><td>S\u00famate que sumamos<\/td><td>Lima Metropolitana<\/td><td>UGEL 06 Ate y Municipalidad Distrital de Cieneguilla<\/td><\/tr><tr><td>18<\/td><td>Categor\u00eda 5: Condiciones para el ordenamiento del servicio educativo con enfoque territorial.<\/td><td>ColectivaColectivaUGEL + Gobierno local<\/td><td>Mancomunidad educativa, juntos por una mejor educaci\u00f3n<\/td><td>Lima Metropolitana<\/td><td>UGEL 07 San Borja y las municipalidades distritales de Barranco, Chorrillos, Miraflores, San Luis y Surquillo<\/td><\/tr><\/tbody><\/table><figcaption class=\"wp-element-caption\">Fuente: MINEDU-DIFOCA<\/figcaption><\/figure>\n\n\n\n<p><\/p>\n","protected":false},"excerpt":{"rendered":"<p>El mi\u00e9rcoles 21 de diciembre, el Ministerio de Educaci\u00f3n del Per\u00fa (MINEDU) a trav\u00e9s de la Direcci\u00f3n de Fortalecimiento de [&hellip;]<\/p>\n","protected":false},"author":63,"featured_media":28888,"comment_status":"open","ping_status":"closed","sticky":false,"template":"","format":"standard","meta":{"spay_email":""},"categories":[125,1],"tags":[],"yoast_head":"<!-- This site is optimized with the Yoast SEO plugin v18.0 - https:\/\/yoast.com\/wordpress\/plugins\/seo\/ -->\n<title>Ceremonia de premiaci\u00f3n del Concurso de Buenas Pr\u00e1cticas de Gesti\u00f3n Educativa - Red Peruana de Gestores de la Educaci\u00f3n<\/title>\n<meta name=\"robots\" content=\"index, follow, max-snippet:-1, max-image-preview:large, max-video-preview:-1\" \/>\n<link rel=\"canonical\" href=\"https:\/\/www.edugestores.pe\/?p=28885\" \/>\n<meta property=\"og:locale\" content=\"es_ES\" \/>\n<meta property=\"og:type\" content=\"article\" \/>\n<meta property=\"og:title\" content=\"Ceremonia de premiaci\u00f3n del Concurso de Buenas Pr\u00e1cticas de Gesti\u00f3n Educativa - Red Peruana de Gestores de la Educaci\u00f3n\" \/>\n<meta property=\"og:description\" content=\"El mi\u00e9rcoles 21 de diciembre, el Ministerio de Educaci\u00f3n del Per\u00fa (MINEDU) a trav\u00e9s de la Direcci\u00f3n de Fortalecimiento de [&hellip;]\" \/>\n<meta property=\"og:url\" content=\"https:\/\/www.edugestores.pe\/?p=28885\" \/>\n<meta property=\"og:site_name\" content=\"Red Peruana de Gestores de la Educaci\u00f3n\" \/>\n<meta property=\"article:published_time\" content=\"2022-12-22T20:04:24+00:00\" \/>\n<meta property=\"article:modified_time\" content=\"2022-12-22T20:04:27+00:00\" \/>\n<meta property=\"og:image\" content=\"https:\/\/www.edugestores.pe\/wp-content\/uploads\/2022\/12\/PREMIACION.jpg\" \/>\n\t<meta property=\"og:image:width\" content=\"580\" \/>\n\t<meta property=\"og:image:height\" content=\"330\" \/>\n\t<meta property=\"og:image:type\" content=\"image\/jpeg\" \/>\n<meta name=\"twitter:card\" content=\"summary_large_image\" \/>\n<meta name=\"twitter:label1\" content=\"Escrito por\" \/>\n\t<meta name=\"twitter:data1\" content=\"Administrador\" \/>\n\t<meta name=\"twitter:label2\" content=\"Tiempo de lectura\" \/>\n\t<meta name=\"twitter:data2\" content=\"5 minutos\" \/>\n<script type=\"application\/ld+json\" class=\"yoast-schema-graph\">{\"@context\":\"https:\/\/schema.org\",\"@graph\":[{\"@type\":\"WebSite\",\"@id\":\"https:\/\/www.edugestores.pe\/#website\",\"url\":\"https:\/\/www.edugestores.pe\/\",\"name\":\"Red Peruana de Gestores de la Educaci\u00f3n\",\"description\":\"Red Peruana de Gestores de la Educaci\u00f3n\",\"potentialAction\":[{\"@type\":\"SearchAction\",\"target\":{\"@type\":\"EntryPoint\",\"urlTemplate\":\"https:\/\/www.edugestores.pe\/?s={search_term_string}\"},\"query-input\":\"required name=search_term_string\"}],\"inLanguage\":\"es\"},{\"@type\":\"ImageObject\",\"@id\":\"https:\/\/www.edugestores.pe\/?p=28885#primaryimage\",\"inLanguage\":\"es\",\"url\":\"https:\/\/www.edugestores.pe\/wp-content\/uploads\/2022\/12\/PREMIACION.jpg\",\"contentUrl\":\"https:\/\/www.edugestores.pe\/wp-content\/uploads\/2022\/12\/PREMIACION.jpg\",\"width\":580,\"height\":330},{\"@type\":\"WebPage\",\"@id\":\"https:\/\/www.edugestores.pe\/?p=28885#webpage\",\"url\":\"https:\/\/www.edugestores.pe\/?p=28885\",\"name\":\"Ceremonia de premiaci\u00f3n del Concurso de Buenas Pr\u00e1cticas de Gesti\u00f3n Educativa - Red Peruana de Gestores de la Educaci\u00f3n\",\"isPartOf\":{\"@id\":\"https:\/\/www.edugestores.pe\/#website\"},\"primaryImageOfPage\":{\"@id\":\"https:\/\/www.edugestores.pe\/?p=28885#primaryimage\"},\"datePublished\":\"2022-12-22T20:04:24+00:00\",\"dateModified\":\"2022-12-22T20:04:27+00:00\",\"author\":{\"@id\":\"https:\/\/www.edugestores.pe\/#\/schema\/person\/30dc82f35f5853289037a64b35c7c7d3\"},\"breadcrumb\":{\"@id\":\"https:\/\/www.edugestores.pe\/?p=28885#breadcrumb\"},\"inLanguage\":\"es\",\"potentialAction\":[{\"@type\":\"ReadAction\",\"target\":[\"https:\/\/www.edugestores.pe\/?p=28885\"]}]},{\"@type\":\"BreadcrumbList\",\"@id\":\"https:\/\/www.edugestores.pe\/?p=28885#breadcrumb\",\"itemListElement\":[{\"@type\":\"ListItem\",\"position\":1,\"name\":\"Portada\",\"item\":\"https:\/\/www.edugestores.pe\/\"},{\"@type\":\"ListItem\",\"position\":2,\"name\":\"Ceremonia de premiaci\u00f3n del Concurso de Buenas Pr\u00e1cticas de Gesti\u00f3n Educativa\"}]},{\"@type\":\"Person\",\"@id\":\"https:\/\/www.edugestores.pe\/#\/schema\/person\/30dc82f35f5853289037a64b35c7c7d3\",\"name\":\"Administrador\",\"image\":{\"@type\":\"ImageObject\",\"@id\":\"https:\/\/www.edugestores.pe\/#personlogo\",\"inLanguage\":\"es\",\"url\":\"https:\/\/secure.gravatar.com\/avatar\/70960d1239c4d2c778bb3d2786a3c1ae?s=96&d=mm&r=g\",\"contentUrl\":\"https:\/\/secure.gravatar.com\/avatar\/70960d1239c4d2c778bb3d2786a3c1ae?s=96&d=mm&r=g\",\"caption\":\"Administrador\"},\"url\":\"https:\/\/www.edugestores.pe\/?author=63\"}]}<\/script>\n<!-- \/ Yoast SEO plugin. -->","yoast_head_json":{"title":"Ceremonia de premiaci\u00f3n del Concurso de Buenas Pr\u00e1cticas de Gesti\u00f3n Educativa - Red Peruana de Gestores de la Educaci\u00f3n","robots":{"index":"index","follow":"follow","max-snippet":"max-snippet:-1","max-image-preview":"max-image-preview:large","max-video-preview":"max-video-preview:-1"},"canonical":"https:\/\/www.edugestores.pe\/?p=28885","og_locale":"es_ES","og_type":"article","og_title":"Ceremonia de premiaci\u00f3n del Concurso de Buenas Pr\u00e1cticas de Gesti\u00f3n Educativa - Red Peruana de Gestores de la Educaci\u00f3n","og_description":"El mi\u00e9rcoles 21 de diciembre, el Ministerio de Educaci\u00f3n del Per\u00fa (MINEDU) a trav\u00e9s de la Direcci\u00f3n de Fortalecimiento de [&hellip;]","og_url":"https:\/\/www.edugestores.pe\/?p=28885","og_site_name":"Red Peruana de Gestores de la Educaci\u00f3n","article_published_time":"2022-12-22T20:04:24+00:00","article_modified_time":"2022-12-22T20:04:27+00:00","og_image":[{"width":580,"height":330,"url":"https:\/\/www.edugestores.pe\/wp-content\/uploads\/2022\/12\/PREMIACION.jpg","type":"image\/jpeg"}],"twitter_card":"summary_large_image","twitter_misc":{"Escrito por":"Administrador","Tiempo de lectura":"5 minutos"},"schema":{"@context":"https:\/\/schema.org","@graph":[{"@type":"WebSite","@id":"https:\/\/www.edugestores.pe\/#website","url":"https:\/\/www.edugestores.pe\/","name":"Red Peruana de Gestores de la Educaci\u00f3n","description":"Red Peruana de Gestores de la Educaci\u00f3n","potentialAction":[{"@type":"SearchAction","target":{"@type":"EntryPoint","urlTemplate":"https:\/\/www.edugestores.pe\/?s={search_term_string}"},"query-input":"required name=search_term_string"}],"inLanguage":"es"},{"@type":"ImageObject","@id":"https:\/\/www.edugestores.pe\/?p=28885#primaryimage","inLanguage":"es","url":"https:\/\/www.edugestores.pe\/wp-content\/uploads\/2022\/12\/PREMIACION.jpg","contentUrl":"https:\/\/www.edugestores.pe\/wp-content\/uploads\/2022\/12\/PREMIACION.jpg","width":580,"height":330},{"@type":"WebPage","@id":"https:\/\/www.edugestores.pe\/?p=28885#webpage","url":"https:\/\/www.edugestores.pe\/?p=28885","name":"Ceremonia de premiaci\u00f3n del Concurso de Buenas Pr\u00e1cticas de Gesti\u00f3n Educativa - Red Peruana de Gestores de la Educaci\u00f3n","isPartOf":{"@id":"https:\/\/www.edugestores.pe\/#website"},"primaryImageOfPage":{"@id":"https:\/\/www.edugestores.pe\/?p=28885#primaryimage"},"datePublished":"2022-12-22T20:04:24+00:00","dateModified":"2022-12-22T20:04:27+00:00","author":{"@id":"https:\/\/www.edugestores.pe\/#\/schema\/person\/30dc82f35f5853289037a64b35c7c7d3"},"breadcrumb":{"@id":"https:\/\/www.edugestores.pe\/?p=28885#breadcrumb"},"inLanguage":"es","potentialAction":[{"@type":"ReadAction","target":["https:\/\/www.edugestores.pe\/?p=28885"]}]},{"@type":"BreadcrumbList","@id":"https:\/\/www.edugestores.pe\/?p=28885#breadcrumb","itemListElement":[{"@type":"ListItem","position":1,"name":"Portada","item":"https:\/\/www.edugestores.pe\/"},{"@type":"ListItem","position":2,"name":"Ceremonia de premiaci\u00f3n del Concurso de Buenas Pr\u00e1cticas de Gesti\u00f3n Educativa"}]},{"@type":"Person","@id":"https:\/\/www.edugestores.pe\/#\/schema\/person\/30dc82f35f5853289037a64b35c7c7d3","name":"Administrador","image":{"@type":"ImageObject","@id":"https:\/\/www.edugestores.pe\/#personlogo","inLanguage":"es","url":"https:\/\/secure.gravatar.com\/avatar\/70960d1239c4d2c778bb3d2786a3c1ae?s=96&d=mm&r=g","contentUrl":"https:\/\/secure.gravatar.com\/avatar\/70960d1239c4d2c778bb3d2786a3c1ae?s=96&d=mm&r=g","caption":"Administrador"},"url":"https:\/\/www.edugestores.pe\/?author=63"}]}},"jetpack_featured_media_url":"https:\/\/www.edugestores.pe\/wp-content\/uploads\/2022\/12\/PREMIACION.jpg","_links":{"self":[{"href":"https:\/\/www.edugestores.pe\/index.php?rest_route=\/wp\/v2\/posts\/28885"}],"collection":[{"href":"https:\/\/www.edugestores.pe\/index.php?rest_route=\/wp\/v2\/posts"}],"about":[{"href":"https:\/\/www.edugestores.pe\/index.php?rest_route=\/wp\/v2\/types\/post"}],"author":[{"embeddable":true,"href":"https:\/\/www.edugestores.pe\/index.php?rest_route=\/wp\/v2\/users\/63"}],"replies":[{"embeddable":true,"href":"https:\/\/www.edugestores.pe\/index.php?rest_route=%2Fwp%2Fv2%2Fcomments&post=28885"}],"version-history":[{"count":9,"href":"https:\/\/www.edugestores.pe\/index.php?rest_route=\/wp\/v2\/posts\/28885\/revisions"}],"predecessor-version":[{"id":28898,"href":"https:\/\/www.edugestores.pe\/index.php?rest_route=\/wp\/v2\/posts\/28885\/revisions\/28898"}],"wp:featuredmedia":[{"embeddable":true,"href":"https:\/\/www.edugestores.pe\/index.php?rest_route=\/wp\/v2\/media\/28888"}],"wp:attachment":[{"href":"https:\/\/www.edugestores.pe\/index.php?rest_route=%2Fwp%2Fv2%2Fmedia&parent=28885"}],"wp:term":[{"taxonomy":"category","embeddable":true,"href":"https:\/\/www.edugestores.pe\/index.php?rest_route=%2Fwp%2Fv2%2Fcategories&post=28885"},{"taxonomy":"post_tag","embeddable":true,"href":"https:\/\/www.edugestores.pe\/index.php?rest_route=%2Fwp%2Fv2%2Ftags&post=28885"}],"curies":[{"name":"wp","href":"https:\/\/api.w.org\/{rel}","templated":true}]}}