{"id":28924,"date":"2023-05-04T09:42:34","date_gmt":"2023-05-04T14:42:34","guid":{"rendered":"https:\/\/www.edugestores.pe\/?p=28924"},"modified":"2023-05-04T09:42:38","modified_gmt":"2023-05-04T14:42:38","slug":"aspectos-criticos-de-los-servicios-educativos-para-atenderlos-a-lo-largo-del-ano-escolar-desde-la-experiencia-educativa-rural","status":"publish","type":"post","link":"https:\/\/www.edugestores.pe\/?p=28924","title":{"rendered":"Aspectos cr\u00edticos de los servicios educativos para atenderlos a lo largo del a\u00f1o escolar: desde la experiencia educativa rural"},"content":{"rendered":"\n<p>Recientemente hemos dado inicio al a\u00f1o escolar 2023. Este a\u00f1o trae consigo realidades nuevas y retos que implican un tipo de gesti\u00f3n que debe observar con detenimiento las propuestas planteadas por el MINEDU: considerar el contexto social de la instituci\u00f3n, aprovechar el v\u00ednculo con los padres de familia y buscar mecanismos que permitan desarrollar las estrategias para lograr el fortalecimiento de las competencias de los estudiantes y el logro aprendizajes.<\/p>\n\n\n\n<p>Al momento de hablar del inicio el a\u00f1o escolar debemos considerar la importancia de cada uno de los actores educativos que con sus acciones y trabajo permitieron alcanzar las m\u00ednimas condiciones para poder iniciar el a\u00f1o escolar. Estos actores son: los padres de familia, promotores educativos, auxiliares, docentes del aula, coordinadores de PRONOEI, especialistas de educaci\u00f3n y directores es fundamental.<\/p>\n\n\n\n<p>En el desarrollo del presente abordaremos 03 aspectos que guardan relaci\u00f3n con el inicio del a\u00f1o escolar: las interacciones de calidad, condiciones b\u00e1sicas para el desarrollo y las pol\u00edticas educativas planteadas desde el gobierno.<\/p>\n\n\n\n<h2 class=\"wp-block-heading has-medium-font-size\"><strong>Interacciones efectivas y de calidad entre docentes y estudiantes desde el inicio y hasta el final del a\u00f1o escolar, implica tambi\u00e9n atender el bienestar socioemocional del docente.<\/strong><strong><\/strong><\/h2>\n\n\n\n<p>El MINEDU en la gu\u00eda \u201cinteracciones que promueven aprendizajes\u201d desarrolla un concepto de interacci\u00f3n. Desde un ejemplo cotidiano y com\u00fan, el encuentro entre dos amigas, la conversaci\u00f3n lograda, y el juego con emociones y sentimientos hace referencia al comportamiento rec\u00edproco de las personas que intervienen en un lugar, tiempo, contexto espec\u00edfico donde la acci\u00f3n de uno est\u00e1 condicionada por la acci\u00f3n del otro. En el \u00e1mbito del servicio educativo se refiera a la capacidad del docente en su rol de mediador, es la capacidad de interactuar en el desarrollo de la sesi\u00f3n. As\u00ed mismo, esta relaci\u00f3n abarca la interacci\u00f3n de los estudiantes al momento de desarrollar las estrategias propuestas por el docente. (<a href=\"https:\/\/repositorio.minedu.gob.pe\/handle\/20.500.12799\/6886\"><u>MINEDU<\/u><\/a>, 2019)&nbsp;<\/p>\n\n\n\n<p>En el desarrollo del concepto, el MINEDU considera que las interacciones desarrolladas en el aula y dentro de la II.EE. influyen en los aprendizajes, de manera que, los docentes est\u00e1n invitados a aportar interacciones positivas <em>\u201cEn este marco, se afirma que las interacciones entre docentes y ni\u00f1os son efectivas si aportan de manera positiva al aprendizaje y desarrollo. Si las interacciones ayudan a los ni\u00f1os a aprender, se considera que son efectivas; si obstruyen el aprendizaje, son poco o nada efectivas.<\/em>\u201d Podemos decir que, los aprendizajes se vinculan con las interacciones logradas por el docente y estudiante.<\/p>\n\n\n\n<p>Desde este enfoque y la vida pr\u00e1ctica en las instituciones, implica considerar que el reto de los m\u00e1s de quinientos mil docentes en el sistema educativo peruano es construir interacciones de calidad. Es decir, construir v\u00ednculos cercanos y s\u00f3lidos con sus estudiantes desde el primer d\u00eda, para asegurar la participaci\u00f3n, asistencia y mejora de los aprendizajes del estudiante. En esa perspectiva el rol del adulto es importante puesto que acoge, acompa\u00f1a, brinda seguridad y sobre todo interact\u00faa de manera respetuosa con los estudiantes. El docente deber\u00e1 estar atento a los diversos aspectos que se manifiestan en las interacciones: aspectos emocionales, aspecto de organizaci\u00f3n y aspectos pedag\u00f3gicos. Trabajo que desarrollar\u00e1 a lo largo de la jornada pedag\u00f3gica.<\/p>\n\n\n\n<p>Si bien esta labor es fundamental debemos considerar que ante el cansancio y agotamiento de los docentes las normas y\/o pol\u00edticas educativas no consideran aspectos centrales sobre el acompa\u00f1amiento a los docentes. La pregunta en este punto ser\u00eda \u00bfQui\u00e9n da soporte a los docentes? \u00bfQu\u00e9 aspectos personales y profesionales del docente deben ser acompa\u00f1ados o soportados para lograr una interacci\u00f3n eficaz? La normativa actual y las disposiciones para el desarrollo del servicio educativo 2023 precisan que el servicio educativo est\u00e1 centrado en el estudiante y su bienestar socioemocional. Esta perspectiva es muy buena y positiva. Sin embargo, no debemos olvidar la otra parte de la relaci\u00f3n pedag\u00f3gica, el docente.<\/p>\n\n\n\n<p>Atender el bienestar socioemocional del docente se convierte en este inicio del a\u00f1o escolar es una preocupaci\u00f3n y necesidad que debe ser atendida. Si bien no hay una pol\u00edtica a nivel de ministerios es importante desarrollar acciones a nivel de las regiones o instituciones con la finalidad de atenderlos. Esta tarea en fundamental m\u00e1s cuando consideramos que luego de tres a\u00f1os de afectaci\u00f3n del servicio educativo es importante organizar la recuperaci\u00f3n de los aprendizajes desde la interacci\u00f3n eficaz entre docente y estudiante. &nbsp;<\/p>\n\n\n\n<h2 class=\"wp-block-heading has-medium-font-size\"><strong>Condiciones b\u00e1sicas para el desarrollo educativo en situaci\u00f3n inadecuada y limitada: Infraestructura, mobiliario, equipamiento y el factor docente.<\/strong><strong><\/strong><\/h2>\n\n\n\n<p>El Plan nacional de infraestructura al 2025 (PNIE) se\u00f1ala <em>\u201cla infraestructura educativa se define como el conjunto predios, espacios, edificaciones, mobiliario y equipamiento para la prestaci\u00f3n del servicio educativo\u201d<\/em> (<a href=\"https:\/\/siteal.iiep.unesco.org\/sites\/default\/files\/sit_accion_files\/plan_nacional_de_infraestructura_educativa_al_2025.pdf\"><u>MINEDU<\/u><\/a>, 2017, p.10).<\/p>\n\n\n\n<p>El mismo PNIE se\u00f1ala tres aspectos de calidad de una infraestructura escolar: Primero, segura, en tanto salvaguarda la vida. Segundo, funcional, porque ofrece una adecuaci\u00f3n pedag\u00f3gica a las necesidades de los estudiantes. Tercero, integrada al territorio, puesto que guarda relaci\u00f3n arm\u00f3nica con el ambiente.<\/p>\n\n\n\n<p>Luego de tres a\u00f1os de pandemia y con una labor poco efectiva en cuanto a mantenimiento o mejora de la infraestructura podemos observar que las condiciones y los aspectos de calidad a nivel de infraestructura no son \u00f3ptimas. Esta situaci\u00f3n se agudiz\u00f3 con los desastres naturales presentados sobre todo en la zona costera de nuestro pa\u00eds.<\/p>\n\n\n\n<p>Por otro lado, existen dos aspectos asociados a la infraestructura: el mobiliario y el equipamiento. En ese sentido podemos considerar que tampoco se ha logrado equipar o dotar de materiales educativos a las II.EE de manera oportuna, sobre todo en las escuelas de las \u00e1reas rurales selv\u00e1ticas y andinas. (<a href=\"https:\/\/gestion.pe\/peru\/ano-escolar-ocho-regiones-con-avances-nulos-en-distribucion-de-materiales-educativos-a-colegios-amazonas-arequipa-cusco-huancavelica-madre-de-dios-moquegua-pasco-ucayali-defensoria-del-pueblo-minedu-noticia\/\"><u>Redacci\u00f3n<\/u><\/a>-Gesti\u00f3n, 2023). El retraso y la falta de entrega afecta la oportunidad y conformidad del inicio del buen a\u00f1o escolar.<\/p>\n\n\n\n<p>Otro aspecto que no debo dejar de comentar es el referido a la contrataci\u00f3n de docentes y directores en diversas II.EE. La fuente mencionada del Diario Gesti\u00f3n, del mes de marzo, se\u00f1ala s\u00f3lo se hab\u00eda logrado cubrir el 81% del total de plazas docentes a nivel nacional. Por consiguiente, no se puede garantizar el inicio del a\u00f1o escolar sin asegurar a los profesionales de la educaci\u00f3n capaces de asumir los retos propios de los aprendizajes. La Defensor\u00eda del Pueblo consideran que el Ministerio de Educaci\u00f3n deber\u00e1 asegurar la presencia de personal docente en el tiempo oportuno. Esta situaci\u00f3n requerida es fundamental puesto que afianza la seguridad de los padres de familia y otorga a los estudiantes la posibilidad de mejorar los aprendizajes.<\/p>\n\n\n\n<p>El docente es el factor clave en los sistemas educativos para asegurar los logros aprendizajes <a href=\"https:\/\/www.mckinsey.com\/~\/media\/mckinsey\/industries\/public%20and%20social%20sector\/our%20insights\/how%20the%20worlds%20best%20performing%20school%20systems%20come%20out%20on%20top\/como_hicieron_los_sistemas_educativos.pdf\"><u>Barber &amp; Mourshed,<\/u><\/a>&nbsp;(2007). Una de las conclusiones m\u00e1s importante del equipo de investigadores de McKinsey &amp; Company es: \u201cLos estudiantes que reciben una instrucci\u00f3n que combina ense\u00f1anza dirigida por el docente y basada en la indagaci\u00f3n alcanzan resultados superiores\u201d (<a href=\"https:\/\/www.mckinsey.com\/~\/media\/mckinsey\/industries\/public%20and%20social%20sector\/our%20insights\/what%20drives%20student%20performance%20in%20latin%20america\/factores-que-inciden.pdf\"><u>Chaia<\/u><\/a>&nbsp;et al., 2017, p.36)<\/p>\n\n\n\n<p>Lo anterior, concuerda con las exhortaciones de la Defensor\u00eda del Pueblo a las autoridades del Estado para priorizar la recuperaci\u00f3n de aprendizajes perdidos y lograr la reinserci\u00f3n de los estudiantes a trav\u00e9s de lo siguiente: \u201c<em>garantizar la disponibilidad de vacantes escolares, de infraestructura y mobiliario escolar, personal docente, materiales educativos e, inclusive, el servicio de alimentaci\u00f3n a toda la poblaci\u00f3n escolar de la educaci\u00f3n b\u00e1sica en 2023.<\/em>\u201d (<a href=\"https:\/\/www.defensoria.gob.pe\/wp-content\/uploads\/2023\/01\/NP-022-2023-Prioridades-en-pol%C3%ADtica-educativa.pdf\"><u>Defensor\u00eda<\/u><\/a>&nbsp;del Pueblo, 2023)<\/p>\n\n\n\n<h2 class=\"wp-block-heading has-medium-font-size\"><strong>Las pol\u00edticas educativas del 2023 determinan las actuaciones favorables o desfavorables del Estado. <\/strong><strong><\/strong><\/h2>\n\n\n\n<p>Es necesario implementar nuevas pol\u00edticas educativas que respondan a la necesidad de los tiempos actuales y al avance de las corrientes pedag\u00f3gicas. En esa perspectiva es necesario y fundamental revisar las orientaciones, propuestas del gobierno en torno a la educaci\u00f3n. Es importante recordar que las pol\u00edticas educativas se vinculan con decisiones y acciones organizadas por el gobierno que ordenan, organizan y orientan el quehacer educativo (<a href=\"C:\/\/Users\/HP\/Downloads\/47-Texto%20del%20art%C3%ADculo-92-2-10-20210120.pdf\"><u>Mart\u00ednez<\/u><\/a>, 2018).<\/p>\n\n\n\n<p>Estas decisiones est\u00e1n enmarcadas dentro del \u00e1mbito legal, administrativo, pedag\u00f3gico que influyen o determinan la realidad educativa. Estas estrategias y acciones deben responder a las exigencias y necesidades de la realidad e inspirar los fines y organizaci\u00f3n de la educaci\u00f3n.<\/p>\n\n\n\n<p>Es el contexto que determina las pol\u00edticas educativas y exige la existencia de estrategias para incidir sobre la realidad. Al respecto, la &nbsp;<a href=\"https:\/\/www.unesco.org\/es\/education-policies\"><u>UNESCO<\/u><\/a>&nbsp;(2023)&nbsp;sostiene que <em>\u201cLos nuevos desaf\u00edos, tales como la r\u00e1pida informatizaci\u00f3n, el aumento de la desigualdad y los trastornos derivados del cambio clim\u00e1tico, las pandemias y los conflictos, exigen a los pa\u00edses la elaboraci\u00f3n de pol\u00edticas y estrategias resilientes y sostenibles, que permitan construir sistemas educativos eficientes, pertinentes y transformadores\u201d <\/em>(p.1). Esta propuesta planteada debe orientar la labor del Estado y buscar decisiones que puedan sostener una educaci\u00f3n que responda a las situaciones actuales.<\/p>\n\n\n\n<p>En ese \u00e1mbito y desde las necesidades actuales referidas a la primera infancia, formaci\u00f3n continua de docentes, la implementaci\u00f3n curricular entre otros se puede observar que hay propuestas y reformas en curso, pero la voluntad pol\u00edtica de las autoridades del Estado, Congreso y Poder Ejecutivo, no es sostenida, particularmente en los \u00faltimos a\u00f1os. Ergo, se avanz\u00f3 en pol\u00edtica de educaci\u00f3n intercultural biling\u00fce (EIB), elaborando con un plan nacional EIB al 2021, pero no estuvo acompa\u00f1ado por un financiamiento sostenido para materializar dicho plan, por el contrario, cada a\u00f1o el presupuesto disminu\u00eda proporcionalmente (<a href=\"https:\/\/repositorio.minedu.gob.pe\/handle\/20.500.12799\/5105\"><u>MINEDU<\/u><\/a>, 2016)<\/p>\n\n\n\n<p>La actuaci\u00f3n del Estado en el inicio del a\u00f1o escolar 2023 parec\u00eda una cuesti\u00f3n rutinaria y habitual, y se circunscribi\u00f3 en emisi\u00f3n a destiempo de documentos formales como las &nbsp;Resoluciones Ministeriales: <a href=\"https:\/\/cdn.www.gob.pe\/uploads\/document\/file\/4239299\/RM_N%C2%B0_149-2023-MINEDU.pdf.pdf?v=1678459807\"><u>RM 149<\/u><\/a>-2023-MINEDU, <a href=\"https:\/\/cdn.www.gob.pe\/uploads\/document\/file\/4075792\/RM_N%C2%B0_079-2023-MINEDU.pdf.pdf?v=1675015425\"><u>RM 079<\/u><\/a>-2023-MINEDU y <a href=\"https:\/\/cdn.www.gob.pe\/uploads\/document\/file\/4244506\/RM_N%C2%B0_153-2023-MINEDU.pdf.pdf?v=1678546262\"><u>RM 153<\/u><\/a>-2023- MINEDU. Pero, no estuvo acompa\u00f1ado por la conformaci\u00f3n de equipos operantes para responder, de acuerdo a los planes de contingencias educativas, las cuales se omitieron, ante problemas graves que invadieron al sector, como la inestabilidad pol\u00edtica y los fen\u00f3menos meteorol\u00f3gicos.<\/p>\n\n\n\n<h2 class=\"wp-block-heading has-medium-font-size\"><strong>A manera de cierre<\/strong><strong><\/strong><\/h2>\n\n\n\n<p>El inicio del a\u00f1o escolar trae consigo retos que deben ser reconocidos y asumidos por la comunidad educativa en el transcurso de todo el a\u00f1o. Si bien los aspectos comentados son desaf\u00edos ciertos y actuales traen consigo posibilidades que deben ser consideradas en el desarrollo de la gesti\u00f3n de los directores y docentes.<\/p>\n\n\n\n<p>Es verdad que hay situaciones macro que deben ser asumidas por el gobierno central y los gobiernos descentralizados. Sin embargo, en el d\u00eda a d\u00eda corresponde a los docentes, directores, padres de familia y estudiantes buscar formas y maneras del lograr una educaci\u00f3n que tenga un m\u00ednimo de calidad y mostrar alternativas viables, para que el macrosistema educativo las incorpore en sus procesos estrat\u00e9gicos, misionales y de soporte.<\/p>\n\n\n\n<h2 class=\"wp-block-heading has-medium-font-size\"><strong>Referencias Bibliogr\u00e1ficas:<\/strong><strong><\/strong><\/h2>\n\n\n\n<p class=\"has-small-font-size\">Barber, M., &amp; Mourshed, M. (2007). C\u00f3mo hicieron los sistemas educativos con mejor desempe\u00f1o del mundo para alcanzar sus objetivos. In <em>McKinsey&amp;Company<\/em>&nbsp;(Issue 41). <a href=\"https:\/\/www.mckinsey.com\/~\/media\/mckinsey\/industries\/public and social sector\/our insights\/how the worlds best performing school systems come out on top\/como_hicieron_los_sistemas_educativos.pdf\" target=\"_blank\" rel=\"noreferrer noopener\">https:\/\/www.mckinsey.com\/~\/media\/mckinsey\/industries\/public and social sector\/our insights\/how the worlds best performing school systems come out on top\/como_hicieron_los_sistemas_educativos.pdf <\/a><\/p>\n\n\n\n<p class=\"has-small-font-size\">Chaia, A., Child, F., Dorn, E., Cadena, A., Mourshed, M., &amp; Krawitz, M. (2017). Factores que inciden en el desempe\u00f1o de los estudiantes: perspectivas de Am\u00e9rica Latina. <em>McKinsey&amp;Company<\/em>. <a href=\"https:\/\/www.mckinsey.com\/~\/media\/mckinsey\/industries\/public and social sector\/our insights\/what drives student performance in latin america\/factores-que-inciden.pdf\" target=\"_blank\" rel=\"noreferrer noopener\">https:\/\/www.mckinsey.com\/~\/media\/mckinsey\/industries\/public and social sector\/our insights\/what drives student performance in latin america\/factores-que-inciden.pdf <\/a><\/p>\n\n\n\n<p class=\"has-small-font-size\">Defensor\u00eda del Pueblo. (2023). <em>Nota de Prensa 022\/OCII\/DP\/2023 Implementaci\u00f3n de la pol\u00edtica educativa debe priorizar aprendizajes perdidos y reinserci\u00f3n de estudiantes<\/em>. Oficina de Comunicaciones e Imagen Institucional de La Defensor\u00eda Del Pueblo. <a href=\"https:\/\/www.defensoria.gob.pe\/wp-content\/uploads\/2023\/01\/NP-022-2023-Prioridades-en-pol\u00edtica-educativa.pdf\" target=\"_blank\" rel=\"noreferrer noopener\">https:\/\/www.defensoria.gob.pe\/wp-content\/uploads\/2023\/01\/NP-022-2023-Prioridades-en-pol\u00edtica-educativa.pdf<\/a><\/p>\n\n\n\n<p class=\"has-small-font-size\">Mart\u00ednez, F. (2018). Reflexiones sobre las pol\u00edticas educativas. <em>REVISTA LATINOAMERICANA Deestudioseduc RLEE<\/em>, <em>XLVIII<\/em>(2), 71\u201396. <a href=\"\/Users\/HP\/Downloads\/47-Texto del art\u00edculo-92-2-10-20210120.pdf\" target=\"_blank\" rel=\"noreferrer noopener\">file:\/\/\/C:\/Users\/HP\/Downloads\/47-Texto del art\u00edculo-92-2-10-20210120.pdf<\/a><\/p>\n\n\n\n<p class=\"has-small-font-size\">MINEDU. (2016). Plan Nacional de Educaci\u00f3n Intercultural Bilingue al 2021 &#8211; RM 629-2016. <em>Diario El Peruano<\/em>, 49. <a href=\"http:\/\/www.minedu.gob.pe\/campanias\/pdf\/eib-planes\/rm-629-2016-minedu-plan-nacional-eib.pdf\" target=\"_blank\" rel=\"noreferrer noopener\">http:\/\/www.minedu.gob.pe\/campanias\/pdf\/eib-planes\/rm-629-2016-minedu-plan-nacional-eib.pdf<\/a><\/p>\n\n\n\n<p class=\"has-small-font-size\">MINEDU. (2017). RM 153-2017-MINEDU: Plam Nacional de Infraestructura Educativa al 2025 (PNIED). In <em>Ministerio Educaci\u00f3n<\/em>&nbsp;(Primera). PRONIED. <a href=\"https:\/\/siteal.iiep.unesco.org\/sites\/default\/files\/sit_accion_files\/plan_nacional_de_infraestructura_educativa_al_2025.pdf\" target=\"_blank\" rel=\"noreferrer noopener\">https:\/\/siteal.iiep.unesco.org\/sites\/default\/files\/sit_accion_files\/plan_nacional_de_infraestructura_educativa_al_2025.pdf<\/a> <\/p>\n\n\n\n<p class=\"has-small-font-size\">MINEDU. (2019). Interacciones que promueven aprendizajes. In <em>Direcci\u00f3n General de Educaci\u00f3n B\u00e1sica Regular &#8211; Direcci\u00f3n de Educaci\u00f3n Inicial<\/em>&nbsp;(Primera). Gr\u00e1fica Navarrete S. A. f<a href=\"\/Users\/HP\/Downloads\/Interacciones que promueven aprendizajes gu\u00eda de orientaciones para la atenci\u00f3n educativa de los ni\u00f1os y ni\u00f1as de 0 a 5 a\u00f1os, educaci\u00f3n inicial (1).pdf\" target=\"_blank\" rel=\"noreferrer noopener\">ile:\/\/\/C:\/Users\/HP\/Downloads\/Interacciones que promueven aprendizajes gu\u00eda de orientaciones para la atenci\u00f3n educativa de los ni\u00f1os y ni\u00f1as de 0 a 5 a\u00f1os, educaci\u00f3n inicial (1).pdf<\/a> <\/p>\n\n\n\n<p class=\"has-small-font-size\">MINEDU. (2023a, March 9). RM 149-2023-MINEDU: modificaci\u00f3n de la norma t\u00e9cnica de la RM 474-2022-MINEDU. <em>Ministerio de Educaci\u00f3n<\/em>. <a href=\"https:\/\/www.gob.pe\/institucion\/minedu\/normas-legales\/3986550-149-2023-minedu\" target=\"_blank\" rel=\"noreferrer noopener\">https:\/\/www.gob.pe\/institucion\/minedu\/normas-legales\/3986550-149-2023-minedu<\/a><\/p>\n\n\n\n<p class=\"has-small-font-size\">MINEDU. (2023b, March 10). <em>R.M. 153-2023-MINEDU: Norma t\u00e9cnica \u201cDisposiciones para el desarrollo de las semanas de gesti\u00f3n en las instituciones educativas y programas educativos de la educaci\u00f3n b\u00e1sica.\u201d<\/em>&nbsp;29. <a href=\"https:\/\/cdn.www.gob.pe\/uploads\/document\/file\/4244506\/RM_N\u00b0_153-2023-MINEDU.pdf.pdf?v=1678546262\" target=\"_blank\" rel=\"noreferrer noopener\">https:\/\/cdn.www.gob.pe\/uploads\/document\/file\/4244506\/RM_N\u00b0_153-2023-MINEDU.pdf.pdf?v=1678546262 <\/a><\/p>\n\n\n\n<p class=\"has-small-font-size\">Redacci\u00f3n-Gesti\u00f3n. (2023, March 11). 8 regiones con avances nulos en distribuci\u00f3n de materiales educativos a colegios. <em>Diario Gesti\u00f3n<\/em>. <a href=\"https:\/\/gestion.pe\/peru\/ano-escolar-ocho-regiones-con-avances-nulos-en-distribucion-de-materiales-educativos-a-colegios-amazonas-arequipa-cusco-huancavelica-madre-de-dios-moquegua-pasco-ucayali-defensoria-del-pueblo-minedu-noticia\/\" target=\"_blank\" rel=\"noreferrer noopener\">https:\/\/gestion.pe\/peru\/ano-escolar-ocho-regiones-con-avances-nulos-en-distribucion-de-materiales-educativos-a-colegios-amazonas-arequipa-cusco-huancavelica-madre-de-dios-moquegua-pasco-ucayali-defensoria-del-pueblo-minedu-noticia\/<\/a> <\/p>\n\n\n\n<p class=\"has-small-font-size\">UNESCO. (2023). <em>Pol\u00edticas y estrategias de educaci\u00f3n: C\u00f3mo preparar los sistemas educativos del futuro<\/em>. Page Web UNESCO. <a href=\"https:\/\/www.unesco.org\/es\/education-policies\" target=\"_blank\" rel=\"noreferrer noopener\">https:\/\/www.unesco.org\/es\/education-policies <\/a><\/p>\n\n\n\n<hr class=\"wp-block-separator has-alpha-channel-opacity\"\/>\n\n\n\n<p><strong><em>Por:<\/em><\/strong><\/p>\n\n\n\n<p><strong style=\"\"><i>Sulma Maruri Meza<\/i><\/strong>, <em>Docente I.E.I. N\u00b0 125 Divino Maestro, Abancay<\/em>.<\/p>\n\n\n\n<p><em><strong>Marvin Quispe Ochoa<\/strong><\/em>, <em>Investigador del IIPE-UARM<\/em>.<\/p>\n","protected":false},"excerpt":{"rendered":"<p>Recientemente hemos dado inicio al a\u00f1o escolar 2023. Este a\u00f1o trae consigo realidades nuevas y retos que implican un tipo [&hellip;]<\/p>\n","protected":false},"author":63,"featured_media":28925,"comment_status":"open","ping_status":"closed","sticky":false,"template":"","format":"standard","meta":{"spay_email":""},"categories":[1032,908],"tags":[2652,104,2651,2649,2650],"yoast_head":"<!-- This site is optimized with the Yoast SEO plugin v18.0 - https:\/\/yoast.com\/wordpress\/plugins\/seo\/ -->\n<title>Aspectos cr\u00edticos de los servicios educativos para atenderlos a lo largo del a\u00f1o escolar: desde la experiencia educativa rural<\/title>\n<meta name=\"robots\" content=\"index, follow, max-snippet:-1, max-image-preview:large, max-video-preview:-1\" \/>\n<link rel=\"canonical\" href=\"https:\/\/www.edugestores.pe\/?p=28924\" \/>\n<meta property=\"og:locale\" content=\"es_ES\" \/>\n<meta property=\"og:type\" content=\"article\" \/>\n<meta property=\"og:title\" content=\"Aspectos cr\u00edticos de los servicios educativos para atenderlos a lo largo del a\u00f1o escolar: desde la experiencia educativa rural\" \/>\n<meta property=\"og:description\" content=\"Recientemente hemos dado inicio al a\u00f1o escolar 2023. Este a\u00f1o trae consigo realidades nuevas y retos que implican un tipo [&hellip;]\" \/>\n<meta property=\"og:url\" content=\"https:\/\/www.edugestores.pe\/?p=28924\" \/>\n<meta property=\"og:site_name\" content=\"Red Peruana de Gestores de la Educaci\u00f3n\" \/>\n<meta property=\"article:published_time\" content=\"2023-05-04T14:42:34+00:00\" \/>\n<meta property=\"article:modified_time\" content=\"2023-05-04T14:42:38+00:00\" \/>\n<meta property=\"og:image\" content=\"https:\/\/www.edugestores.pe\/wp-content\/uploads\/2023\/05\/ARTICULO-SULMA-MARVIN.jpg\" \/>\n\t<meta property=\"og:image:width\" content=\"580\" \/>\n\t<meta property=\"og:image:height\" content=\"330\" \/>\n\t<meta property=\"og:image:type\" content=\"image\/jpeg\" \/>\n<meta name=\"twitter:card\" content=\"summary_large_image\" \/>\n<meta name=\"twitter:label1\" content=\"Escrito por\" \/>\n\t<meta name=\"twitter:data1\" content=\"Administrador\" \/>\n\t<meta name=\"twitter:label2\" content=\"Tiempo de lectura\" \/>\n\t<meta name=\"twitter:data2\" content=\"11 minutos\" \/>\n<script type=\"application\/ld+json\" class=\"yoast-schema-graph\">{\"@context\":\"https:\/\/schema.org\",\"@graph\":[{\"@type\":\"WebSite\",\"@id\":\"https:\/\/www.edugestores.pe\/#website\",\"url\":\"https:\/\/www.edugestores.pe\/\",\"name\":\"Red Peruana de Gestores de la Educaci\u00f3n\",\"description\":\"Red Peruana de Gestores de la Educaci\u00f3n\",\"potentialAction\":[{\"@type\":\"SearchAction\",\"target\":{\"@type\":\"EntryPoint\",\"urlTemplate\":\"https:\/\/www.edugestores.pe\/?s={search_term_string}\"},\"query-input\":\"required name=search_term_string\"}],\"inLanguage\":\"es\"},{\"@type\":\"ImageObject\",\"@id\":\"https:\/\/www.edugestores.pe\/?p=28924#primaryimage\",\"inLanguage\":\"es\",\"url\":\"https:\/\/www.edugestores.pe\/wp-content\/uploads\/2023\/05\/ARTICULO-SULMA-MARVIN.jpg\",\"contentUrl\":\"https:\/\/www.edugestores.pe\/wp-content\/uploads\/2023\/05\/ARTICULO-SULMA-MARVIN.jpg\",\"width\":580,\"height\":330},{\"@type\":\"WebPage\",\"@id\":\"https:\/\/www.edugestores.pe\/?p=28924#webpage\",\"url\":\"https:\/\/www.edugestores.pe\/?p=28924\",\"name\":\"Aspectos cr\u00edticos de los servicios educativos para atenderlos a lo largo del a\u00f1o escolar: desde la experiencia educativa rural\",\"isPartOf\":{\"@id\":\"https:\/\/www.edugestores.pe\/#website\"},\"primaryImageOfPage\":{\"@id\":\"https:\/\/www.edugestores.pe\/?p=28924#primaryimage\"},\"datePublished\":\"2023-05-04T14:42:34+00:00\",\"dateModified\":\"2023-05-04T14:42:38+00:00\",\"author\":{\"@id\":\"https:\/\/www.edugestores.pe\/#\/schema\/person\/30dc82f35f5853289037a64b35c7c7d3\"},\"breadcrumb\":{\"@id\":\"https:\/\/www.edugestores.pe\/?p=28924#breadcrumb\"},\"inLanguage\":\"es\",\"potentialAction\":[{\"@type\":\"ReadAction\",\"target\":[\"https:\/\/www.edugestores.pe\/?p=28924\"]}]},{\"@type\":\"BreadcrumbList\",\"@id\":\"https:\/\/www.edugestores.pe\/?p=28924#breadcrumb\",\"itemListElement\":[{\"@type\":\"ListItem\",\"position\":1,\"name\":\"Portada\",\"item\":\"https:\/\/www.edugestores.pe\/\"},{\"@type\":\"ListItem\",\"position\":2,\"name\":\"Aspectos cr\u00edticos de los servicios educativos para atenderlos a lo largo del a\u00f1o escolar: desde la experiencia educativa rural\"}]},{\"@type\":\"Person\",\"@id\":\"https:\/\/www.edugestores.pe\/#\/schema\/person\/30dc82f35f5853289037a64b35c7c7d3\",\"name\":\"Administrador\",\"image\":{\"@type\":\"ImageObject\",\"@id\":\"https:\/\/www.edugestores.pe\/#personlogo\",\"inLanguage\":\"es\",\"url\":\"https:\/\/secure.gravatar.com\/avatar\/70960d1239c4d2c778bb3d2786a3c1ae?s=96&d=mm&r=g\",\"contentUrl\":\"https:\/\/secure.gravatar.com\/avatar\/70960d1239c4d2c778bb3d2786a3c1ae?s=96&d=mm&r=g\",\"caption\":\"Administrador\"},\"url\":\"https:\/\/www.edugestores.pe\/?author=63\"}]}<\/script>\n<!-- \/ Yoast SEO plugin. -->","yoast_head_json":{"title":"Aspectos cr\u00edticos de los servicios educativos para atenderlos a lo largo del a\u00f1o escolar: desde la experiencia educativa rural","robots":{"index":"index","follow":"follow","max-snippet":"max-snippet:-1","max-image-preview":"max-image-preview:large","max-video-preview":"max-video-preview:-1"},"canonical":"https:\/\/www.edugestores.pe\/?p=28924","og_locale":"es_ES","og_type":"article","og_title":"Aspectos cr\u00edticos de los servicios educativos para atenderlos a lo largo del a\u00f1o escolar: desde la experiencia educativa rural","og_description":"Recientemente hemos dado inicio al a\u00f1o escolar 2023. Este a\u00f1o trae consigo realidades nuevas y retos que implican un tipo [&hellip;]","og_url":"https:\/\/www.edugestores.pe\/?p=28924","og_site_name":"Red Peruana de Gestores de la Educaci\u00f3n","article_published_time":"2023-05-04T14:42:34+00:00","article_modified_time":"2023-05-04T14:42:38+00:00","og_image":[{"width":580,"height":330,"url":"https:\/\/www.edugestores.pe\/wp-content\/uploads\/2023\/05\/ARTICULO-SULMA-MARVIN.jpg","type":"image\/jpeg"}],"twitter_card":"summary_large_image","twitter_misc":{"Escrito por":"Administrador","Tiempo de lectura":"11 minutos"},"schema":{"@context":"https:\/\/schema.org","@graph":[{"@type":"WebSite","@id":"https:\/\/www.edugestores.pe\/#website","url":"https:\/\/www.edugestores.pe\/","name":"Red Peruana de Gestores de la Educaci\u00f3n","description":"Red Peruana de Gestores de la Educaci\u00f3n","potentialAction":[{"@type":"SearchAction","target":{"@type":"EntryPoint","urlTemplate":"https:\/\/www.edugestores.pe\/?s={search_term_string}"},"query-input":"required name=search_term_string"}],"inLanguage":"es"},{"@type":"ImageObject","@id":"https:\/\/www.edugestores.pe\/?p=28924#primaryimage","inLanguage":"es","url":"https:\/\/www.edugestores.pe\/wp-content\/uploads\/2023\/05\/ARTICULO-SULMA-MARVIN.jpg","contentUrl":"https:\/\/www.edugestores.pe\/wp-content\/uploads\/2023\/05\/ARTICULO-SULMA-MARVIN.jpg","width":580,"height":330},{"@type":"WebPage","@id":"https:\/\/www.edugestores.pe\/?p=28924#webpage","url":"https:\/\/www.edugestores.pe\/?p=28924","name":"Aspectos cr\u00edticos de los servicios educativos para atenderlos a lo largo del a\u00f1o escolar: desde la experiencia educativa rural","isPartOf":{"@id":"https:\/\/www.edugestores.pe\/#website"},"primaryImageOfPage":{"@id":"https:\/\/www.edugestores.pe\/?p=28924#primaryimage"},"datePublished":"2023-05-04T14:42:34+00:00","dateModified":"2023-05-04T14:42:38+00:00","author":{"@id":"https:\/\/www.edugestores.pe\/#\/schema\/person\/30dc82f35f5853289037a64b35c7c7d3"},"breadcrumb":{"@id":"https:\/\/www.edugestores.pe\/?p=28924#breadcrumb"},"inLanguage":"es","potentialAction":[{"@type":"ReadAction","target":["https:\/\/www.edugestores.pe\/?p=28924"]}]},{"@type":"BreadcrumbList","@id":"https:\/\/www.edugestores.pe\/?p=28924#breadcrumb","itemListElement":[{"@type":"ListItem","position":1,"name":"Portada","item":"https:\/\/www.edugestores.pe\/"},{"@type":"ListItem","position":2,"name":"Aspectos cr\u00edticos de los servicios educativos para atenderlos a lo largo del a\u00f1o escolar: desde la experiencia educativa rural"}]},{"@type":"Person","@id":"https:\/\/www.edugestores.pe\/#\/schema\/person\/30dc82f35f5853289037a64b35c7c7d3","name":"Administrador","image":{"@type":"ImageObject","@id":"https:\/\/www.edugestores.pe\/#personlogo","inLanguage":"es","url":"https:\/\/secure.gravatar.com\/avatar\/70960d1239c4d2c778bb3d2786a3c1ae?s=96&d=mm&r=g","contentUrl":"https:\/\/secure.gravatar.com\/avatar\/70960d1239c4d2c778bb3d2786a3c1ae?s=96&d=mm&r=g","caption":"Administrador"},"url":"https:\/\/www.edugestores.pe\/?author=63"}]}},"jetpack_featured_media_url":"https:\/\/www.edugestores.pe\/wp-content\/uploads\/2023\/05\/ARTICULO-SULMA-MARVIN.jpg","_links":{"self":[{"href":"https:\/\/www.edugestores.pe\/index.php?rest_route=\/wp\/v2\/posts\/28924"}],"collection":[{"href":"https:\/\/www.edugestores.pe\/index.php?rest_route=\/wp\/v2\/posts"}],"about":[{"href":"https:\/\/www.edugestores.pe\/index.php?rest_route=\/wp\/v2\/types\/post"}],"author":[{"embeddable":true,"href":"https:\/\/www.edugestores.pe\/index.php?rest_route=\/wp\/v2\/users\/63"}],"replies":[{"embeddable":true,"href":"https:\/\/www.edugestores.pe\/index.php?rest_route=%2Fwp%2Fv2%2Fcomments&post=28924"}],"version-history":[{"count":10,"href":"https:\/\/www.edugestores.pe\/index.php?rest_route=\/wp\/v2\/posts\/28924\/revisions"}],"predecessor-version":[{"id":28935,"href":"https:\/\/www.edugestores.pe\/index.php?rest_route=\/wp\/v2\/posts\/28924\/revisions\/28935"}],"wp:featuredmedia":[{"embeddable":true,"href":"https:\/\/www.edugestores.pe\/index.php?rest_route=\/wp\/v2\/media\/28925"}],"wp:attachment":[{"href":"https:\/\/www.edugestores.pe\/index.php?rest_route=%2Fwp%2Fv2%2Fmedia&parent=28924"}],"wp:term":[{"taxonomy":"category","embeddable":true,"href":"https:\/\/www.edugestores.pe\/index.php?rest_route=%2Fwp%2Fv2%2Fcategories&post=28924"},{"taxonomy":"post_tag","embeddable":true,"href":"https:\/\/www.edugestores.pe\/index.php?rest_route=%2Fwp%2Fv2%2Ftags&post=28924"}],"curies":[{"name":"wp","href":"https:\/\/api.w.org\/{rel}","templated":true}]}}