{"id":28976,"date":"2023-07-24T09:18:06","date_gmt":"2023-07-24T14:18:06","guid":{"rendered":"https:\/\/www.edugestores.pe\/?p=28976"},"modified":"2023-07-24T09:22:17","modified_gmt":"2023-07-24T14:22:17","slug":"fondep-pone-a-disposicion-la-memoria-del-i-congreso-de-innovacion-educativa-2022","status":"publish","type":"post","link":"https:\/\/www.edugestores.pe\/?p=28976","title":{"rendered":"FONDEP pone a disposici\u00f3n la memoria del I Congreso de Innovaci\u00f3n Educativa 2022"},"content":{"rendered":"\n<p>El Fondo Nacional de Desarrollo de la Educaci\u00f3n Peruana (FONDEP) pone a disposici\u00f3n del p\u00fablico en general la memoria del&nbsp;<strong>I Congreso de Innovaci\u00f3n Educativa \u201cInnovar para transformar\u201d \u2013 CIE FONDEP<\/strong>, realizado los d\u00edas 28, 29, 30 de noviembre y 01 de diciembre del 2022.<\/p>\n\n\n\n<p>Durante tres d\u00edas, el congreso se convirti\u00f3 en un espacio de reflexi\u00f3n, an\u00e1lisis e intercambio de experiencias de innovaci\u00f3n, investigaci\u00f3n y gesti\u00f3n territorial, con la participaci\u00f3n de diversos actores p\u00fablicos y privados. El objetivo era contribuir a la superaci\u00f3n de brechas educativas mediante el uso de pr\u00e1cticas innovadoras.<\/p>\n\n\n\n<blockquote class=\"wp-block-quote\">\n<p>\u201cEsta\u00a0<a href=\"https:\/\/acortar.link\/Uit2wB\" target=\"_blank\" rel=\"noreferrer noopener\">Memoria<\/a>\u00a0constituye una fuente acad\u00e9mica confiable debido a la variedad de conocimientos respecto a las l\u00edneas tem\u00e1ticas que se desarrollaron, y puede ser utilizado como antecedente para futuras investigaciones en el \u00e1mbito de la innovaci\u00f3n educativa\u201d, explic\u00f3 el presidente del FONDEP, Alindor Baz\u00e1n Hern\u00e1ndez.<\/p>\n<\/blockquote>\n\n\n\n<p>Asimismo, dijo que con este documento recopilatorio se busca formular o validar metodolog\u00edas, analizar retos y perspectivas actuales, as\u00ed como fomentar informaci\u00f3n basada en la experiencia y conocimiento de los profesionales.<\/p>\n\n\n\n<p>El Congreso cont\u00f3 con la presencia de reconocidos conferencistas nacionales expertos en el \u00e1rea de la educaci\u00f3n, quienes dialogaron sobre tres l\u00edneas tem\u00e1ticas: La formaci\u00f3n docente y la investigaci\u00f3n para la innovaci\u00f3n. Las metodolog\u00edas alternativas para la innovaci\u00f3n desde el territorio. Y sobre el financiamiento y la gesti\u00f3n de la innovaci\u00f3n educativa en el Per\u00fa.<\/p>\n\n\n\n<p>Para el FONDEP, este congreso representa una etapa m\u00e1s en la ruta de la innovaci\u00f3n educativa a trav\u00e9s de la creaci\u00f3n de espacios de reflexi\u00f3n-acci\u00f3n que promuevan el di\u00e1logo, el intercambio de conocimiento y experiencias, as\u00ed como la presentaci\u00f3n de propuestas de innovaci\u00f3n educativa en el contexto nacional peruano.<\/p>\n\n\n\n<p class=\"has-text-align-center has-medium-font-size\">Accede al documento\u00a0<strong><a href=\"https:\/\/acortar.link\/Uit2wB\" target=\"_blank\" rel=\"noreferrer noopener\">aqu\u00ed<\/a><\/strong>.<\/p>\n\n\n\n<hr class=\"wp-block-separator has-alpha-channel-opacity\"\/>\n\n\n\n<p><em>Fuente: <a href=\"https:\/\/www.fondep.gob.pe\/fondep-pone-a-disposicion-la-memoria-del-i-congreso-de-innovacion-educativa-2022\/?fbclid=IwAR0RLoWKVQAWQLWg2uQsGlEjrauJib2K7RsFGUdXEDKYyCPHThmEBFBODDM\" target=\"_blank\" rel=\"noreferrer noopener\">fondep<\/a><\/em><\/p>\n","protected":false},"excerpt":{"rendered":"<p>El Fondo Nacional de Desarrollo de la Educaci\u00f3n Peruana (FONDEP) pone a disposici\u00f3n del p\u00fablico en general la memoria del&nbsp;I [&hellip;]<\/p>\n","protected":false},"author":63,"featured_media":28977,"comment_status":"open","ping_status":"closed","sticky":false,"template":"","format":"standard","meta":{"spay_email":""},"categories":[125],"tags":[],"yoast_head":"<!-- This site is optimized with the Yoast SEO plugin v18.0 - https:\/\/yoast.com\/wordpress\/plugins\/seo\/ -->\n<title>FONDEP pone a disposici\u00f3n la memoria del I Congreso de Innovaci\u00f3n Educativa 2022<\/title>\n<meta name=\"robots\" content=\"index, follow, max-snippet:-1, max-image-preview:large, max-video-preview:-1\" \/>\n<link rel=\"canonical\" href=\"https:\/\/www.edugestores.pe\/?p=28976\" \/>\n<meta property=\"og:locale\" content=\"es_ES\" \/>\n<meta property=\"og:type\" content=\"article\" \/>\n<meta property=\"og:title\" content=\"FONDEP pone a disposici\u00f3n la memoria del I Congreso de Innovaci\u00f3n Educativa 2022\" \/>\n<meta property=\"og:description\" content=\"El Fondo Nacional de Desarrollo de la Educaci\u00f3n Peruana (FONDEP) pone a disposici\u00f3n del p\u00fablico en general la memoria del&nbsp;I [&hellip;]\" \/>\n<meta property=\"og:url\" content=\"https:\/\/www.edugestores.pe\/?p=28976\" \/>\n<meta property=\"og:site_name\" content=\"Red Peruana de Gestores de la Educaci\u00f3n\" \/>\n<meta property=\"article:published_time\" content=\"2023-07-24T14:18:06+00:00\" \/>\n<meta property=\"article:modified_time\" content=\"2023-07-24T14:22:17+00:00\" \/>\n<meta property=\"og:image\" content=\"https:\/\/www.edugestores.pe\/wp-content\/uploads\/2023\/07\/DESTACADA-CREDITO-FONDEP.png\" \/>\n\t<meta property=\"og:image:width\" content=\"580\" \/>\n\t<meta property=\"og:image:height\" content=\"330\" \/>\n\t<meta property=\"og:image:type\" content=\"image\/png\" \/>\n<meta name=\"twitter:card\" content=\"summary_large_image\" \/>\n<meta name=\"twitter:label1\" content=\"Escrito por\" \/>\n\t<meta name=\"twitter:data1\" content=\"Administrador\" \/>\n\t<meta name=\"twitter:label2\" content=\"Tiempo de lectura\" \/>\n\t<meta name=\"twitter:data2\" content=\"2 minutos\" \/>\n<script type=\"application\/ld+json\" class=\"yoast-schema-graph\">{\"@context\":\"https:\/\/schema.org\",\"@graph\":[{\"@type\":\"WebSite\",\"@id\":\"https:\/\/www.edugestores.pe\/#website\",\"url\":\"https:\/\/www.edugestores.pe\/\",\"name\":\"Red Peruana de Gestores de la Educaci\u00f3n\",\"description\":\"Red Peruana de Gestores de la Educaci\u00f3n\",\"potentialAction\":[{\"@type\":\"SearchAction\",\"target\":{\"@type\":\"EntryPoint\",\"urlTemplate\":\"https:\/\/www.edugestores.pe\/?s={search_term_string}\"},\"query-input\":\"required name=search_term_string\"}],\"inLanguage\":\"es\"},{\"@type\":\"ImageObject\",\"@id\":\"https:\/\/www.edugestores.pe\/?p=28976#primaryimage\",\"inLanguage\":\"es\",\"url\":\"https:\/\/www.edugestores.pe\/wp-content\/uploads\/2023\/07\/DESTACADA-CREDITO-FONDEP.png\",\"contentUrl\":\"https:\/\/www.edugestores.pe\/wp-content\/uploads\/2023\/07\/DESTACADA-CREDITO-FONDEP.png\",\"width\":580,\"height\":330},{\"@type\":\"WebPage\",\"@id\":\"https:\/\/www.edugestores.pe\/?p=28976#webpage\",\"url\":\"https:\/\/www.edugestores.pe\/?p=28976\",\"name\":\"FONDEP pone a disposici\u00f3n la memoria del I Congreso de Innovaci\u00f3n Educativa 2022\",\"isPartOf\":{\"@id\":\"https:\/\/www.edugestores.pe\/#website\"},\"primaryImageOfPage\":{\"@id\":\"https:\/\/www.edugestores.pe\/?p=28976#primaryimage\"},\"datePublished\":\"2023-07-24T14:18:06+00:00\",\"dateModified\":\"2023-07-24T14:22:17+00:00\",\"author\":{\"@id\":\"https:\/\/www.edugestores.pe\/#\/schema\/person\/30dc82f35f5853289037a64b35c7c7d3\"},\"breadcrumb\":{\"@id\":\"https:\/\/www.edugestores.pe\/?p=28976#breadcrumb\"},\"inLanguage\":\"es\",\"potentialAction\":[{\"@type\":\"ReadAction\",\"target\":[\"https:\/\/www.edugestores.pe\/?p=28976\"]}]},{\"@type\":\"BreadcrumbList\",\"@id\":\"https:\/\/www.edugestores.pe\/?p=28976#breadcrumb\",\"itemListElement\":[{\"@type\":\"ListItem\",\"position\":1,\"name\":\"Portada\",\"item\":\"https:\/\/www.edugestores.pe\/\"},{\"@type\":\"ListItem\",\"position\":2,\"name\":\"FONDEP pone a disposici\u00f3n la memoria del I Congreso de Innovaci\u00f3n Educativa 2022\"}]},{\"@type\":\"Person\",\"@id\":\"https:\/\/www.edugestores.pe\/#\/schema\/person\/30dc82f35f5853289037a64b35c7c7d3\",\"name\":\"Administrador\",\"image\":{\"@type\":\"ImageObject\",\"@id\":\"https:\/\/www.edugestores.pe\/#personlogo\",\"inLanguage\":\"es\",\"url\":\"https:\/\/secure.gravatar.com\/avatar\/70960d1239c4d2c778bb3d2786a3c1ae?s=96&d=mm&r=g\",\"contentUrl\":\"https:\/\/secure.gravatar.com\/avatar\/70960d1239c4d2c778bb3d2786a3c1ae?s=96&d=mm&r=g\",\"caption\":\"Administrador\"},\"url\":\"https:\/\/www.edugestores.pe\/?author=63\"}]}<\/script>\n<!-- \/ Yoast SEO plugin. -->","yoast_head_json":{"title":"FONDEP pone a disposici\u00f3n la memoria del I Congreso de Innovaci\u00f3n Educativa 2022","robots":{"index":"index","follow":"follow","max-snippet":"max-snippet:-1","max-image-preview":"max-image-preview:large","max-video-preview":"max-video-preview:-1"},"canonical":"https:\/\/www.edugestores.pe\/?p=28976","og_locale":"es_ES","og_type":"article","og_title":"FONDEP pone a disposici\u00f3n la memoria del I Congreso de Innovaci\u00f3n Educativa 2022","og_description":"El Fondo Nacional de Desarrollo de la Educaci\u00f3n Peruana (FONDEP) pone a disposici\u00f3n del p\u00fablico en general la memoria del&nbsp;I [&hellip;]","og_url":"https:\/\/www.edugestores.pe\/?p=28976","og_site_name":"Red Peruana de Gestores de la Educaci\u00f3n","article_published_time":"2023-07-24T14:18:06+00:00","article_modified_time":"2023-07-24T14:22:17+00:00","og_image":[{"width":580,"height":330,"url":"https:\/\/www.edugestores.pe\/wp-content\/uploads\/2023\/07\/DESTACADA-CREDITO-FONDEP.png","type":"image\/png"}],"twitter_card":"summary_large_image","twitter_misc":{"Escrito por":"Administrador","Tiempo de lectura":"2 minutos"},"schema":{"@context":"https:\/\/schema.org","@graph":[{"@type":"WebSite","@id":"https:\/\/www.edugestores.pe\/#website","url":"https:\/\/www.edugestores.pe\/","name":"Red Peruana de Gestores de la Educaci\u00f3n","description":"Red Peruana de Gestores de la Educaci\u00f3n","potentialAction":[{"@type":"SearchAction","target":{"@type":"EntryPoint","urlTemplate":"https:\/\/www.edugestores.pe\/?s={search_term_string}"},"query-input":"required name=search_term_string"}],"inLanguage":"es"},{"@type":"ImageObject","@id":"https:\/\/www.edugestores.pe\/?p=28976#primaryimage","inLanguage":"es","url":"https:\/\/www.edugestores.pe\/wp-content\/uploads\/2023\/07\/DESTACADA-CREDITO-FONDEP.png","contentUrl":"https:\/\/www.edugestores.pe\/wp-content\/uploads\/2023\/07\/DESTACADA-CREDITO-FONDEP.png","width":580,"height":330},{"@type":"WebPage","@id":"https:\/\/www.edugestores.pe\/?p=28976#webpage","url":"https:\/\/www.edugestores.pe\/?p=28976","name":"FONDEP pone a disposici\u00f3n la memoria del I Congreso de Innovaci\u00f3n Educativa 2022","isPartOf":{"@id":"https:\/\/www.edugestores.pe\/#website"},"primaryImageOfPage":{"@id":"https:\/\/www.edugestores.pe\/?p=28976#primaryimage"},"datePublished":"2023-07-24T14:18:06+00:00","dateModified":"2023-07-24T14:22:17+00:00","author":{"@id":"https:\/\/www.edugestores.pe\/#\/schema\/person\/30dc82f35f5853289037a64b35c7c7d3"},"breadcrumb":{"@id":"https:\/\/www.edugestores.pe\/?p=28976#breadcrumb"},"inLanguage":"es","potentialAction":[{"@type":"ReadAction","target":["https:\/\/www.edugestores.pe\/?p=28976"]}]},{"@type":"BreadcrumbList","@id":"https:\/\/www.edugestores.pe\/?p=28976#breadcrumb","itemListElement":[{"@type":"ListItem","position":1,"name":"Portada","item":"https:\/\/www.edugestores.pe\/"},{"@type":"ListItem","position":2,"name":"FONDEP pone a disposici\u00f3n la memoria del I Congreso de Innovaci\u00f3n Educativa 2022"}]},{"@type":"Person","@id":"https:\/\/www.edugestores.pe\/#\/schema\/person\/30dc82f35f5853289037a64b35c7c7d3","name":"Administrador","image":{"@type":"ImageObject","@id":"https:\/\/www.edugestores.pe\/#personlogo","inLanguage":"es","url":"https:\/\/secure.gravatar.com\/avatar\/70960d1239c4d2c778bb3d2786a3c1ae?s=96&d=mm&r=g","contentUrl":"https:\/\/secure.gravatar.com\/avatar\/70960d1239c4d2c778bb3d2786a3c1ae?s=96&d=mm&r=g","caption":"Administrador"},"url":"https:\/\/www.edugestores.pe\/?author=63"}]}},"jetpack_featured_media_url":"https:\/\/www.edugestores.pe\/wp-content\/uploads\/2023\/07\/DESTACADA-CREDITO-FONDEP.png","_links":{"self":[{"href":"https:\/\/www.edugestores.pe\/index.php?rest_route=\/wp\/v2\/posts\/28976"}],"collection":[{"href":"https:\/\/www.edugestores.pe\/index.php?rest_route=\/wp\/v2\/posts"}],"about":[{"href":"https:\/\/www.edugestores.pe\/index.php?rest_route=\/wp\/v2\/types\/post"}],"author":[{"embeddable":true,"href":"https:\/\/www.edugestores.pe\/index.php?rest_route=\/wp\/v2\/users\/63"}],"replies":[{"embeddable":true,"href":"https:\/\/www.edugestores.pe\/index.php?rest_route=%2Fwp%2Fv2%2Fcomments&post=28976"}],"version-history":[{"count":1,"href":"https:\/\/www.edugestores.pe\/index.php?rest_route=\/wp\/v2\/posts\/28976\/revisions"}],"predecessor-version":[{"id":28978,"href":"https:\/\/www.edugestores.pe\/index.php?rest_route=\/wp\/v2\/posts\/28976\/revisions\/28978"}],"wp:featuredmedia":[{"embeddable":true,"href":"https:\/\/www.edugestores.pe\/index.php?rest_route=\/wp\/v2\/media\/28977"}],"wp:attachment":[{"href":"https:\/\/www.edugestores.pe\/index.php?rest_route=%2Fwp%2Fv2%2Fmedia&parent=28976"}],"wp:term":[{"taxonomy":"category","embeddable":true,"href":"https:\/\/www.edugestores.pe\/index.php?rest_route=%2Fwp%2Fv2%2Fcategories&post=28976"},{"taxonomy":"post_tag","embeddable":true,"href":"https:\/\/www.edugestores.pe\/index.php?rest_route=%2Fwp%2Fv2%2Ftags&post=28976"}],"curies":[{"name":"wp","href":"https:\/\/api.w.org\/{rel}","templated":true}]}}