{"id":8842,"date":"2015-11-16T16:41:57","date_gmt":"2015-11-16T21:41:57","guid":{"rendered":"https:\/\/www.edugestores.pe\/?p=8842"},"modified":"2015-11-23T15:23:30","modified_gmt":"2015-11-23T20:23:30","slug":"asamblea-nacional-de-gobiernos-regionales-y-consejo-nacional-de-educacion-suscriben-acuerdo-para-fortalecer-la-gestion-descentralizada-en-educacion","status":"publish","type":"post","link":"https:\/\/www.edugestores.pe\/?p=8842","title":{"rendered":"Asamblea Nacional de Gobiernos Regionales y CNE suscriben acuerdo para fortalecer la gesti\u00f3n descentralizada en educaci\u00f3n"},"content":{"rendered":"<p>El d\u00eda de hoy, 16 de noviembre Hugo D\u00edaz, Presidente del Consejo Nacional de Educaci\u00f3n entreg\u00f3 a la Asamblea Nacional de Gobiernos Regionales las<strong> \u201cPrioridades Educativas Regionales 2015-2018\u201d<\/strong> resultado del trabajo del CNE con los gobiernos regionales, las que se aprobaron en el X Encuentro Nacional CNE-Regiones.<\/p>\n<p>En reuni\u00f3n sostenida entre los Consejos Directivos de ambas instituciones el Presidente de la ANGR y gobernador de Lima-Regi\u00f3n Nelson Chui convino en la importancia de firmar una declaraci\u00f3n de los Gobernadores Regionales por una educaci\u00f3n con equidad, calidad e inclusi\u00f3n en el marco del Proyecto Educativo Nacional. Su texto ser\u00e1 trabajado con los gobernadores regionales as\u00ed como las Gerencias de Desarrollo Social y Direcciones Regionales de Educaci\u00f3n para que pueda ser suscrita a fin de mes. Esta declaraci\u00f3n y la agenda de prioridades 2015-2020 ser\u00e1n la base para promover un di\u00e1logo conjunto en el pr\u00f3ximo proceso electoral nacional.<\/p>\n","protected":false},"excerpt":{"rendered":"<p>El d\u00eda de hoy, 16 de noviembre Hugo D\u00edaz, Presidente del Consejo Nacional de Educaci\u00f3n entreg\u00f3 a la Asamblea Nacional [&hellip;]<\/p>\n","protected":false},"author":63,"featured_media":8843,"comment_status":"open","ping_status":"open","sticky":false,"template":"","format":"standard","meta":{"spay_email":""},"categories":[125],"tags":[158,156,157],"yoast_head":"<!-- This site is optimized with the Yoast SEO plugin v18.0 - https:\/\/yoast.com\/wordpress\/plugins\/seo\/ -->\n<title>Asamblea Nacional de Gobiernos Regionales y CNE suscriben acuerdo para fortalecer la gesti\u00f3n descentralizada en educaci\u00f3n - Red Peruana de Gestores de la Educaci\u00f3n<\/title>\n<meta name=\"robots\" content=\"index, follow, max-snippet:-1, max-image-preview:large, max-video-preview:-1\" \/>\n<link rel=\"canonical\" href=\"https:\/\/www.edugestores.pe\/?p=8842\" \/>\n<meta property=\"og:locale\" content=\"es_ES\" \/>\n<meta property=\"og:type\" content=\"article\" \/>\n<meta property=\"og:title\" content=\"Asamblea Nacional de Gobiernos Regionales y CNE suscriben acuerdo para fortalecer la gesti\u00f3n descentralizada en educaci\u00f3n - Red Peruana de Gestores de la Educaci\u00f3n\" \/>\n<meta property=\"og:description\" content=\"El d\u00eda de hoy, 16 de noviembre Hugo D\u00edaz, Presidente del Consejo Nacional de Educaci\u00f3n entreg\u00f3 a la Asamblea Nacional [&hellip;]\" \/>\n<meta property=\"og:url\" content=\"https:\/\/www.edugestores.pe\/?p=8842\" \/>\n<meta property=\"og:site_name\" content=\"Red Peruana de Gestores de la Educaci\u00f3n\" \/>\n<meta property=\"article:published_time\" content=\"2015-11-16T21:41:57+00:00\" \/>\n<meta property=\"article:modified_time\" content=\"2015-11-23T20:23:30+00:00\" \/>\n<meta property=\"og:image\" content=\"https:\/\/www.edugestores.pe\/wp-content\/uploads\/2015\/11\/foto-convenio-ANGR-CNE.jpg\" \/>\n\t<meta property=\"og:image:width\" content=\"2048\" \/>\n\t<meta property=\"og:image:height\" content=\"975\" \/>\n\t<meta property=\"og:image:type\" content=\"image\/jpeg\" \/>\n<meta name=\"twitter:card\" content=\"summary_large_image\" \/>\n<meta name=\"twitter:label1\" content=\"Escrito por\" \/>\n\t<meta name=\"twitter:data1\" content=\"Administrador\" \/>\n\t<meta name=\"twitter:label2\" content=\"Tiempo de lectura\" \/>\n\t<meta name=\"twitter:data2\" content=\"1 minuto\" \/>\n<script type=\"application\/ld+json\" class=\"yoast-schema-graph\">{\"@context\":\"https:\/\/schema.org\",\"@graph\":[{\"@type\":\"WebSite\",\"@id\":\"https:\/\/www.edugestores.pe\/#website\",\"url\":\"https:\/\/www.edugestores.pe\/\",\"name\":\"Red Peruana de Gestores de la Educaci\u00f3n\",\"description\":\"Red Peruana de Gestores de la Educaci\u00f3n\",\"potentialAction\":[{\"@type\":\"SearchAction\",\"target\":{\"@type\":\"EntryPoint\",\"urlTemplate\":\"https:\/\/www.edugestores.pe\/?s={search_term_string}\"},\"query-input\":\"required name=search_term_string\"}],\"inLanguage\":\"es\"},{\"@type\":\"ImageObject\",\"@id\":\"https:\/\/www.edugestores.pe\/?p=8842#primaryimage\",\"inLanguage\":\"es\",\"url\":\"https:\/\/www.edugestores.pe\/wp-content\/uploads\/2015\/11\/foto-convenio-ANGR-CNE.jpg\",\"contentUrl\":\"https:\/\/www.edugestores.pe\/wp-content\/uploads\/2015\/11\/foto-convenio-ANGR-CNE.jpg\",\"width\":2048,\"height\":975},{\"@type\":\"WebPage\",\"@id\":\"https:\/\/www.edugestores.pe\/?p=8842#webpage\",\"url\":\"https:\/\/www.edugestores.pe\/?p=8842\",\"name\":\"Asamblea Nacional de Gobiernos Regionales y CNE suscriben acuerdo para fortalecer la gesti\u00f3n descentralizada en educaci\u00f3n - Red Peruana de Gestores de la Educaci\u00f3n\",\"isPartOf\":{\"@id\":\"https:\/\/www.edugestores.pe\/#website\"},\"primaryImageOfPage\":{\"@id\":\"https:\/\/www.edugestores.pe\/?p=8842#primaryimage\"},\"datePublished\":\"2015-11-16T21:41:57+00:00\",\"dateModified\":\"2015-11-23T20:23:30+00:00\",\"author\":{\"@id\":\"https:\/\/www.edugestores.pe\/#\/schema\/person\/30dc82f35f5853289037a64b35c7c7d3\"},\"breadcrumb\":{\"@id\":\"https:\/\/www.edugestores.pe\/?p=8842#breadcrumb\"},\"inLanguage\":\"es\",\"potentialAction\":[{\"@type\":\"ReadAction\",\"target\":[\"https:\/\/www.edugestores.pe\/?p=8842\"]}]},{\"@type\":\"BreadcrumbList\",\"@id\":\"https:\/\/www.edugestores.pe\/?p=8842#breadcrumb\",\"itemListElement\":[{\"@type\":\"ListItem\",\"position\":1,\"name\":\"Portada\",\"item\":\"https:\/\/www.edugestores.pe\/\"},{\"@type\":\"ListItem\",\"position\":2,\"name\":\"Asamblea Nacional de Gobiernos Regionales y CNE suscriben acuerdo para fortalecer la gesti\u00f3n descentralizada en educaci\u00f3n\"}]},{\"@type\":\"Person\",\"@id\":\"https:\/\/www.edugestores.pe\/#\/schema\/person\/30dc82f35f5853289037a64b35c7c7d3\",\"name\":\"Administrador\",\"image\":{\"@type\":\"ImageObject\",\"@id\":\"https:\/\/www.edugestores.pe\/#personlogo\",\"inLanguage\":\"es\",\"url\":\"https:\/\/secure.gravatar.com\/avatar\/70960d1239c4d2c778bb3d2786a3c1ae?s=96&d=mm&r=g\",\"contentUrl\":\"https:\/\/secure.gravatar.com\/avatar\/70960d1239c4d2c778bb3d2786a3c1ae?s=96&d=mm&r=g\",\"caption\":\"Administrador\"},\"url\":\"https:\/\/www.edugestores.pe\/?author=63\"}]}<\/script>\n<!-- \/ Yoast SEO plugin. -->","yoast_head_json":{"title":"Asamblea Nacional de Gobiernos Regionales y CNE suscriben acuerdo para fortalecer la gesti\u00f3n descentralizada en educaci\u00f3n - Red Peruana de Gestores de la Educaci\u00f3n","robots":{"index":"index","follow":"follow","max-snippet":"max-snippet:-1","max-image-preview":"max-image-preview:large","max-video-preview":"max-video-preview:-1"},"canonical":"https:\/\/www.edugestores.pe\/?p=8842","og_locale":"es_ES","og_type":"article","og_title":"Asamblea Nacional de Gobiernos Regionales y CNE suscriben acuerdo para fortalecer la gesti\u00f3n descentralizada en educaci\u00f3n - Red Peruana de Gestores de la Educaci\u00f3n","og_description":"El d\u00eda de hoy, 16 de noviembre Hugo D\u00edaz, Presidente del Consejo Nacional de Educaci\u00f3n entreg\u00f3 a la Asamblea Nacional [&hellip;]","og_url":"https:\/\/www.edugestores.pe\/?p=8842","og_site_name":"Red Peruana de Gestores de la Educaci\u00f3n","article_published_time":"2015-11-16T21:41:57+00:00","article_modified_time":"2015-11-23T20:23:30+00:00","og_image":[{"width":2048,"height":975,"url":"https:\/\/www.edugestores.pe\/wp-content\/uploads\/2015\/11\/foto-convenio-ANGR-CNE.jpg","type":"image\/jpeg"}],"twitter_card":"summary_large_image","twitter_misc":{"Escrito por":"Administrador","Tiempo de lectura":"1 minuto"},"schema":{"@context":"https:\/\/schema.org","@graph":[{"@type":"WebSite","@id":"https:\/\/www.edugestores.pe\/#website","url":"https:\/\/www.edugestores.pe\/","name":"Red Peruana de Gestores de la Educaci\u00f3n","description":"Red Peruana de Gestores de la Educaci\u00f3n","potentialAction":[{"@type":"SearchAction","target":{"@type":"EntryPoint","urlTemplate":"https:\/\/www.edugestores.pe\/?s={search_term_string}"},"query-input":"required name=search_term_string"}],"inLanguage":"es"},{"@type":"ImageObject","@id":"https:\/\/www.edugestores.pe\/?p=8842#primaryimage","inLanguage":"es","url":"https:\/\/www.edugestores.pe\/wp-content\/uploads\/2015\/11\/foto-convenio-ANGR-CNE.jpg","contentUrl":"https:\/\/www.edugestores.pe\/wp-content\/uploads\/2015\/11\/foto-convenio-ANGR-CNE.jpg","width":2048,"height":975},{"@type":"WebPage","@id":"https:\/\/www.edugestores.pe\/?p=8842#webpage","url":"https:\/\/www.edugestores.pe\/?p=8842","name":"Asamblea Nacional de Gobiernos Regionales y CNE suscriben acuerdo para fortalecer la gesti\u00f3n descentralizada en educaci\u00f3n - Red Peruana de Gestores de la Educaci\u00f3n","isPartOf":{"@id":"https:\/\/www.edugestores.pe\/#website"},"primaryImageOfPage":{"@id":"https:\/\/www.edugestores.pe\/?p=8842#primaryimage"},"datePublished":"2015-11-16T21:41:57+00:00","dateModified":"2015-11-23T20:23:30+00:00","author":{"@id":"https:\/\/www.edugestores.pe\/#\/schema\/person\/30dc82f35f5853289037a64b35c7c7d3"},"breadcrumb":{"@id":"https:\/\/www.edugestores.pe\/?p=8842#breadcrumb"},"inLanguage":"es","potentialAction":[{"@type":"ReadAction","target":["https:\/\/www.edugestores.pe\/?p=8842"]}]},{"@type":"BreadcrumbList","@id":"https:\/\/www.edugestores.pe\/?p=8842#breadcrumb","itemListElement":[{"@type":"ListItem","position":1,"name":"Portada","item":"https:\/\/www.edugestores.pe\/"},{"@type":"ListItem","position":2,"name":"Asamblea Nacional de Gobiernos Regionales y CNE suscriben acuerdo para fortalecer la gesti\u00f3n descentralizada en educaci\u00f3n"}]},{"@type":"Person","@id":"https:\/\/www.edugestores.pe\/#\/schema\/person\/30dc82f35f5853289037a64b35c7c7d3","name":"Administrador","image":{"@type":"ImageObject","@id":"https:\/\/www.edugestores.pe\/#personlogo","inLanguage":"es","url":"https:\/\/secure.gravatar.com\/avatar\/70960d1239c4d2c778bb3d2786a3c1ae?s=96&d=mm&r=g","contentUrl":"https:\/\/secure.gravatar.com\/avatar\/70960d1239c4d2c778bb3d2786a3c1ae?s=96&d=mm&r=g","caption":"Administrador"},"url":"https:\/\/www.edugestores.pe\/?author=63"}]}},"jetpack_featured_media_url":"https:\/\/www.edugestores.pe\/wp-content\/uploads\/2015\/11\/foto-convenio-ANGR-CNE.jpg","_links":{"self":[{"href":"https:\/\/www.edugestores.pe\/index.php?rest_route=\/wp\/v2\/posts\/8842"}],"collection":[{"href":"https:\/\/www.edugestores.pe\/index.php?rest_route=\/wp\/v2\/posts"}],"about":[{"href":"https:\/\/www.edugestores.pe\/index.php?rest_route=\/wp\/v2\/types\/post"}],"author":[{"embeddable":true,"href":"https:\/\/www.edugestores.pe\/index.php?rest_route=\/wp\/v2\/users\/63"}],"replies":[{"embeddable":true,"href":"https:\/\/www.edugestores.pe\/index.php?rest_route=%2Fwp%2Fv2%2Fcomments&post=8842"}],"version-history":[{"count":3,"href":"https:\/\/www.edugestores.pe\/index.php?rest_route=\/wp\/v2\/posts\/8842\/revisions"}],"predecessor-version":[{"id":8846,"href":"https:\/\/www.edugestores.pe\/index.php?rest_route=\/wp\/v2\/posts\/8842\/revisions\/8846"}],"wp:featuredmedia":[{"embeddable":true,"href":"https:\/\/www.edugestores.pe\/index.php?rest_route=\/wp\/v2\/media\/8843"}],"wp:attachment":[{"href":"https:\/\/www.edugestores.pe\/index.php?rest_route=%2Fwp%2Fv2%2Fmedia&parent=8842"}],"wp:term":[{"taxonomy":"category","embeddable":true,"href":"https:\/\/www.edugestores.pe\/index.php?rest_route=%2Fwp%2Fv2%2Fcategories&post=8842"},{"taxonomy":"post_tag","embeddable":true,"href":"https:\/\/www.edugestores.pe\/index.php?rest_route=%2Fwp%2Fv2%2Ftags&post=8842"}],"curies":[{"name":"wp","href":"https:\/\/api.w.org\/{rel}","templated":true}]}}